{"id":102487,"date":"2016-11-23T16:15:14","date_gmt":"2016-11-23T19:15:14","guid":{"rendered":"http:\/\/aconteceunovale.com.br\/portal\/?p=102487"},"modified":"2026-09-02T12:51:19","modified_gmt":"2026-09-02T15:51:19","slug":"comunidades-rurais-protestam-contra-medida-da-secretaria-municipal-de-educacao-de-diamantina-2","status":"publish","type":"post","link":"https:\/\/aconteceunovale.com.br\/portal\/?p=102487","title":{"rendered":"Comunidades rurais protestam contra medida da Secretaria Municipal de Educa\u00e7\u00e3o de Diamantina"},"content":{"rendered":"<h4><strong><em>Manifestantes exigem revis\u00e3o da medida que retira o ensino do 6\u00b0 ao 9\u00b0 ano nos distritos de Maria Nunes, Mendanha e Sopa.<\/em><\/strong><\/h4>\n<p>Pais, alunos e moradores dos distritos de Maria Nunes, Mendanha e Sopa, tomaram as ruas e a C\u00e2mara Municipal de Diamantina, na tarde da \u00faltima segunda-feira (21\/11\/2016). Bradando palavras de ordem como \u201cquem fecha escolas, abre pris\u00f5es\u201d e \u201ceduca\u00e7\u00e3o no campo \u00e9 direito e n\u00e3o esmola\u201d, os manifestantes exigiram a anula\u00e7\u00e3o da decis\u00e3o que desobriga o munic\u00edpio a oferecer do 6\u00ba ao 9\u00ba ano e for\u00e7a a transfer\u00eancia dos alunos rurais para a rede estadual de ensino das cidades vizinhas.<\/p>\n<p>Segundo Tulyane Cruz, supervisora da E.M. Prof. Ana C\u00e9lia de Oliveira Souza, \u00e9 contestada n\u00e3o apenas a decis\u00e3o da Secretaria Municipal de Educa\u00e7\u00e3o, mas tamb\u00e9m a forma \u201carbitr\u00e1ria\u201d e \u201cdesrespeitosa\u201d como ela foi tomada e repassada aos gestores educacionais. \u201cN\u00f3s ficamos indignados com o fato de sermos comunicados, ao final do ano, sobre uma situa\u00e7\u00e3o t\u00e3o importante. Ent\u00e3o n\u00f3s nos juntamos diante desta imposi\u00e7\u00e3o feita sem a participa\u00e7\u00e3o das comunidades\u201d, explica.<\/p>\n<p>Al\u00e9m da revolta, a preocupa\u00e7\u00e3o \u00e9 o sentimento comum entre a popula\u00e7\u00e3o que considera que, se efetivada, a medida vai provocar evas\u00e3o escolar, enfraquecimento e fechamento de escolas e comunidades, exposi\u00e7\u00e3o de crian\u00e7as e adolescentes a diversas formas de viol\u00eancia, dentre outros preju\u00edzos. Mobilizados, os moradores dos distritos encaminharam um abaixo-assinado, com mais de 400 assinaturas, pedindo a nulidade da resolu\u00e7\u00e3o junto ao Minist\u00e9rio P\u00fablico.<\/p>\n<p>\u201cQue condi\u00e7\u00f5es que n\u00f3s temos? N\u00f3s somos pobres, l\u00e1 \u00e9 um lugar abandonado. Se tira a escola o que vai virar? \u201d, questiona Aparecida Lopes  Silva, moradora de Maria Nunes e m\u00e3e de cinco filhos. J\u00e1 Maria Piedade Gomes, vice-presidente da Associa\u00e7\u00e3o de Artes\u00e3os de Sopa, afirma que municipalizaram a escola local prometendo melhorias e a aproxima\u00e7\u00e3o da comunidade com o poder p\u00fablico, mas \u201cagora querem tirar de n\u00f3s a escola e n\u00e3o vamos aceitar isso de maneira nenhuma! Se os governantes realmente nos representam, eles t\u00eam que dar uma solu\u00e7\u00e3o\u201d, reivindica.<\/p>\n<p>A secret\u00e1ria municipal de educa\u00e7\u00e3o, M\u00e1rcia Claudino Souza Coelho, foi convidada para falar sobre a medida durante a sess\u00e3o ordin\u00e1ria da C\u00e2mara de Vereadores de Diamantina, entretanto n\u00e3o compareceu ao local, justificando que prestar\u00e1 esclarecimentos ao Minist\u00e9rio P\u00fablico, em audi\u00eancia nesta quarta-feira. Ap\u00f3s o encerramento da sess\u00e3o, parte dos vereadores diamantinenses assinou um manifesto em apoio \u00e0s comunidades afetadas, posicionando-se contr\u00e1rios \u00e0 resolu\u00e7\u00e3o educacional.<\/p>\n<p><strong>Fotos da manifesta\u00e7\u00e3o<\/strong><\/p>\n<p><img decoding=\"async\" src=\"http:\/\/aconteceunovale.com.br\/portal\/wp-content\/uploads\/2016\/11\/manifestacao_dtna_10.jpg\" alt=\"\" \/><\/p>\n<p><img decoding=\"async\" src=\"http:\/\/aconteceunovale.com.br\/portal\/wp-content\/uploads\/2016\/11\/manifestacao_dtna_6.jpg\" alt=\"\" \/><\/p>\n<p><img decoding=\"async\" src=\"http:\/\/aconteceunovale.com.br\/portal\/wp-content\/uploads\/2016\/11\/manifestacao_dtna_3.jpg\" alt=\"\" \/><\/p>\n<p><img decoding=\"async\" src=\"http:\/\/aconteceunovale.com.br\/portal\/wp-content\/uploads\/2016\/11\/manifestacao_dtna_13.jpg\" alt=\"\" \/><\/p>\n<p><div id='gallery-1' class='gallery galleryid-102487 gallery-columns-5 gallery-size-thumbnail'><figure class='gallery-item'>\n\t\t\t<div class='gallery-icon landscape'>\n\t\t\t\t<a href='https:\/\/aconteceunovale.com.br\/portal\/wp-content\/uploads\/2016\/11\/manifestacao_dtna_1.jpg'><img loading=\"lazy\" decoding=\"async\" width=\"150\" height=\"150\" src=\"https:\/\/aconteceunovale.com.br\/portal\/wp-content\/uploads\/2016\/11\/manifestacao_dtna_1-150x150.jpg\" class=\"attachment-thumbnail size-thumbnail\" alt=\"\" \/><\/a>\n\t\t\t<\/div><\/figure><figure class='gallery-item'>\n\t\t\t<div class='gallery-icon landscape'>\n\t\t\t\t<a href='https:\/\/aconteceunovale.com.br\/portal\/wp-content\/uploads\/2016\/11\/manifestacao_dtna_14.jpg'><img loading=\"lazy\" decoding=\"async\" width=\"150\" height=\"150\" src=\"https:\/\/aconteceunovale.com.br\/portal\/wp-content\/uploads\/2016\/11\/manifestacao_dtna_14-150x150.jpg\" class=\"attachment-thumbnail size-thumbnail\" alt=\"\" \/><\/a>\n\t\t\t<\/div><\/figure><figure class='gallery-item'>\n\t\t\t<div class='gallery-icon landscape'>\n\t\t\t\t<a href='https:\/\/aconteceunovale.com.br\/portal\/wp-content\/uploads\/2016\/11\/manifestacao_dtna_12.jpg'><img loading=\"lazy\" decoding=\"async\" width=\"150\" height=\"150\" src=\"https:\/\/aconteceunovale.com.br\/portal\/wp-content\/uploads\/2016\/11\/manifestacao_dtna_12-150x150.jpg\" class=\"attachment-thumbnail size-thumbnail\" alt=\"\" \/><\/a>\n\t\t\t<\/div><\/figure><figure class='gallery-item'>\n\t\t\t<div class='gallery-icon landscape'>\n\t\t\t\t<a href='https:\/\/aconteceunovale.com.br\/portal\/wp-content\/uploads\/2016\/11\/manifestacao_dtna_11.jpg'><img loading=\"lazy\" decoding=\"async\" width=\"150\" height=\"150\" src=\"https:\/\/aconteceunovale.com.br\/portal\/wp-content\/uploads\/2016\/11\/manifestacao_dtna_11-150x150.jpg\" class=\"attachment-thumbnail size-thumbnail\" alt=\"\" \/><\/a>\n\t\t\t<\/div><\/figure><figure class='gallery-item'>\n\t\t\t<div class='gallery-icon landscape'>\n\t\t\t\t<a href='https:\/\/aconteceunovale.com.br\/portal\/wp-content\/uploads\/2016\/11\/manifestacao_dtna_9.jpg'><img loading=\"lazy\" decoding=\"async\" width=\"150\" height=\"150\" src=\"https:\/\/aconteceunovale.com.br\/portal\/wp-content\/uploads\/2016\/11\/manifestacao_dtna_9-150x150.jpg\" class=\"attachment-thumbnail size-thumbnail\" alt=\"\" \/><\/a>\n\t\t\t<\/div><\/figure><figure class='gallery-item'>\n\t\t\t<div class='gallery-icon landscape'>\n\t\t\t\t<a href='https:\/\/aconteceunovale.com.br\/portal\/wp-content\/uploads\/2016\/11\/manifestacao_dtna_8.jpg'><img loading=\"lazy\" decoding=\"async\" width=\"150\" height=\"150\" src=\"https:\/\/aconteceunovale.com.br\/portal\/wp-content\/uploads\/2016\/11\/manifestacao_dtna_8-150x150.jpg\" class=\"attachment-thumbnail size-thumbnail\" alt=\"\" \/><\/a>\n\t\t\t<\/div><\/figure><figure class='gallery-item'>\n\t\t\t<div class='gallery-icon landscape'>\n\t\t\t\t<a href='https:\/\/aconteceunovale.com.br\/portal\/wp-content\/uploads\/2016\/11\/manifestacao_dtna_7.jpg'><img loading=\"lazy\" decoding=\"async\" width=\"150\" height=\"150\" src=\"https:\/\/aconteceunovale.com.br\/portal\/wp-content\/uploads\/2016\/11\/manifestacao_dtna_7-150x150.jpg\" class=\"attachment-thumbnail size-thumbnail\" alt=\"\" \/><\/a>\n\t\t\t<\/div><\/figure><figure class='gallery-item'>\n\t\t\t<div class='gallery-icon landscape'>\n\t\t\t\t<a href='https:\/\/aconteceunovale.com.br\/portal\/wp-content\/uploads\/2016\/11\/manifestacao_dtna_5.jpg'><img loading=\"lazy\" decoding=\"async\" width=\"150\" height=\"150\" src=\"https:\/\/aconteceunovale.com.br\/portal\/wp-content\/uploads\/2016\/11\/manifestacao_dtna_5-150x150.jpg\" class=\"attachment-thumbnail size-thumbnail\" alt=\"\" \/><\/a>\n\t\t\t<\/div><\/figure><figure class='gallery-item'>\n\t\t\t<div class='gallery-icon landscape'>\n\t\t\t\t<a href='https:\/\/aconteceunovale.com.br\/portal\/wp-content\/uploads\/2016\/11\/manifestacao_dtna_4.jpg'><img loading=\"lazy\" decoding=\"async\" width=\"150\" height=\"150\" src=\"https:\/\/aconteceunovale.com.br\/portal\/wp-content\/uploads\/2016\/11\/manifestacao_dtna_4-150x150.jpg\" class=\"attachment-thumbnail size-thumbnail\" alt=\"\" \/><\/a>\n\t\t\t<\/div><\/figure><figure class='gallery-item'>\n\t\t\t<div class='gallery-icon landscape'>\n\t\t\t\t<a href='https:\/\/aconteceunovale.com.br\/portal\/wp-content\/uploads\/2016\/11\/manifestacao_dtna_2.jpg'><img loading=\"lazy\" decoding=\"async\" width=\"150\" height=\"150\" src=\"https:\/\/aconteceunovale.com.br\/portal\/wp-content\/uploads\/2016\/11\/manifestacao_dtna_2-150x150.jpg\" class=\"attachment-thumbnail size-thumbnail\" alt=\"\" \/><\/a>\n\t\t\t<\/div><\/figure>\n\t\t<\/div>\n<br \/>\n<\/br><\/p>\n<p><em>(Fotos e informa\u00e7\u00f5es de Ang\u00e9lica Almeida)<\/em><\/p>\n","protected":false},"excerpt":{"rendered":"<p>Manifestantes exigem revis\u00e3o da medida que retira o ensino do 6\u00b0 ao 9\u00b0 ano nos distritos de Maria Nunes, Mendanha e Sopa. Pais, alunos e moradores dos distritos de Maria Nunes, Mendanha e Sopa, tomaram as ruas e a C\u00e2mara Municipal de Diamantina, na tarde da \u00faltima segunda-feira (21\/11\/2016). Bradando palavras de ordem como \u201cquem [&hellip;]<\/p>\n","protected":false},"author":1,"featured_media":102480,"comment_status":"open","ping_status":"closed","sticky":false,"template":"","format":"standard","meta":{"amp_status":"","footnotes":""},"categories":[272543,40238,120],"tags":[54724,127052,198,127046,92357,127044,127050,34989,127047,127045,127049,127048,127051],"class_list":["post-102487","post","type-post","status-publish","format-standard","has-post-thumbnail","hentry","category-diamantina","category-educacao-2","category-jequi","tag-camara-municipal-de-diamantina","tag-comunidades-rurais-protestam-contra-medida-da-secretaria-municipal-de-educacao-de-diamantina","tag-diamantina","tag-manifestacao-em-diamantina","tag-marcia-claudino-souza-coelho","tag-maria-nunes","tag-maria-piedade-gomes","tag-mendanha","tag-protesto-em-diamantina","tag-sopa","tag-supervisora-da-e-m-prof-ana-celia-de-oliveira-souza","tag-tulyane-cruz","tag-vice-presidente-da-associacao-de-artesaos-de-sopa"],"yoast_head":"<!-- This site is optimized with the Yoast SEO plugin v28.3 - https:\/\/yoast.com\/product\/yoast-seo-wordpress\/ -->\n<title>Comunidades rurais protestam contra medida da Secretaria Municipal de Educa\u00e7\u00e3o de Diamantina - Aconteceu no Vale<\/title>\n<meta name=\"robots\" content=\"index, follow, max-snippet:-1, max-image-preview:large, max-video-preview:-1\" \/>\n<link rel=\"canonical\" href=\"https:\/\/aconteceunovale.com.br\/portal\/?p=102487\" \/>\n<meta property=\"og:locale\" content=\"pt_BR\" \/>\n<meta property=\"og:type\" content=\"article\" \/>\n<meta property=\"og:title\" content=\"Comunidades rurais protestam contra medida da Secretaria Municipal de Educa\u00e7\u00e3o de Diamantina - Aconteceu no Vale\" \/>\n<meta property=\"og:description\" content=\"Manifestantes exigem revis\u00e3o da medida que retira o ensino do 6\u00b0 ao 9\u00b0 ano nos distritos de Maria Nunes, Mendanha e Sopa. Pais, alunos e moradores dos distritos de Maria Nunes, Mendanha e Sopa, tomaram as ruas e a C\u00e2mara Municipal de Diamantina, na tarde da \u00faltima segunda-feira (21\/11\/2016). Bradando palavras de ordem como \u201cquem [&hellip;]\" \/>\n<meta property=\"og:url\" content=\"https:\/\/aconteceunovale.com.br\/portal\/?p=102487\" \/>\n<meta property=\"og:site_name\" content=\"Aconteceu no Vale\" \/>\n<meta property=\"article:publisher\" content=\"https:\/\/www.facebook.com\/aconteceunovale\/\" \/>\n<meta property=\"article:published_time\" content=\"2016-11-23T19:15:14+00:00\" \/>\n<meta property=\"article:modified_time\" content=\"2026-09-02T15:51:19+00:00\" \/>\n<meta property=\"og:image\" content=\"https:\/\/aconteceunovale.com.br\/portal\/wp-content\/uploads\/2016\/11\/manifestacao_dtna_10.jpg\" \/>\n\t<meta property=\"og:image:width\" content=\"678\" \/>\n\t<meta property=\"og:image:height\" content=\"339\" \/>\n\t<meta property=\"og:image:type\" content=\"image\/jpeg\" \/>\n<meta name=\"author\" content=\"Aconteceu no Vale\" \/>\n<meta name=\"twitter:card\" content=\"summary_large_image\" \/>\n<meta name=\"twitter:creator\" content=\"@noticiadosvales\" \/>\n<meta name=\"twitter:site\" content=\"@noticiadosvales\" \/>\n<meta name=\"twitter:label1\" content=\"Escrito por\" \/>\n\t<meta name=\"twitter:data1\" content=\"Aconteceu no Vale\" \/>\n\t<meta name=\"twitter:label2\" content=\"Est. tempo de leitura\" \/>\n\t<meta name=\"twitter:data2\" content=\"2 minutos\" \/>\n<script type=\"application\/ld+json\" class=\"yoast-schema-graph\">{\"@context\":\"https:\\\/\\\/schema.org\",\"@graph\":[{\"@type\":\"Article\",\"@id\":\"https:\\\/\\\/aconteceunovale.com.br\\\/portal\\\/?p=102487#article\",\"isPartOf\":{\"@id\":\"https:\\\/\\\/aconteceunovale.com.br\\\/portal\\\/?p=102487\"},\"author\":{\"name\":\"Aconteceu no Vale\",\"@id\":\"https:\\\/\\\/aconteceunovale.com.br\\\/portal\\\/#\\\/schema\\\/person\\\/633529146f2c94272bef50ac2953d589\"},\"headline\":\"Comunidades rurais protestam contra medida da Secretaria Municipal de Educa\u00e7\u00e3o de Diamantina\",\"datePublished\":\"2016-11-23T19:15:14+00:00\",\"dateModified\":\"2026-09-02T15:51:19+00:00\",\"mainEntityOfPage\":{\"@id\":\"https:\\\/\\\/aconteceunovale.com.br\\\/portal\\\/?p=102487\"},\"wordCount\":473,\"commentCount\":1,\"image\":{\"@id\":\"https:\\\/\\\/aconteceunovale.com.br\\\/portal\\\/?p=102487#primaryimage\"},\"thumbnailUrl\":\"https:\\\/\\\/aconteceunovale.com.br\\\/portal\\\/wp-content\\\/uploads\\\/2016\\\/11\\\/manifestacao_dtna_10.jpg\",\"keywords\":[\"C\u00e2mara Municipal de Diamantina\",\"Comunidades rurais protestam contra medida da Secretaria Municipal de Educa\u00e7\u00e3o de Diamantina\",\"Diamantina\",\"Manifesta\u00e7\u00e3o em Diamantina\",\"M\u00e1rcia Claudino Souza Coelho\",\"Maria Nunes\",\"Maria Piedade Gomes\",\"Mendanha\",\"Protesto em Diamantina\",\"Sopa\",\"supervisora da E.M. Prof. Ana C\u00e9lia de Oliveira Souza\",\"Tulyane Cruz\",\"vice-presidente da Associa\u00e7\u00e3o de Artes\u00e3os de Sopa\"],\"articleSection\":[\"Diamantina\",\"Educa\u00e7\u00e3o\",\"Vale do Jequitinhonha\"],\"inLanguage\":\"pt-BR\",\"potentialAction\":[{\"@type\":\"CommentAction\",\"name\":\"Comment\",\"target\":[\"https:\\\/\\\/aconteceunovale.com.br\\\/portal\\\/?p=102487#respond\"]}]},{\"@type\":\"WebPage\",\"@id\":\"https:\\\/\\\/aconteceunovale.com.br\\\/portal\\\/?p=102487\",\"url\":\"https:\\\/\\\/aconteceunovale.com.br\\\/portal\\\/?p=102487\",\"name\":\"Comunidades rurais protestam contra medida da Secretaria Municipal de Educa\u00e7\u00e3o de Diamantina - Aconteceu no Vale\",\"isPartOf\":{\"@id\":\"https:\\\/\\\/aconteceunovale.com.br\\\/portal\\\/#website\"},\"primaryImageOfPage\":{\"@id\":\"https:\\\/\\\/aconteceunovale.com.br\\\/portal\\\/?p=102487#primaryimage\"},\"image\":{\"@id\":\"https:\\\/\\\/aconteceunovale.com.br\\\/portal\\\/?p=102487#primaryimage\"},\"thumbnailUrl\":\"https:\\\/\\\/aconteceunovale.com.br\\\/portal\\\/wp-content\\\/uploads\\\/2016\\\/11\\\/manifestacao_dtna_10.jpg\",\"datePublished\":\"2016-11-23T19:15:14+00:00\",\"dateModified\":\"2026-09-02T15:51:19+00:00\",\"author\":{\"@id\":\"https:\\\/\\\/aconteceunovale.com.br\\\/portal\\\/#\\\/schema\\\/person\\\/633529146f2c94272bef50ac2953d589\"},\"breadcrumb\":{\"@id\":\"https:\\\/\\\/aconteceunovale.com.br\\\/portal\\\/?p=102487#breadcrumb\"},\"inLanguage\":\"pt-BR\",\"potentialAction\":[{\"@type\":\"ReadAction\",\"target\":[\"https:\\\/\\\/aconteceunovale.com.br\\\/portal\\\/?p=102487\"]}]},{\"@type\":\"ImageObject\",\"inLanguage\":\"pt-BR\",\"@id\":\"https:\\\/\\\/aconteceunovale.com.br\\\/portal\\\/?p=102487#primaryimage\",\"url\":\"https:\\\/\\\/aconteceunovale.com.br\\\/portal\\\/wp-content\\\/uploads\\\/2016\\\/11\\\/manifestacao_dtna_10.jpg\",\"contentUrl\":\"https:\\\/\\\/aconteceunovale.com.br\\\/portal\\\/wp-content\\\/uploads\\\/2016\\\/11\\\/manifestacao_dtna_10.jpg\",\"width\":678,\"height\":339},{\"@type\":\"BreadcrumbList\",\"@id\":\"https:\\\/\\\/aconteceunovale.com.br\\\/portal\\\/?p=102487#breadcrumb\",\"itemListElement\":[{\"@type\":\"ListItem\",\"position\":1,\"name\":\"In\u00edcio\",\"item\":\"https:\\\/\\\/aconteceunovale.com.br\\\/portal\\\/\"},{\"@type\":\"ListItem\",\"position\":2,\"name\":\"Comunidades rurais protestam contra medida da Secretaria Municipal de Educa\u00e7\u00e3o de Diamantina\"}]},{\"@type\":\"WebSite\",\"@id\":\"https:\\\/\\\/aconteceunovale.com.br\\\/portal\\\/#website\",\"url\":\"https:\\\/\\\/aconteceunovale.com.br\\\/portal\\\/\",\"name\":\"Aconteceu no Vale\",\"description\":\"Portal de Not\u00edcias\",\"potentialAction\":[{\"@type\":\"SearchAction\",\"target\":{\"@type\":\"EntryPoint\",\"urlTemplate\":\"https:\\\/\\\/aconteceunovale.com.br\\\/portal\\\/?s={search_term_string}\"},\"query-input\":{\"@type\":\"PropertyValueSpecification\",\"valueRequired\":true,\"valueName\":\"search_term_string\"}}],\"inLanguage\":\"pt-BR\"},{\"@type\":\"Person\",\"@id\":\"https:\\\/\\\/aconteceunovale.com.br\\\/portal\\\/#\\\/schema\\\/person\\\/633529146f2c94272bef50ac2953d589\",\"name\":\"Aconteceu no Vale\",\"description\":\"Equipe de reportagem do Aconteceu no Vale, portal de not\u00edcias do Vale do Jequitinhonha, em Minas Gerais. Cobrimos as 51 cidades do Vale desde 2013. Sugest\u00f5es de pauta e pedidos de corre\u00e7\u00e3o: contato@aconteceunovale.com.br\",\"sameAs\":[\"http:\\\/\\\/www.aconteceunovale.com.br\"],\"url\":\"https:\\\/\\\/aconteceunovale.com.br\\\/portal\\\/?author=1\"}]}<\/script>\n<!-- \/ Yoast SEO plugin. -->","yoast_head_json":{"title":"Comunidades rurais protestam contra medida da Secretaria Municipal de Educa\u00e7\u00e3o de Diamantina - Aconteceu no Vale","robots":{"index":"index","follow":"follow","max-snippet":"max-snippet:-1","max-image-preview":"max-image-preview:large","max-video-preview":"max-video-preview:-1"},"canonical":"https:\/\/aconteceunovale.com.br\/portal\/?p=102487","og_locale":"pt_BR","og_type":"article","og_title":"Comunidades rurais protestam contra medida da Secretaria Municipal de Educa\u00e7\u00e3o de Diamantina - Aconteceu no Vale","og_description":"Manifestantes exigem revis\u00e3o da medida que retira o ensino do 6\u00b0 ao 9\u00b0 ano nos distritos de Maria Nunes, Mendanha e Sopa. Pais, alunos e moradores dos distritos de Maria Nunes, Mendanha e Sopa, tomaram as ruas e a C\u00e2mara Municipal de Diamantina, na tarde da \u00faltima segunda-feira (21\/11\/2016). Bradando palavras de ordem como \u201cquem [&hellip;]","og_url":"https:\/\/aconteceunovale.com.br\/portal\/?p=102487","og_site_name":"Aconteceu no Vale","article_publisher":"https:\/\/www.facebook.com\/aconteceunovale\/","article_published_time":"2016-11-23T19:15:14+00:00","article_modified_time":"2026-09-02T15:51:19+00:00","og_image":[{"width":678,"height":339,"url":"https:\/\/aconteceunovale.com.br\/portal\/wp-content\/uploads\/2016\/11\/manifestacao_dtna_10.jpg","type":"image\/jpeg"}],"author":"Aconteceu no Vale","twitter_card":"summary_large_image","twitter_creator":"@noticiadosvales","twitter_site":"@noticiadosvales","twitter_misc":{"Escrito por":"Aconteceu no Vale","Est. tempo de leitura":"2 minutos"},"schema":{"@context":"https:\/\/schema.org","@graph":[{"@type":"Article","@id":"https:\/\/aconteceunovale.com.br\/portal\/?p=102487#article","isPartOf":{"@id":"https:\/\/aconteceunovale.com.br\/portal\/?p=102487"},"author":{"name":"Aconteceu no Vale","@id":"https:\/\/aconteceunovale.com.br\/portal\/#\/schema\/person\/633529146f2c94272bef50ac2953d589"},"headline":"Comunidades rurais protestam contra medida da Secretaria Municipal de Educa\u00e7\u00e3o de Diamantina","datePublished":"2016-11-23T19:15:14+00:00","dateModified":"2026-09-02T15:51:19+00:00","mainEntityOfPage":{"@id":"https:\/\/aconteceunovale.com.br\/portal\/?p=102487"},"wordCount":473,"commentCount":1,"image":{"@id":"https:\/\/aconteceunovale.com.br\/portal\/?p=102487#primaryimage"},"thumbnailUrl":"https:\/\/aconteceunovale.com.br\/portal\/wp-content\/uploads\/2016\/11\/manifestacao_dtna_10.jpg","keywords":["C\u00e2mara Municipal de Diamantina","Comunidades rurais protestam contra medida da Secretaria Municipal de Educa\u00e7\u00e3o de Diamantina","Diamantina","Manifesta\u00e7\u00e3o em Diamantina","M\u00e1rcia Claudino Souza Coelho","Maria Nunes","Maria Piedade Gomes","Mendanha","Protesto em Diamantina","Sopa","supervisora da E.M. Prof. Ana C\u00e9lia de Oliveira Souza","Tulyane Cruz","vice-presidente da Associa\u00e7\u00e3o de Artes\u00e3os de Sopa"],"articleSection":["Diamantina","Educa\u00e7\u00e3o","Vale do Jequitinhonha"],"inLanguage":"pt-BR","potentialAction":[{"@type":"CommentAction","name":"Comment","target":["https:\/\/aconteceunovale.com.br\/portal\/?p=102487#respond"]}]},{"@type":"WebPage","@id":"https:\/\/aconteceunovale.com.br\/portal\/?p=102487","url":"https:\/\/aconteceunovale.com.br\/portal\/?p=102487","name":"Comunidades rurais protestam contra medida da Secretaria Municipal de Educa\u00e7\u00e3o de Diamantina - Aconteceu no Vale","isPartOf":{"@id":"https:\/\/aconteceunovale.com.br\/portal\/#website"},"primaryImageOfPage":{"@id":"https:\/\/aconteceunovale.com.br\/portal\/?p=102487#primaryimage"},"image":{"@id":"https:\/\/aconteceunovale.com.br\/portal\/?p=102487#primaryimage"},"thumbnailUrl":"https:\/\/aconteceunovale.com.br\/portal\/wp-content\/uploads\/2016\/11\/manifestacao_dtna_10.jpg","datePublished":"2016-11-23T19:15:14+00:00","dateModified":"2026-09-02T15:51:19+00:00","author":{"@id":"https:\/\/aconteceunovale.com.br\/portal\/#\/schema\/person\/633529146f2c94272bef50ac2953d589"},"breadcrumb":{"@id":"https:\/\/aconteceunovale.com.br\/portal\/?p=102487#breadcrumb"},"inLanguage":"pt-BR","potentialAction":[{"@type":"ReadAction","target":["https:\/\/aconteceunovale.com.br\/portal\/?p=102487"]}]},{"@type":"ImageObject","inLanguage":"pt-BR","@id":"https:\/\/aconteceunovale.com.br\/portal\/?p=102487#primaryimage","url":"https:\/\/aconteceunovale.com.br\/portal\/wp-content\/uploads\/2016\/11\/manifestacao_dtna_10.jpg","contentUrl":"https:\/\/aconteceunovale.com.br\/portal\/wp-content\/uploads\/2016\/11\/manifestacao_dtna_10.jpg","width":678,"height":339},{"@type":"BreadcrumbList","@id":"https:\/\/aconteceunovale.com.br\/portal\/?p=102487#breadcrumb","itemListElement":[{"@type":"ListItem","position":1,"name":"In\u00edcio","item":"https:\/\/aconteceunovale.com.br\/portal\/"},{"@type":"ListItem","position":2,"name":"Comunidades rurais protestam contra medida da Secretaria Municipal de Educa\u00e7\u00e3o de Diamantina"}]},{"@type":"WebSite","@id":"https:\/\/aconteceunovale.com.br\/portal\/#website","url":"https:\/\/aconteceunovale.com.br\/portal\/","name":"Aconteceu no Vale","description":"Portal de Not\u00edcias","potentialAction":[{"@type":"SearchAction","target":{"@type":"EntryPoint","urlTemplate":"https:\/\/aconteceunovale.com.br\/portal\/?s={search_term_string}"},"query-input":{"@type":"PropertyValueSpecification","valueRequired":true,"valueName":"search_term_string"}}],"inLanguage":"pt-BR"},{"@type":"Person","@id":"https:\/\/aconteceunovale.com.br\/portal\/#\/schema\/person\/633529146f2c94272bef50ac2953d589","name":"Aconteceu no Vale","description":"Equipe de reportagem do Aconteceu no Vale, portal de not\u00edcias do Vale do Jequitinhonha, em Minas Gerais. Cobrimos as 51 cidades do Vale desde 2013. Sugest\u00f5es de pauta e pedidos de corre\u00e7\u00e3o: contato@aconteceunovale.com.br","sameAs":["http:\/\/www.aconteceunovale.com.br"],"url":"https:\/\/aconteceunovale.com.br\/portal\/?author=1"}]}},"_links":{"self":[{"href":"https:\/\/aconteceunovale.com.br\/portal\/index.php?rest_route=\/wp\/v2\/posts\/102487","targetHints":{"allow":["GET"]}}],"collection":[{"href":"https:\/\/aconteceunovale.com.br\/portal\/index.php?rest_route=\/wp\/v2\/posts"}],"about":[{"href":"https:\/\/aconteceunovale.com.br\/portal\/index.php?rest_route=\/wp\/v2\/types\/post"}],"author":[{"embeddable":true,"href":"https:\/\/aconteceunovale.com.br\/portal\/index.php?rest_route=\/wp\/v2\/users\/1"}],"replies":[{"embeddable":true,"href":"https:\/\/aconteceunovale.com.br\/portal\/index.php?rest_route=%2Fwp%2Fv2%2Fcomments&post=102487"}],"version-history":[{"count":1,"href":"https:\/\/aconteceunovale.com.br\/portal\/index.php?rest_route=\/wp\/v2\/posts\/102487\/revisions"}],"predecessor-version":[{"id":200385,"href":"https:\/\/aconteceunovale.com.br\/portal\/index.php?rest_route=\/wp\/v2\/posts\/102487\/revisions\/200385"}],"wp:featuredmedia":[{"embeddable":true,"href":"https:\/\/aconteceunovale.com.br\/portal\/index.php?rest_route=\/wp\/v2\/media\/102480"}],"wp:attachment":[{"href":"https:\/\/aconteceunovale.com.br\/portal\/index.php?rest_route=%2Fwp%2Fv2%2Fmedia&parent=102487"}],"wp:term":[{"taxonomy":"category","embeddable":true,"href":"https:\/\/aconteceunovale.com.br\/portal\/index.php?rest_route=%2Fwp%2Fv2%2Fcategories&post=102487"},{"taxonomy":"post_tag","embeddable":true,"href":"https:\/\/aconteceunovale.com.br\/portal\/index.php?rest_route=%2Fwp%2Fv2%2Ftags&post=102487"}],"curies":[{"name":"wp","href":"https:\/\/api.w.org\/{rel}","templated":true}]}}