{"id":102467,"date":"2016-11-23T15:51:29","date_gmt":"2016-11-23T18:51:29","guid":{"rendered":"http:\/\/aconteceunovale.com.br\/portal\/?p=102467"},"modified":"2016-11-23T15:51:29","modified_gmt":"2016-11-23T18:51:29","slug":"prefeitura-de-teofilo-otoni-alerta-sobre-desabastecimento-de-soros-antivenenos-e-vacinas","status":"publish","type":"post","link":"https:\/\/aconteceunovale.com.br\/portal\/?p=102467","title":{"rendered":"Prefeitura de Te\u00f3filo Otoni alerta sobre desabastecimento de soros antivenenos e vacinas"},"content":{"rendered":"<p>A Prefeitura de Te\u00f3filo Otoni, por meio da Secretaria Municipal de Sa\u00fade, informa que, desde o in\u00edcio do ano, o Brasil vive problemas na distribui\u00e7\u00e3o de vacinas e soros antivenenos. Entre as justificativas apresentadas pelo Minist\u00e9rio da Sa\u00fade para \u201co n\u00e3o atendimento regular das demandas de alguns imunobiol\u00f3gicos\u201d est\u00e3o os problemas e atrasos no processo produtivo, proximidade de data de vencimento, indisponibilidade no estoque nacional, estoque vencido e ainda o fato de contratos para aquisi\u00e7\u00e3o estarem em fase de finaliza\u00e7\u00e3o. Al\u00e9m de uma nova regra da Ag\u00eancia Nacional de Vigil\u00e2ncia Sanit\u00e1ria (Anvisa), que exigiu uma readequa\u00e7\u00e3o dos laborat\u00f3rios.<\/p>\n<p>De acordo com a coordenadora da Vigil\u00e2ncia em Sa\u00fade, Maria Izabel Dias Svizzero, a responsabilidade de executar a vacina \u00e9 do munic\u00edpio, entretanto, esse processo tem sido prejudicado por falta de insumo.  \u201cSe algu\u00e9m vai at\u00e9 o posto de sa\u00fade e n\u00e3o tem vacina \u00e9 muito prov\u00e1vel que essa pessoa n\u00e3o volte mais, al\u00e9m de deixar a popula\u00e7\u00e3o vulner\u00e1vel a v\u00e1rias doen\u00e7as, isso ainda descredibiliza o SUS\u201d, disse.<\/p>\n<p>A coordenadora explica que o Minist\u00e9rio da Sa\u00fade distribui 43 tipos de produtos imunobiol\u00f3gicos, o que abrange 24 vacinas, das quais 14 est\u00e3o no calend\u00e1rio nacional de vacina\u00e7\u00e3o. Segundo Izabel, o desabastecimento parcial ocorre em todo o pa\u00eds e a indica\u00e7\u00e3o \u00e9 que as vacinas multidose sejam feitas atrav\u00e9s de agendamento. \u201cAs outras vacinas n\u00f3s estamos recebendo em uma quantidade pouco menor e tentamos suprir aquilo que nos \u00e9 solicitado. A tetraviral, que \u00e9 uma das vacinas que tamb\u00e9m est\u00e1 faltando, est\u00e1 sendo substitu\u00edda pela tr\u00edplice viral mais mono de varicela, que era assim antes\u201d.<\/p>\n<p><img decoding=\"async\" src=\"http:\/\/aconteceunovale.com.br\/portal\/wp-content\/uploads\/2016\/11\/alerta_to_1.jpg\" alt=\"\" \/><em>De acordo com a coordenadora da Vigil\u00e2ncia em Sa\u00fade, Maria Izabel Dias Svizzero, o desabastecimento parcial ocorre em todo o pa\u00eds e a indica\u00e7\u00e3o \u00e9 que as vacinas multidose sejam feitas atrav\u00e9s de agendamento (Divulga\u00e7\u00e3o)<\/em><br \/>\n<\/br><\/p>\n<p><strong>N\u00e3o h\u00e1 motivo para p\u00e2nico<\/strong><\/p>\n<p>Izabel alerta que enquanto a situa\u00e7\u00e3o n\u00e3o \u00e9 regularizada e volte \u00e0 normalidade, alguns soros e a vacina antirr\u00e1bica, por exemplo, seguem em falta ou com o estoque bastante reduzido. \u201cFoi necess\u00e1rio remanejar a administra\u00e7\u00e3o para a UPA para facilitar a supervis\u00e3o e garantir a indica\u00e7\u00e3o segura sem riscos de administrar vacina sem a real necessidade. Evitamos assim o uso indiscriminado. A UPA \u00e9 o \u00fanico lugar onde disponibilizamos a VAR e os soros antivenenos, inclusive para os clientes que n\u00e3o s\u00e3o do Conv\u00eanio SUS\u201d, enfatizou.<\/p>\n<p>Apesar de o desabastecimento de soros antivenenos e vacinas seja preocupante, a coordenadora tranquiliza a popula\u00e7\u00e3o. \u201cN\u00e3o existe possibilidade de epidemias por conta do d\u00e9ficit de vacinas embora a situa\u00e7\u00e3o seja grave. O problema \u00e9 apenas tempor\u00e1rio, embora o Programa Nacional de Imuniza\u00e7\u00f5es n\u00e3o tenha divulgado data para o retorno do abastecimento\u201d.<\/p>\n<p><strong>Transmiss\u00e3o da raiva<\/strong><\/p>\n<p>Segundo a Secretaria Municipal de Sa\u00fade, o munic\u00edpio est\u00e1 h\u00e1 muitos anos sem casos de raiva em c\u00e3es e gatos. Entretanto, h\u00e1 relato de raiva bovina na regi\u00e3o, poss\u00edvel v\u00edtima de morcegos hemat\u00f3fagos. \u201cPor isso alertamos aos moradores da Zona Rural para ter cuidado na manipula\u00e7\u00e3o desses animais, j\u00e1 que a doen\u00e7a pode ser transmitida por mordedura, arranhadura e at\u00e9 mesmo lambedura do animal\u201d, alertou Izabel.<\/p>\n<p>O per\u00edodo de incuba\u00e7\u00e3o do v\u00edrus em suspeitos \u00e9 vari\u00e1vel, pode ser de um m\u00eas a um ano. A maioria dos casos ocorre de duas semanas a tr\u00eas meses. A transmiss\u00e3o da raiva ocorre quando o v\u00edrus contido na saliva e secre\u00e7\u00f5es do animal infectado penetra no tecido, principalmente atrav\u00e9s da mordida.<\/p>\n<p>As normas t\u00e9cnicas de profilaxia da raiva humana, do Minist\u00e9rio da Sa\u00fade, orientam que em casos de ocorr\u00eancia com c\u00e3o ou gato, suspeitos de raiva no momento da agress\u00e3o grave, deve-se lavar o local com \u00e1gua e sab\u00e3o, observar o animal durante dez dias ap\u00f3s a exposi\u00e7\u00e3o e come\u00e7ar o esquema profil\u00e1tico com vacina\u00e7\u00e3o.<\/p>\n<p>Se o animal morrer, desaparecer ou se tornar raivoso deve-se dar continuidade \u00e0 vacina\u00e7\u00e3o e aplica\u00e7\u00e3o do soro. Se o animal permanecer sadio no per\u00edodo de observa\u00e7\u00e3o, o caso \u00e9 encerrado.<\/p>\n<p>No caso de acidentes graves por c\u00e3o ou gato raivosos, desaparecidos ou mortos e animais silvestres, incluindo morcegos, al\u00e9m de lavar com \u00e1gua e sab\u00e3o, deve-se iniciar imediatamente a aplica\u00e7\u00e3o do soro e vacinas. E o soro e vacinas antirr\u00e1bicos s\u00e3o administrados na UPA conforme protocolo do Minist\u00e9rio da Sa\u00fade, inclusive para os clientes n\u00e3o SUS.<\/p>\n<p><strong>Vacinas que tiveram o abastecimento prejudicado:<\/strong><\/p>\n<p>&#8211; BCG (j\u00e1 teve o abastecimento normalizado): Dada ap\u00f3s o nascimento, em uma dose, previne contra as formas graves da tuberculose.<\/p>\n<p>&#8211; Dupla Adulta: Jovens de 11 a 19 anos e adultos de 20 a 59 anos podem tomar a vacina que previne contra difteria e t\u00e9tano. O refor\u00e7o ocorre a cada 10 anos.<\/p>\n<p>&#8211; dTpa (em falta apenas a DTPA infantil. Os refor\u00e7os em crian\u00e7as de 4 anos est\u00e3o sendo feitos com DTPA adulto). A dTpa previne gr\u00e1vidas e rec\u00e9m-nascidos contra difteria, t\u00e9tano e coqueluche. <\/p>\n<p>&#8211; Hepatite A: A vacina contra a hepatite A come\u00e7ou a ser ofertada ano passado e imuniza crian\u00e7as na faixa et\u00e1ria de um at\u00e9 dois anos incompletos. <\/p>\n<p>&#8211; Hepatite B: (abastecimento normalizado). S\u00e3o necess\u00e1rias tr\u00eas doses da vacina: a primeira logo ap\u00f3s o nascimento, a segunda trinta dias ap\u00f3s a primeira, a terceira seis meses ap\u00f3s a primeira. Tamb\u00e9m podem se vacinar jovens e adultos, de 11 a 29 anos, que n\u00e3o foram vacinados na inf\u00e2ncia.<\/p>\n<p>&#8211; Tetraviral: (est\u00e1 sendo substitu\u00edda pela tr\u00edplice viral + varicela. Sem preju\u00edzo). A vacina \u00e9 uma atualiza\u00e7\u00e3o da tr\u00edplice viral e consiste na combina\u00e7\u00e3o contra sarampo, caxumba, rub\u00e9ola e catapora.<\/p>\n<p><img decoding=\"async\" src=\"http:\/\/aconteceunovale.com.br\/portal\/wp-content\/uploads\/2016\/11\/alerta_to_2.jpg\" alt=\"\" \/><em>O munic\u00edpio est\u00e1 h\u00e1 muitos anos sem casos de raiva em c\u00e3es e gatos (Divulga\u00e7\u00e3o)<\/em><br \/>\n<\/br><\/p>\n<p><em>(Ascom PMTO)<\/em><\/p>\n","protected":false},"excerpt":{"rendered":"<p>A Prefeitura de Te\u00f3filo Otoni, por meio da Secretaria Municipal de Sa\u00fade, informa que, desde o in\u00edcio do ano, o Brasil vive problemas na distribui\u00e7\u00e3o de vacinas e soros antivenenos. Entre as justificativas apresentadas pelo Minist\u00e9rio da Sa\u00fade para \u201co n\u00e3o atendimento regular das demandas de alguns imunobiol\u00f3gicos\u201d est\u00e3o os problemas e atrasos no processo [&hellip;]<\/p>\n","protected":false},"author":1,"featured_media":102468,"comment_status":"open","ping_status":"closed","sticky":false,"template":"","format":"standard","meta":{"amp_status":"","footnotes":""},"categories":[40242,122],"tags":[127042,127040,127041,127043,127039,164],"class_list":["post-102467","post","type-post","status-publish","format-standard","has-post-thumbnail","hentry","category-saude-2","category-mucuri","tag-brasil-vive-problemas-na-distribuicao-de-vacinas-e-soros-antivenenos","tag-falta-de-soros-antivenenos-em-teofilo-otoni","tag-falta-de-vacinas-em-soros-antivenenos","tag-maria-izabel-dias-svizzero","tag-prefeitura-de-teofilo-otoni-alerta-sobre-desabastecimento-de-soros-antivenenos-e-vacinas","tag-teofilo-otoni"],"_links":{"self":[{"href":"https:\/\/aconteceunovale.com.br\/portal\/index.php?rest_route=\/wp\/v2\/posts\/102467","targetHints":{"allow":["GET"]}}],"collection":[{"href":"https:\/\/aconteceunovale.com.br\/portal\/index.php?rest_route=\/wp\/v2\/posts"}],"about":[{"href":"https:\/\/aconteceunovale.com.br\/portal\/index.php?rest_route=\/wp\/v2\/types\/post"}],"author":[{"embeddable":true,"href":"https:\/\/aconteceunovale.com.br\/portal\/index.php?rest_route=\/wp\/v2\/users\/1"}],"replies":[{"embeddable":true,"href":"https:\/\/aconteceunovale.com.br\/portal\/index.php?rest_route=%2Fwp%2Fv2%2Fcomments&post=102467"}],"version-history":[{"count":0,"href":"https:\/\/aconteceunovale.com.br\/portal\/index.php?rest_route=\/wp\/v2\/posts\/102467\/revisions"}],"wp:featuredmedia":[{"embeddable":true,"href":"https:\/\/aconteceunovale.com.br\/portal\/index.php?rest_route=\/wp\/v2\/media\/102468"}],"wp:attachment":[{"href":"https:\/\/aconteceunovale.com.br\/portal\/index.php?rest_route=%2Fwp%2Fv2%2Fmedia&parent=102467"}],"wp:term":[{"taxonomy":"category","embeddable":true,"href":"https:\/\/aconteceunovale.com.br\/portal\/index.php?rest_route=%2Fwp%2Fv2%2Fcategories&post=102467"},{"taxonomy":"post_tag","embeddable":true,"href":"https:\/\/aconteceunovale.com.br\/portal\/index.php?rest_route=%2Fwp%2Fv2%2Ftags&post=102467"}],"curies":[{"name":"wp","href":"https:\/\/api.w.org\/{rel}","templated":true}]}}