{"id":102462,"date":"2016-11-23T15:45:05","date_gmt":"2016-11-23T18:45:05","guid":{"rendered":"http:\/\/aconteceunovale.com.br\/portal\/?p=102462"},"modified":"2016-11-23T15:45:05","modified_gmt":"2016-11-23T18:45:05","slug":"projeto-parque-de-historias-movimenta-belo-oriente","status":"publish","type":"post","link":"https:\/\/aconteceunovale.com.br\/portal\/?p=102462","title":{"rendered":"Projeto Parque de Hist\u00f3rias movimenta Belo Oriente"},"content":{"rendered":"<p>Fortalecer as rela\u00e7\u00f5es de cidadania e despertar o imagin\u00e1rio cultural da comunidade de Belo Oriente com as hist\u00f3rias universais e populares. Com esses princ\u00edpios, o Projeto Parque de Hist\u00f3rias, patrocinado pela CENIBRA, tem como objetivo principal despertar a aten\u00e7\u00e3o das pessoas para a utiliza\u00e7\u00e3o e preserva\u00e7\u00e3o do patrim\u00f4nio p\u00fablico.<\/p>\n<p>Criado pela artista e contadora de hist\u00f3rias Raquel Vieira (a Flora Manga) e financiado com recursos da Lei Federal de Incentivo \u00e0 Cultura, o projeto busca despertar nas pessoas o reconhecimento dos espa\u00e7os p\u00fablicos como locais de pertencimento e de forma\u00e7\u00e3o dos la\u00e7os socioculturais. Com essa fun\u00e7\u00e3o de educa\u00e7\u00e3o patrimonial, algumas das sess\u00f5es de conta\u00e7\u00e3o de hist\u00f3rias ocorrer\u00e3o no Parque Multifuncional constru\u00eddo e mantido pela Cenibra, em parceria com a Prefeitura, em Cachoeira Escura. O local \u00e9 um complexo de lazer e de cultura aberto para o p\u00fablico. O projeto ir\u00e1 chamar a aten\u00e7\u00e3o para esse maravilhoso espa\u00e7o e atrair as pessoas para us\u00e1-lo de forma mais sistem\u00e1tica e frequente.<\/p>\n<p>Al\u00e9m de conta\u00e7\u00e3o de hist\u00f3rias em espa\u00e7os p\u00fablicos e territ\u00f3rios educativos, o projeto conta ainda com oficinas de conta\u00e7\u00e3o de hist\u00f3rias e educa\u00e7\u00e3o patrimonial para educadores e a publica\u00e7\u00e3o de um livro infantil com distribui\u00e7\u00e3o gratuita entre as escolas da cidade e regi\u00e3o.<\/p>\n<p>Nesse primeiro momento est\u00e3o dispon\u00edveis para o p\u00fablico a conta\u00e7\u00e3o de tr\u00eas hist\u00f3rias. A Odisseia \u00e9 um cl\u00e1ssico da literatura universal; escrita pelo grego Homero, narra as fant\u00e1sticas aventuras de Odisseus ou Ulisses retornando para casa ap\u00f3s a guerra de Tr\u00f3ia. Issum Boshi, tamb\u00e9m conhecido como o pequeno polegar japon\u00eas, \u00e9 a hist\u00f3ria de um menino que nasce do tamanho de um dedo polegar e tem o sonho de tornar-se um grande her\u00f3i. Pedro Malasartes e o rapto da Princesa Isabel faz uma releitura de um dos mais famosos personagens folcl\u00f3ricos do Brasil, usando toda sua esperteza para resolver problemas aparentemente insol\u00faveis a \u00e9poca do Brasil Imp\u00e9rio, aqui transformado num reino de Contos de Fadas.<\/p>\n<p>Flora Manga \u00e9 o nome art\u00edstico da contadora de hist\u00f3rias Raquel Vieira, licenciada em Educa\u00e7\u00e3o F\u00edsica pela UFMG, com \u00eanfase em educa\u00e7\u00e3o infantil, contorcionista, capoeirista e atriz. Ela utiliza uma t\u00e9cnica chamada de hist\u00f3ria aberta em que utiliza objetos do cotidiano com novos significados no decorrer da narrativa, estimulando a imagina\u00e7\u00e3o e garantindo uma intera\u00e7\u00e3o constante com o p\u00fablico. Desde 2012 idealiza e executa projetos de educa\u00e7\u00e3o patrimonial por meio da conta\u00e7\u00e3o de hist\u00f3rias em espa\u00e7os p\u00fablicos na regi\u00e3o do Vale do A\u00e7o.<\/p>\n<p><img decoding=\"async\" src=\"http:\/\/aconteceunovale.com.br\/portal\/wp-content\/uploads\/2016\/11\/parque_de_historias_bo_1.jpg\" alt=\"\" \/><em>Projeto Parque de Hist\u00f3rias movimenta Belo Oriente (Divulga\u00e7\u00e3o)<\/em><br \/>\n<\/br><\/p>\n<p><strong>Agenda de novembro e dezembro<\/strong><\/p>\n<p>O Parque de Hist\u00f3rias percorrer\u00e1 todas as escolas de Belo Oriente at\u00e9 julho de 2017. Para novembro est\u00e3o agendados seis espet\u00e1culos:<\/p>\n<p>No dia 24\/11 na Creche Tia Celeste, em Belo Oriente, \u00e0s 9h e 13h, com a hist\u00f3ria Issum Boshi, o pequeno polegar japon\u00eas. No dia 25\/11, tamb\u00e9m \u00e0s 9h e 13h, na Escola Criativa e Jos\u00e9 Firmino de Arruda, com a mesma hist\u00f3ria. E no dia 29\/11, \u00e0s 9h e 13h, na Escola Estadual Tancredo Neves com a hist\u00f3ria \u201cA Odisseia&#8221;&#8221; de Homero. <\/p>\n<p>Ainda, no dia 26\/11, s\u00e1bado, haver\u00e1 mais um Workshop de Conta\u00e7\u00e3o de Hist\u00f3rias e Educa\u00e7\u00e3o Patrimonial na Escola Hilda de Moraes &#8211; anexo.<\/p>\n<p>Todos os espet\u00e1culos e oficinas s\u00e3o gratuitos e precisam de agendamento e inscri\u00e7\u00e3o pr\u00e9via.<\/p>\n<p>Inscri\u00e7\u00f5es, agendamentos de escolas, institui\u00e7\u00f5es ou entidades podem ser feitos pelo site <a href=\"http:\/\/www.parquedehistorias.com.br\/\" target=\"_blank\">www.parquedehistorias.com.br <\/a>e pelo telefone\/whatsapp (31) 98711-0706.<\/p>\n<p><img decoding=\"async\" src=\"http:\/\/aconteceunovale.com.br\/portal\/wp-content\/uploads\/2016\/11\/parque_de_historias_bo_2.jpg\" alt=\"\" \/><em>Projeto Parque de Hist\u00f3rias movimenta Belo Oriente (Divulga\u00e7\u00e3o)<\/em><br \/>\n<\/br><\/p>\n<p><img decoding=\"async\" src=\"http:\/\/aconteceunovale.com.br\/portal\/wp-content\/uploads\/2016\/11\/parque_de_historias_bo_3.jpg\" alt=\"\" \/><em>Projeto Parque de Hist\u00f3rias movimenta Belo Oriente (Divulga\u00e7\u00e3o)<\/em><\/p>\n","protected":false},"excerpt":{"rendered":"<p>Fortalecer as rela\u00e7\u00f5es de cidadania e despertar o imagin\u00e1rio cultural da comunidade de Belo Oriente com as hist\u00f3rias universais e populares. Com esses princ\u00edpios, o Projeto Parque de Hist\u00f3rias, patrocinado pela CENIBRA, tem como objetivo principal despertar a aten\u00e7\u00e3o das pessoas para a utiliza\u00e7\u00e3o e preserva\u00e7\u00e3o do patrim\u00f4nio p\u00fablico. Criado pela artista e contadora de [&hellip;]<\/p>\n","protected":false},"author":1,"featured_media":102463,"comment_status":"open","ping_status":"closed","sticky":false,"template":"","format":"standard","meta":{"amp_status":"","footnotes":""},"categories":[125,121],"tags":[350,127037,127038,127036,127035,127034],"class_list":["post-102462","post","type-post","status-publish","format-standard","has-post-thumbnail","hentry","category-noticias","category-leste","tag-belo-oriente","tag-educacao-patrimonial-e-formacao-do-imaginario-com-a-artista-flora-manga","tag-flora-manga","tag-projeto-parque-de-historias","tag-projeto-parque-de-historias-em-belo-oriente","tag-projeto-parque-de-historias-movimenta-belo-oriente"],"_links":{"self":[{"href":"https:\/\/aconteceunovale.com.br\/portal\/index.php?rest_route=\/wp\/v2\/posts\/102462","targetHints":{"allow":["GET"]}}],"collection":[{"href":"https:\/\/aconteceunovale.com.br\/portal\/index.php?rest_route=\/wp\/v2\/posts"}],"about":[{"href":"https:\/\/aconteceunovale.com.br\/portal\/index.php?rest_route=\/wp\/v2\/types\/post"}],"author":[{"embeddable":true,"href":"https:\/\/aconteceunovale.com.br\/portal\/index.php?rest_route=\/wp\/v2\/users\/1"}],"replies":[{"embeddable":true,"href":"https:\/\/aconteceunovale.com.br\/portal\/index.php?rest_route=%2Fwp%2Fv2%2Fcomments&post=102462"}],"version-history":[{"count":0,"href":"https:\/\/aconteceunovale.com.br\/portal\/index.php?rest_route=\/wp\/v2\/posts\/102462\/revisions"}],"wp:featuredmedia":[{"embeddable":true,"href":"https:\/\/aconteceunovale.com.br\/portal\/index.php?rest_route=\/wp\/v2\/media\/102463"}],"wp:attachment":[{"href":"https:\/\/aconteceunovale.com.br\/portal\/index.php?rest_route=%2Fwp%2Fv2%2Fmedia&parent=102462"}],"wp:term":[{"taxonomy":"category","embeddable":true,"href":"https:\/\/aconteceunovale.com.br\/portal\/index.php?rest_route=%2Fwp%2Fv2%2Fcategories&post=102462"},{"taxonomy":"post_tag","embeddable":true,"href":"https:\/\/aconteceunovale.com.br\/portal\/index.php?rest_route=%2Fwp%2Fv2%2Ftags&post=102462"}],"curies":[{"name":"wp","href":"https:\/\/api.w.org\/{rel}","templated":true}]}}