{"id":102459,"date":"2016-11-23T15:13:57","date_gmt":"2016-11-23T18:13:57","guid":{"rendered":"http:\/\/aconteceunovale.com.br\/portal\/?p=102459"},"modified":"2016-11-23T15:13:57","modified_gmt":"2016-11-23T18:13:57","slug":"enxurrada-inunda-presidio-de-conselheiro-pena-e-detentos-sao-transferidos-para-escola","status":"publish","type":"post","link":"https:\/\/aconteceunovale.com.br\/portal\/?p=102459","title":{"rendered":"Enxurrada inunda pres\u00eddio de Conselheiro Pena e detentos s\u00e3o transferidos para escola"},"content":{"rendered":"<p>Parte dos detentos do pres\u00eddio de Conselheiro Pena, no Leste de Minas, tiveram de ser remanejados na manh\u00e3 desta quarta-feira (23\/11\/2016), por causa da chuva que alagou a cidade. No total, 82 dos 150 presos foram levados para uma sala da Escola Estadual Polivalente, depois de a \u00e1gua inundar cinco celas da unidade prisional. A seguran\u00e7a est\u00e1 sendo feita pelos agentes penitenci\u00e1rios do munic\u00edpio e de Governador Valadares, al\u00e9m de militares.<\/p>\n<p>A calha do Rio Jo\u00e3o Pinto n\u00e3o suportou o volume de \u00e1gua que caiu no distrito hom\u00f4nimo e transbordou ao chegar em Conselheiro Pena, deixando o Bairro S\u00e3o Luiz isolado. De acordo com a comandante do 3\u00ba Pelot\u00e3o da 49\u00aa Companhia Independente da Pol\u00edcia Militar, tenente Tha\u00eds de Castro Martins, se o rio n\u00e3o encher novamente, os detentos voltar\u00e3o ao pres\u00eddio ainda nesta quarta-feira. \u201cEstamos monitorando junto com a Defesa Civil, mas a probabilidade \u00e9 de o rio encher\u201d, diz. As aulas foram suspensas em todas as escolas da cidade por causa da chuva. Na Polivalente, elas est\u00e3o canceladas enquanto os presos permanecerem na institui\u00e7\u00e3o.<\/p>\n<p>A tenente relata que \u00e0s 4h desta quarta, um carro com uma sirene soou o alerta para a popula\u00e7\u00e3o ribeirinha sobre a possibilidade de cheia do rio. A PM tamb\u00e9m fez contato com as pessoas da \u00e1rea comercial. \u00c0s 10h, a chuva chegou com mais intensidade. \u201cComo foi dado toque de alerta, houve tempo de os moradores suspenderem seus pertences e evitar danos maiores\u201d, conta.<\/p>\n<p><img decoding=\"async\" src=\"http:\/\/aconteceunovale.com.br\/portal\/wp-content\/uploads\/2016\/11\/inundacao_cp.jpg\" alt=\"\" \/><em>Chuva alaga ruas em Conselheiro Pena (Foto: Informe Leste\/Divulga\u00e7\u00e3o)<\/em><br \/>\n<\/br><\/p>\n<p><img decoding=\"async\" src=\"http:\/\/aconteceunovale.com.br\/portal\/wp-content\/uploads\/2016\/11\/conselheiro_pena_chuva_1.jpg\" alt=\"\" \/><em>Chuva alaga ruas em Conselheiro Pena (Foto: Informe Leste\/Divulga\u00e7\u00e3o)<\/em><br \/>\n<\/br><\/p>\n<p><img decoding=\"async\" src=\"http:\/\/aconteceunovale.com.br\/portal\/wp-content\/uploads\/2016\/11\/conselheiro_pena_chuva_2.jpg\" alt=\"\" \/><em>Chuva alaga ruas em Conselheiro Pena (Foto: Informe Leste\/Divulga\u00e7\u00e3o)<\/em><br \/>\n<\/br><\/p>\n<p><img decoding=\"async\" src=\"http:\/\/aconteceunovale.com.br\/portal\/wp-content\/uploads\/2016\/11\/conselheiro_pena_chuva_3.jpg\" alt=\"\" \/><em>Chuva alaga ruas em Conselheiro Pena (Foto: Informe Leste\/Divulga\u00e7\u00e3o)<\/em><br \/>\n<\/br><\/p>\n<p><img decoding=\"async\" src=\"http:\/\/aconteceunovale.com.br\/portal\/wp-content\/uploads\/2016\/11\/conselheiro_pena_chuva_4.jpg\" alt=\"\" \/><em>Chuva alaga ruas em Conselheiro Pena (Foto: Informe Leste\/Divulga\u00e7\u00e3o)<\/em><br \/>\n<\/br><\/p>\n<p><em>(Fonte: Estado de Minas)<\/em><\/p>\n","protected":false},"excerpt":{"rendered":"<p>Parte dos detentos do pres\u00eddio de Conselheiro Pena, no Leste de Minas, tiveram de ser remanejados na manh\u00e3 desta quarta-feira (23\/11\/2016), por causa da chuva que alagou a cidade. No total, 82 dos 150 presos foram levados para uma sala da Escola Estadual Polivalente, depois de a \u00e1gua inundar cinco celas da unidade prisional. A [&hellip;]<\/p>\n","protected":false},"author":1,"featured_media":102460,"comment_status":"open","ping_status":"closed","sticky":false,"template":"","format":"standard","meta":{"amp_status":"","footnotes":""},"categories":[121],"tags":[127030,127025,282,127033,127032,127026,127027,247,127031,127029,127024,127028],"class_list":["post-102459","post","type-post","status-publish","format-standard","has-post-thumbnail","hentry","category-leste","tag-celio-pereira","tag-chuva-em-conselheiro-pena","tag-conselheiro-pena","tag-enxurrada-inunda-presidio-de-conselheiro-pena-e-detentos-sao-transferidos-para-escola","tag-escola-estadual-polivalente","tag-estragos-da-chuva-em-conselheiro-pena","tag-forte-chuva-em-conselheiro-pena","tag-governador-valadares","tag-presidio-de-conselheiro-pena","tag-rio-joao-pinto","tag-temporal-alaga-ruas-e-isola-bairro-de-conselheiro-pena","tag-temporal-em-conselheiro-pena"],"_links":{"self":[{"href":"https:\/\/aconteceunovale.com.br\/portal\/index.php?rest_route=\/wp\/v2\/posts\/102459","targetHints":{"allow":["GET"]}}],"collection":[{"href":"https:\/\/aconteceunovale.com.br\/portal\/index.php?rest_route=\/wp\/v2\/posts"}],"about":[{"href":"https:\/\/aconteceunovale.com.br\/portal\/index.php?rest_route=\/wp\/v2\/types\/post"}],"author":[{"embeddable":true,"href":"https:\/\/aconteceunovale.com.br\/portal\/index.php?rest_route=\/wp\/v2\/users\/1"}],"replies":[{"embeddable":true,"href":"https:\/\/aconteceunovale.com.br\/portal\/index.php?rest_route=%2Fwp%2Fv2%2Fcomments&post=102459"}],"version-history":[{"count":0,"href":"https:\/\/aconteceunovale.com.br\/portal\/index.php?rest_route=\/wp\/v2\/posts\/102459\/revisions"}],"wp:featuredmedia":[{"embeddable":true,"href":"https:\/\/aconteceunovale.com.br\/portal\/index.php?rest_route=\/wp\/v2\/media\/102460"}],"wp:attachment":[{"href":"https:\/\/aconteceunovale.com.br\/portal\/index.php?rest_route=%2Fwp%2Fv2%2Fmedia&parent=102459"}],"wp:term":[{"taxonomy":"category","embeddable":true,"href":"https:\/\/aconteceunovale.com.br\/portal\/index.php?rest_route=%2Fwp%2Fv2%2Fcategories&post=102459"},{"taxonomy":"post_tag","embeddable":true,"href":"https:\/\/aconteceunovale.com.br\/portal\/index.php?rest_route=%2Fwp%2Fv2%2Ftags&post=102459"}],"curies":[{"name":"wp","href":"https:\/\/api.w.org\/{rel}","templated":true}]}}