{"id":102323,"date":"2016-11-21T16:59:48","date_gmt":"2016-11-21T19:59:48","guid":{"rendered":"http:\/\/aconteceunovale.com.br\/portal\/?p=102323"},"modified":"2016-11-21T16:59:48","modified_gmt":"2016-11-21T19:59:48","slug":"apos-queda-de-ponte-desvio-para-veiculos-e-construido-na-estrada-entre-mendes-pimentel-e-governador-valadares","status":"publish","type":"post","link":"https:\/\/aconteceunovale.com.br\/portal\/?p=102323","title":{"rendered":"Ap\u00f3s queda de ponte, desvio para ve\u00edculos \u00e9 constru\u00eddo na estrada entre Mendes Pimentel e Governador Valadares"},"content":{"rendered":"<p>Funcion\u00e1rios do Departamento de Edifica\u00e7\u00f5es e Estradas de Rodagem do Estado de Minas Gerais (DEER\/MG) ainda est\u00e3o na cidade de Mendes Pimentel nesta segunda-feira, 21 de novembro de 2016, trabalhando na constru\u00e7\u00e3o de um desvio para que os ve\u00edculos voltem a trafegar normalmente na MG-417. A rodovia foi interditada no s\u00e1bado (19) ap\u00f3s a enxurrada destruir uma ponte que liga a cidade at\u00e9 Governador Valadares.<\/p>\n<p>Segundo o coordenador da Defesa Civil de Mendes Pimentel, Francisco Carlos de Freitas, no s\u00e1bado a ponte cedeu impedindo o acesso dos moradores pela rodovia.<\/p>\n<p>O DEER enviou uma equipe para o local para a constru\u00e7\u00e3o de um desvio e assim liberar o tr\u00e2nsito. De acordo com Freitas, na tarde de domingo (20), os ve\u00edculos leves j\u00e1 estavam passando pelo novo acesso. At\u00e9 o fim desta segunda o local ser\u00e1 totalmente liberado, segundo o DEER.<\/p>\n<p>O coordenador faz um alerta aos motoristas que precisam passar pela via. &#8220;O desvio parece que ficou bem seguro, mas a previs\u00e3o \u00e9 demais chuvas para o Leste de Minas, portanto \u00e9 preciso ter cuidado com o trecho&#8221;, disse.<\/p>\n<p><img decoding=\"async\" src=\"http:\/\/aconteceunovale.com.br\/portal\/wp-content\/uploads\/2016\/11\/chuva_mendes_pimentel.jpeg\" alt=\"\" \/><em>Ponte cedeu pr\u00f3ximo a cidade de Mendes Pimental (Foto: Washington Luiz\/Reprodu\u00e7\u00e3o G1)<\/em><br \/>\n<\/br><\/p>\n<p><em>(Fonte: G1 dos Vales)<\/em><\/p>\n","protected":false},"excerpt":{"rendered":"<p>Funcion\u00e1rios do Departamento de Edifica\u00e7\u00f5es e Estradas de Rodagem do Estado de Minas Gerais (DEER\/MG) ainda est\u00e3o na cidade de Mendes Pimentel nesta segunda-feira, 21 de novembro de 2016, trabalhando na constru\u00e7\u00e3o de um desvio para que os ve\u00edculos voltem a trafegar normalmente na MG-417. A rodovia foi interditada no s\u00e1bado (19) ap\u00f3s a enxurrada [&hellip;]<\/p>\n","protected":false},"author":1,"featured_media":102324,"comment_status":"open","ping_status":"closed","sticky":false,"template":"","format":"standard","meta":{"amp_status":"","footnotes":""},"categories":[121],"tags":[126771,126769,121430,126777,126770,126780,126781,126772,126778,247,126776,126774,126775,126773,1672,126779],"class_list":["post-102323","post","type-post","status-publish","format-standard","has-post-thumbnail","hentry","category-leste","tag-chuva-mendes-pimentel","tag-deer","tag-deermg","tag-defesa-civil-de-mendes-pimentel","tag-departamento-de-edificacoes-e-estradas-de-rodagem-do-estado-de-minas-gerais","tag-desvio-para-veiculos-e-construido-na-estrada-entre-mendes-pimentel-e-governador-valadares","tag-desvio-para-veiculos-e-construido-na-mg-417","tag-estrada-mendes-pimentel","tag-francisco-carlos-de-freitas","tag-governador-valadares","tag-interdicao-de-estrada-entre-mendes-pimentel-e-governador-valadares","tag-interdicao-mendes-pimentel","tag-liberacao-de-estrada-entre-mendes-pimentel-e-governador-valadares","tag-liberacao-mendes-pimentel","tag-mendes-pimentel","tag-mg-417"],"_links":{"self":[{"href":"https:\/\/aconteceunovale.com.br\/portal\/index.php?rest_route=\/wp\/v2\/posts\/102323","targetHints":{"allow":["GET"]}}],"collection":[{"href":"https:\/\/aconteceunovale.com.br\/portal\/index.php?rest_route=\/wp\/v2\/posts"}],"about":[{"href":"https:\/\/aconteceunovale.com.br\/portal\/index.php?rest_route=\/wp\/v2\/types\/post"}],"author":[{"embeddable":true,"href":"https:\/\/aconteceunovale.com.br\/portal\/index.php?rest_route=\/wp\/v2\/users\/1"}],"replies":[{"embeddable":true,"href":"https:\/\/aconteceunovale.com.br\/portal\/index.php?rest_route=%2Fwp%2Fv2%2Fcomments&post=102323"}],"version-history":[{"count":0,"href":"https:\/\/aconteceunovale.com.br\/portal\/index.php?rest_route=\/wp\/v2\/posts\/102323\/revisions"}],"wp:featuredmedia":[{"embeddable":true,"href":"https:\/\/aconteceunovale.com.br\/portal\/index.php?rest_route=\/wp\/v2\/media\/102324"}],"wp:attachment":[{"href":"https:\/\/aconteceunovale.com.br\/portal\/index.php?rest_route=%2Fwp%2Fv2%2Fmedia&parent=102323"}],"wp:term":[{"taxonomy":"category","embeddable":true,"href":"https:\/\/aconteceunovale.com.br\/portal\/index.php?rest_route=%2Fwp%2Fv2%2Fcategories&post=102323"},{"taxonomy":"post_tag","embeddable":true,"href":"https:\/\/aconteceunovale.com.br\/portal\/index.php?rest_route=%2Fwp%2Fv2%2Ftags&post=102323"}],"curies":[{"name":"wp","href":"https:\/\/api.w.org\/{rel}","templated":true}]}}