{"id":102279,"date":"2016-11-21T13:50:53","date_gmt":"2016-11-21T16:50:53","guid":{"rendered":"http:\/\/aconteceunovale.com.br\/portal\/?p=102279"},"modified":"2016-11-21T13:50:53","modified_gmt":"2016-11-21T16:50:53","slug":"prf-faz-campanha-nacional-em-apoio-a-criancas-com-cancer","status":"publish","type":"post","link":"https:\/\/aconteceunovale.com.br\/portal\/?p=102279","title":{"rendered":"PRF faz campanha nacional em apoio a crian\u00e7as com c\u00e2ncer"},"content":{"rendered":"<p>Em 23 estados do Brasil, pelos menos 3 mil policiais rodovi\u00e1rios federais participam ao longo da semana de atividades do projeto Policiais contra o C\u00e2ncer Infantil. A iniciativa surgiu em 2014 com o objetivo de marcar a data 23 de novembro, Dia Nacional de Combate ao C\u00e2ncer Infantil.<\/p>\n<p>Em Bras\u00edlia, as a\u00e7\u00f5es come\u00e7aram nesta segunda-feira (21) com a visita de crian\u00e7as com c\u00e2ncer e outras doen\u00e7as raras \u00e0 sede da Pol\u00edcia Rodovi\u00e1ria Federal (PRF). Logo cedo, um grupo de 88 pessoas, entre crian\u00e7as, volunt\u00e1rios e pacientes, saiu pelas ruas de Bras\u00edlia em um \u00f4nibus escoltado por policiais e seguiu at\u00e9 a sede da PRF.<\/p>\n<p>As crian\u00e7as puderam passear nas viaturas, entrar no helic\u00f3ptero, conhecer a ambul\u00e2ncia de atendimento emergencial, brincar ao som das sirenes, assistir a uma apresenta\u00e7\u00e3o de teatro e ainda chegar bem perto de c\u00e3es farejadores. Essa foi a parte preferida de Armando Silva, 6 anos. \u201cAchei muito legal, eu nunca tinha visto um cachorro desse tamanho. Eu jogo, ele pega\u201d, disse Armando enquanto jogava um objeto para o c\u00e3o farejador.<\/p>\n<p>Armando tem uma imunodefici\u00eancia rara e precisa de transplante de medula. Ele \u00e9 de Cant\u00e1, cidade do interior de Roraima e h\u00e1 tr\u00eas anos faz o tratamento pela rede p\u00fablica do Distrito Federal. Junto com sua m\u00e3e, Deydiane Silva, 29 anos, ele passa meses em Bras\u00edlia e apenas alguns dias na terra natal. \u201cPra gente isso aqui \u00e9 uma distra\u00e7\u00e3o muito grande, porque a vida do hospital \u00e9 muito desgastante. \u00c9 estressante, at\u00e9 a medica\u00e7\u00e3o para ele tomar \u00e0s vezes \u00e9 uma tortura e, hoje, por causa da atividade, ele tomou e nem lembrou que era rem\u00e9dio\u201d, contou a m\u00e3e.<\/p>\n<p>Outra atividade que encantou as crian\u00e7as foi o corte de cabelo de alguns policiais, que, em solidariedade aos pequenos pacientes, decidiram raspar a cabe\u00e7a. \u201cEssa intera\u00e7\u00e3o com as crian\u00e7as humaniza a atividade policial. Vamos raspar a cabe\u00e7a para que elas se sintam parecidas com a gente. Para as crian\u00e7as, os policias t\u00eam uma imagem de her\u00f3i. Ent\u00e3o, a gente d\u00e1 a nossa imagem de her\u00f3i para que elas acreditem que podem vencer e enfrentar o que elas t\u00eam sofrido&#8221;, afirmou o policial Igor de Carvalho Ramos.<\/p>\n<p>Para Jos\u00e9 Te\u00f3genes Abreu, presidente da Comiss\u00e3o Regional de Direitos Humanos da PRF no DF, o principal resultado \u00e9 a aproxima\u00e7\u00e3o da PRF nas comunidades. \u201cN\u00f3s que trabalhamos com armas, nosso uniforme muitas vezes afugenta as pessoas. \u00c9 preciso que nos momentos em que n\u00e3o estamos em opera\u00e7\u00f5es, a gente se misture, a gente se aproxime da comunidade e fa\u00e7a esse convite, para que a comunidade conhe\u00e7a melhor o nosso trabalho e possa respeitar, n\u00e3o precisa temer. Tem essa finalidade social\u201d, destacou.<\/p>\n<p><img decoding=\"async\" src=\"http:\/\/aconteceunovale.com.br\/portal\/wp-content\/uploads\/2016\/11\/criancas_cancer_1.jpg\" alt=\"\" \/><em>Armando Silva brincou com os c\u00e3es farejadores (Marcelo Camargo\/Ag\u00eancia Brasil)<\/em><br \/>\n<\/br><\/p>\n<p><strong>Desafios da assist\u00eancia<\/strong><\/p>\n<p>As crian\u00e7as que participaram da atividade em Bras\u00edlia s\u00e3o assistidas pela Abrace, associa\u00e7\u00e3o respons\u00e1vel pela assist\u00eancia e apoio aos pacientes e seus parentes na capital federal. Atualmente, cerca de 6 mil pessoas, considerando as crian\u00e7as com seus parentes, s\u00e3o acompanhadas pela ONG desde o diagn\u00f3stico at\u00e9 o tratamento.<\/p>\n<p>\u201cEste \u00e9 um momento maravilhoso, porque \u00e9 uma coisa muito distante da realidade desses meninos. Eles nunca viram um helic\u00f3ptero pousar t\u00e3o pertinho deles nem a apresenta\u00e7\u00e3o dos c\u00e3es. Tivemos tamb\u00e9m o corte de cabelos dos policiais, para que essa crian\u00e7a se sinta empoderada, se sinta igual ao policial. Ent\u00e3o \u00e9 um momento em que a crian\u00e7a vai esquecer que ela \u00e9 um paciente. Isso faz muito bem para o tratamento de doen\u00e7as t\u00e3o complexas como o c\u00e2ncer\u201d, afirmou Ilda Peliz, presidenta da Abrace.<\/p>\n<p>Entre as a\u00e7\u00f5es de apoio feitas pela Abrace est\u00e3o a melhora da resid\u00eancia familiar, doa\u00e7\u00e3o de alimentos e medicamentos, ajuda na realiza\u00e7\u00e3o de exames e o suporte dentro do hospital por meio dos volunt\u00e1rios. A a\u00e7\u00e3o dos policiais chega em um momento oportuno para a associa\u00e7\u00e3o. \u201cA principal dificuldade \u00e9 financeira. Vivemos de doa\u00e7\u00f5es, n\u00e3o temos ajuda governamental e essa crise afetou nossa arrecada\u00e7\u00e3o, muita gente deixou de doar ou diminuiu  valor, ent\u00e3o temos diminu\u00eddo algumas obras\u201d, contou Ilda.<\/p>\n<p>O Instituto Nacional de C\u00e2ncer (Inca) estima que em 2016 e 2017 o c\u00e2ncer infantil deve atingir aproximadamente 12,6 mil crian\u00e7as no Brasil, principalmente nas regi\u00f5es Sudeste e Nordeste. Os linfomas no sistema linf\u00e1tico, no sistema nervoso central e as leucemias s\u00e3o as ocorr\u00eancias de c\u00e2ncer mais frequentes na inf\u00e2ncia e na adolesc\u00eancia. O diagn\u00f3stico precoce e o acesso ao tratamento especializado garantem a cura em pelo menos 70% dos casos, segundo o Inca.<\/p>\n<p><img decoding=\"async\" src=\"http:\/\/aconteceunovale.com.br\/portal\/wp-content\/uploads\/2016\/11\/criancas_cancer_2.jpg\" alt=\"\" \/><em>Crian\u00e7as raspam os cabelos de policiais rodovi\u00e1rios (Marcelo Camargo\/Ag\u00eancia Brasil)<\/em><br \/>\n<\/br><\/p>\n<p><em>(Fonte: Ag\u00eancia Brasil)<\/em><\/p>\n","protected":false},"excerpt":{"rendered":"<p>Em 23 estados do Brasil, pelos menos 3 mil policiais rodovi\u00e1rios federais participam ao longo da semana de atividades do projeto Policiais contra o C\u00e2ncer Infantil. A iniciativa surgiu em 2014 com o objetivo de marcar a data 23 de novembro, Dia Nacional de Combate ao C\u00e2ncer Infantil. Em Bras\u00edlia, as a\u00e7\u00f5es come\u00e7aram nesta segunda-feira [&hellip;]<\/p>\n","protected":false},"author":1,"featured_media":102280,"comment_status":"open","ping_status":"closed","sticky":false,"template":"","format":"standard","meta":{"amp_status":"","footnotes":""},"categories":[6],"tags":[126734,4606,15623,126742,24307,113990,126738,126737,19298,126739,126735,126740,239,126736,126741,19152],"class_list":["post-102279","post","type-post","status-publish","format-standard","has-post-thumbnail","hentry","category-br","tag-abrace","tag-brasilia","tag-campanha","tag-campanha-nacional-em-apoio-a-criancas-com-cancer","tag-cancer","tag-cancer-infantil","tag-combate-ao-cancer-infantil","tag-dia-nacional-de-combate-ao-cancer-infantil","tag-inca","tag-jose-teogenes-abreu","tag-policiais-contra-o-cancer-infantil","tag-presidente-da-comissao-regional-de-direitos-humanos-da-prf-no-df","tag-prf","tag-prf-contra-o-cancer-infantil","tag-prf-faz-campanha-nacional-em-apoio-a-criancas-com-cancer","tag-saude"],"yoast_head":"<!-- This site is optimized with the Yoast SEO plugin v28.3 - https:\/\/yoast.com\/product\/yoast-seo-wordpress\/ -->\n<title>PRF faz campanha nacional em apoio a crian\u00e7as com c\u00e2ncer - Aconteceu no Vale<\/title>\n<meta name=\"robots\" content=\"index, follow, max-snippet:-1, max-image-preview:large, max-video-preview:-1\" \/>\n<link rel=\"canonical\" href=\"https:\/\/aconteceunovale.com.br\/portal\/?p=102279\" \/>\n<meta property=\"og:locale\" content=\"pt_BR\" \/>\n<meta property=\"og:type\" content=\"article\" \/>\n<meta property=\"og:title\" content=\"PRF faz campanha nacional em apoio a crian\u00e7as com c\u00e2ncer - Aconteceu no Vale\" \/>\n<meta property=\"og:description\" content=\"Em 23 estados do Brasil, pelos menos 3 mil policiais rodovi\u00e1rios federais participam ao longo da semana de atividades do projeto Policiais contra o C\u00e2ncer Infantil. A iniciativa surgiu em 2014 com o objetivo de marcar a data 23 de novembro, Dia Nacional de Combate ao C\u00e2ncer Infantil. Em Bras\u00edlia, as a\u00e7\u00f5es come\u00e7aram nesta segunda-feira [&hellip;]\" \/>\n<meta property=\"og:url\" content=\"https:\/\/aconteceunovale.com.br\/portal\/?p=102279\" \/>\n<meta property=\"og:site_name\" content=\"Aconteceu no Vale\" \/>\n<meta property=\"article:publisher\" content=\"https:\/\/www.facebook.com\/aconteceunovale\/\" \/>\n<meta property=\"article:published_time\" content=\"2016-11-21T16:50:53+00:00\" \/>\n<meta property=\"og:image\" content=\"https:\/\/aconteceunovale.com.br\/portal\/wp-content\/uploads\/2016\/11\/criancas_cancer_1.jpg\" \/>\n\t<meta property=\"og:image:width\" content=\"674\" \/>\n\t<meta property=\"og:image:height\" content=\"450\" \/>\n\t<meta property=\"og:image:type\" content=\"image\/jpeg\" \/>\n<meta name=\"author\" content=\"Aconteceu no Vale\" \/>\n<meta name=\"twitter:card\" content=\"summary_large_image\" \/>\n<meta name=\"twitter:creator\" content=\"@noticiadosvales\" \/>\n<meta name=\"twitter:site\" content=\"@noticiadosvales\" \/>\n<meta name=\"twitter:label1\" content=\"Escrito por\" \/>\n\t<meta name=\"twitter:data1\" content=\"Aconteceu no Vale\" \/>\n\t<meta name=\"twitter:label2\" content=\"Est. tempo de leitura\" \/>\n\t<meta name=\"twitter:data2\" content=\"4 minutos\" \/>\n<script type=\"application\/ld+json\" class=\"yoast-schema-graph\">{\"@context\":\"https:\\\/\\\/schema.org\",\"@graph\":[{\"@type\":\"Article\",\"@id\":\"https:\\\/\\\/aconteceunovale.com.br\\\/portal\\\/?p=102279#article\",\"isPartOf\":{\"@id\":\"https:\\\/\\\/aconteceunovale.com.br\\\/portal\\\/?p=102279\"},\"author\":{\"name\":\"Aconteceu no Vale\",\"@id\":\"https:\\\/\\\/aconteceunovale.com.br\\\/portal\\\/#\\\/schema\\\/person\\\/633529146f2c94272bef50ac2953d589\"},\"headline\":\"PRF faz campanha nacional em apoio a crian\u00e7as com c\u00e2ncer\",\"datePublished\":\"2016-11-21T16:50:53+00:00\",\"mainEntityOfPage\":{\"@id\":\"https:\\\/\\\/aconteceunovale.com.br\\\/portal\\\/?p=102279\"},\"wordCount\":840,\"commentCount\":1,\"image\":{\"@id\":\"https:\\\/\\\/aconteceunovale.com.br\\\/portal\\\/?p=102279#primaryimage\"},\"thumbnailUrl\":\"https:\\\/\\\/aconteceunovale.com.br\\\/portal\\\/wp-content\\\/uploads\\\/2016\\\/11\\\/criancas_cancer_1.jpg\",\"keywords\":[\"Abrace\",\"Bras\u00edlia\",\"Campanha\",\"campanha nacional em apoio a crian\u00e7as com c\u00e2ncer\",\"c\u00e2ncer\",\"c\u00e2ncer infantil\",\"Combate ao C\u00e2ncer Infantil\",\"Dia Nacional de Combate ao C\u00e2ncer Infantil\",\"Inca\",\"Jos\u00e9 Te\u00f3genes Abreu\",\"Policiais contra o C\u00e2ncer Infantil\",\"presidente da Comiss\u00e3o Regional de Direitos Humanos da PRF no DF\",\"PRF\",\"PRF contra o C\u00e2ncer Infantil\",\"PRF faz campanha nacional em apoio a crian\u00e7as com c\u00e2ncer\",\"sa\u00fade\"],\"articleSection\":[\"Brasil\"],\"inLanguage\":\"pt-BR\",\"potentialAction\":[{\"@type\":\"CommentAction\",\"name\":\"Comment\",\"target\":[\"https:\\\/\\\/aconteceunovale.com.br\\\/portal\\\/?p=102279#respond\"]}]},{\"@type\":\"WebPage\",\"@id\":\"https:\\\/\\\/aconteceunovale.com.br\\\/portal\\\/?p=102279\",\"url\":\"https:\\\/\\\/aconteceunovale.com.br\\\/portal\\\/?p=102279\",\"name\":\"PRF faz campanha nacional em apoio a crian\u00e7as com c\u00e2ncer - Aconteceu no Vale\",\"isPartOf\":{\"@id\":\"https:\\\/\\\/aconteceunovale.com.br\\\/portal\\\/#website\"},\"primaryImageOfPage\":{\"@id\":\"https:\\\/\\\/aconteceunovale.com.br\\\/portal\\\/?p=102279#primaryimage\"},\"image\":{\"@id\":\"https:\\\/\\\/aconteceunovale.com.br\\\/portal\\\/?p=102279#primaryimage\"},\"thumbnailUrl\":\"https:\\\/\\\/aconteceunovale.com.br\\\/portal\\\/wp-content\\\/uploads\\\/2016\\\/11\\\/criancas_cancer_1.jpg\",\"datePublished\":\"2016-11-21T16:50:53+00:00\",\"author\":{\"@id\":\"https:\\\/\\\/aconteceunovale.com.br\\\/portal\\\/#\\\/schema\\\/person\\\/633529146f2c94272bef50ac2953d589\"},\"breadcrumb\":{\"@id\":\"https:\\\/\\\/aconteceunovale.com.br\\\/portal\\\/?p=102279#breadcrumb\"},\"inLanguage\":\"pt-BR\",\"potentialAction\":[{\"@type\":\"ReadAction\",\"target\":[\"https:\\\/\\\/aconteceunovale.com.br\\\/portal\\\/?p=102279\"]}]},{\"@type\":\"ImageObject\",\"inLanguage\":\"pt-BR\",\"@id\":\"https:\\\/\\\/aconteceunovale.com.br\\\/portal\\\/?p=102279#primaryimage\",\"url\":\"https:\\\/\\\/aconteceunovale.com.br\\\/portal\\\/wp-content\\\/uploads\\\/2016\\\/11\\\/criancas_cancer_1.jpg\",\"contentUrl\":\"https:\\\/\\\/aconteceunovale.com.br\\\/portal\\\/wp-content\\\/uploads\\\/2016\\\/11\\\/criancas_cancer_1.jpg\",\"width\":674,\"height\":450},{\"@type\":\"BreadcrumbList\",\"@id\":\"https:\\\/\\\/aconteceunovale.com.br\\\/portal\\\/?p=102279#breadcrumb\",\"itemListElement\":[{\"@type\":\"ListItem\",\"position\":1,\"name\":\"In\u00edcio\",\"item\":\"https:\\\/\\\/aconteceunovale.com.br\\\/portal\\\/\"},{\"@type\":\"ListItem\",\"position\":2,\"name\":\"PRF faz campanha nacional em apoio a crian\u00e7as com c\u00e2ncer\"}]},{\"@type\":\"WebSite\",\"@id\":\"https:\\\/\\\/aconteceunovale.com.br\\\/portal\\\/#website\",\"url\":\"https:\\\/\\\/aconteceunovale.com.br\\\/portal\\\/\",\"name\":\"Aconteceu no Vale\",\"description\":\"Portal de Not\u00edcias\",\"potentialAction\":[{\"@type\":\"SearchAction\",\"target\":{\"@type\":\"EntryPoint\",\"urlTemplate\":\"https:\\\/\\\/aconteceunovale.com.br\\\/portal\\\/?s={search_term_string}\"},\"query-input\":{\"@type\":\"PropertyValueSpecification\",\"valueRequired\":true,\"valueName\":\"search_term_string\"}}],\"inLanguage\":\"pt-BR\"},{\"@type\":\"Person\",\"@id\":\"https:\\\/\\\/aconteceunovale.com.br\\\/portal\\\/#\\\/schema\\\/person\\\/633529146f2c94272bef50ac2953d589\",\"name\":\"Aconteceu no Vale\",\"description\":\"Equipe de reportagem do Aconteceu no Vale, portal de not\u00edcias do Vale do Jequitinhonha, em Minas Gerais. Cobrimos as 51 cidades do Vale desde 2013. Sugest\u00f5es de pauta e pedidos de corre\u00e7\u00e3o: contato@aconteceunovale.com.br\",\"sameAs\":[\"http:\\\/\\\/www.aconteceunovale.com.br\"],\"url\":\"https:\\\/\\\/aconteceunovale.com.br\\\/portal\\\/?author=1\"}]}<\/script>\n<!-- \/ Yoast SEO plugin. -->","yoast_head_json":{"title":"PRF faz campanha nacional em apoio a crian\u00e7as com c\u00e2ncer - Aconteceu no Vale","robots":{"index":"index","follow":"follow","max-snippet":"max-snippet:-1","max-image-preview":"max-image-preview:large","max-video-preview":"max-video-preview:-1"},"canonical":"https:\/\/aconteceunovale.com.br\/portal\/?p=102279","og_locale":"pt_BR","og_type":"article","og_title":"PRF faz campanha nacional em apoio a crian\u00e7as com c\u00e2ncer - Aconteceu no Vale","og_description":"Em 23 estados do Brasil, pelos menos 3 mil policiais rodovi\u00e1rios federais participam ao longo da semana de atividades do projeto Policiais contra o C\u00e2ncer Infantil. A iniciativa surgiu em 2014 com o objetivo de marcar a data 23 de novembro, Dia Nacional de Combate ao C\u00e2ncer Infantil. Em Bras\u00edlia, as a\u00e7\u00f5es come\u00e7aram nesta segunda-feira [&hellip;]","og_url":"https:\/\/aconteceunovale.com.br\/portal\/?p=102279","og_site_name":"Aconteceu no Vale","article_publisher":"https:\/\/www.facebook.com\/aconteceunovale\/","article_published_time":"2016-11-21T16:50:53+00:00","og_image":[{"width":674,"height":450,"url":"https:\/\/aconteceunovale.com.br\/portal\/wp-content\/uploads\/2016\/11\/criancas_cancer_1.jpg","type":"image\/jpeg"}],"author":"Aconteceu no Vale","twitter_card":"summary_large_image","twitter_creator":"@noticiadosvales","twitter_site":"@noticiadosvales","twitter_misc":{"Escrito por":"Aconteceu no Vale","Est. tempo de leitura":"4 minutos"},"schema":{"@context":"https:\/\/schema.org","@graph":[{"@type":"Article","@id":"https:\/\/aconteceunovale.com.br\/portal\/?p=102279#article","isPartOf":{"@id":"https:\/\/aconteceunovale.com.br\/portal\/?p=102279"},"author":{"name":"Aconteceu no Vale","@id":"https:\/\/aconteceunovale.com.br\/portal\/#\/schema\/person\/633529146f2c94272bef50ac2953d589"},"headline":"PRF faz campanha nacional em apoio a crian\u00e7as com c\u00e2ncer","datePublished":"2016-11-21T16:50:53+00:00","mainEntityOfPage":{"@id":"https:\/\/aconteceunovale.com.br\/portal\/?p=102279"},"wordCount":840,"commentCount":1,"image":{"@id":"https:\/\/aconteceunovale.com.br\/portal\/?p=102279#primaryimage"},"thumbnailUrl":"https:\/\/aconteceunovale.com.br\/portal\/wp-content\/uploads\/2016\/11\/criancas_cancer_1.jpg","keywords":["Abrace","Bras\u00edlia","Campanha","campanha nacional em apoio a crian\u00e7as com c\u00e2ncer","c\u00e2ncer","c\u00e2ncer infantil","Combate ao C\u00e2ncer Infantil","Dia Nacional de Combate ao C\u00e2ncer Infantil","Inca","Jos\u00e9 Te\u00f3genes Abreu","Policiais contra o C\u00e2ncer Infantil","presidente da Comiss\u00e3o Regional de Direitos Humanos da PRF no DF","PRF","PRF contra o C\u00e2ncer Infantil","PRF faz campanha nacional em apoio a crian\u00e7as com c\u00e2ncer","sa\u00fade"],"articleSection":["Brasil"],"inLanguage":"pt-BR","potentialAction":[{"@type":"CommentAction","name":"Comment","target":["https:\/\/aconteceunovale.com.br\/portal\/?p=102279#respond"]}]},{"@type":"WebPage","@id":"https:\/\/aconteceunovale.com.br\/portal\/?p=102279","url":"https:\/\/aconteceunovale.com.br\/portal\/?p=102279","name":"PRF faz campanha nacional em apoio a crian\u00e7as com c\u00e2ncer - Aconteceu no Vale","isPartOf":{"@id":"https:\/\/aconteceunovale.com.br\/portal\/#website"},"primaryImageOfPage":{"@id":"https:\/\/aconteceunovale.com.br\/portal\/?p=102279#primaryimage"},"image":{"@id":"https:\/\/aconteceunovale.com.br\/portal\/?p=102279#primaryimage"},"thumbnailUrl":"https:\/\/aconteceunovale.com.br\/portal\/wp-content\/uploads\/2016\/11\/criancas_cancer_1.jpg","datePublished":"2016-11-21T16:50:53+00:00","author":{"@id":"https:\/\/aconteceunovale.com.br\/portal\/#\/schema\/person\/633529146f2c94272bef50ac2953d589"},"breadcrumb":{"@id":"https:\/\/aconteceunovale.com.br\/portal\/?p=102279#breadcrumb"},"inLanguage":"pt-BR","potentialAction":[{"@type":"ReadAction","target":["https:\/\/aconteceunovale.com.br\/portal\/?p=102279"]}]},{"@type":"ImageObject","inLanguage":"pt-BR","@id":"https:\/\/aconteceunovale.com.br\/portal\/?p=102279#primaryimage","url":"https:\/\/aconteceunovale.com.br\/portal\/wp-content\/uploads\/2016\/11\/criancas_cancer_1.jpg","contentUrl":"https:\/\/aconteceunovale.com.br\/portal\/wp-content\/uploads\/2016\/11\/criancas_cancer_1.jpg","width":674,"height":450},{"@type":"BreadcrumbList","@id":"https:\/\/aconteceunovale.com.br\/portal\/?p=102279#breadcrumb","itemListElement":[{"@type":"ListItem","position":1,"name":"In\u00edcio","item":"https:\/\/aconteceunovale.com.br\/portal\/"},{"@type":"ListItem","position":2,"name":"PRF faz campanha nacional em apoio a crian\u00e7as com c\u00e2ncer"}]},{"@type":"WebSite","@id":"https:\/\/aconteceunovale.com.br\/portal\/#website","url":"https:\/\/aconteceunovale.com.br\/portal\/","name":"Aconteceu no Vale","description":"Portal de Not\u00edcias","potentialAction":[{"@type":"SearchAction","target":{"@type":"EntryPoint","urlTemplate":"https:\/\/aconteceunovale.com.br\/portal\/?s={search_term_string}"},"query-input":{"@type":"PropertyValueSpecification","valueRequired":true,"valueName":"search_term_string"}}],"inLanguage":"pt-BR"},{"@type":"Person","@id":"https:\/\/aconteceunovale.com.br\/portal\/#\/schema\/person\/633529146f2c94272bef50ac2953d589","name":"Aconteceu no Vale","description":"Equipe de reportagem do Aconteceu no Vale, portal de not\u00edcias do Vale do Jequitinhonha, em Minas Gerais. Cobrimos as 51 cidades do Vale desde 2013. Sugest\u00f5es de pauta e pedidos de corre\u00e7\u00e3o: contato@aconteceunovale.com.br","sameAs":["http:\/\/www.aconteceunovale.com.br"],"url":"https:\/\/aconteceunovale.com.br\/portal\/?author=1"}]}},"_links":{"self":[{"href":"https:\/\/aconteceunovale.com.br\/portal\/index.php?rest_route=\/wp\/v2\/posts\/102279","targetHints":{"allow":["GET"]}}],"collection":[{"href":"https:\/\/aconteceunovale.com.br\/portal\/index.php?rest_route=\/wp\/v2\/posts"}],"about":[{"href":"https:\/\/aconteceunovale.com.br\/portal\/index.php?rest_route=\/wp\/v2\/types\/post"}],"author":[{"embeddable":true,"href":"https:\/\/aconteceunovale.com.br\/portal\/index.php?rest_route=\/wp\/v2\/users\/1"}],"replies":[{"embeddable":true,"href":"https:\/\/aconteceunovale.com.br\/portal\/index.php?rest_route=%2Fwp%2Fv2%2Fcomments&post=102279"}],"version-history":[{"count":0,"href":"https:\/\/aconteceunovale.com.br\/portal\/index.php?rest_route=\/wp\/v2\/posts\/102279\/revisions"}],"wp:featuredmedia":[{"embeddable":true,"href":"https:\/\/aconteceunovale.com.br\/portal\/index.php?rest_route=\/wp\/v2\/media\/102280"}],"wp:attachment":[{"href":"https:\/\/aconteceunovale.com.br\/portal\/index.php?rest_route=%2Fwp%2Fv2%2Fmedia&parent=102279"}],"wp:term":[{"taxonomy":"category","embeddable":true,"href":"https:\/\/aconteceunovale.com.br\/portal\/index.php?rest_route=%2Fwp%2Fv2%2Fcategories&post=102279"},{"taxonomy":"post_tag","embeddable":true,"href":"https:\/\/aconteceunovale.com.br\/portal\/index.php?rest_route=%2Fwp%2Fv2%2Ftags&post=102279"}],"curies":[{"name":"wp","href":"https:\/\/api.w.org\/{rel}","templated":true}]}}