{"id":102277,"date":"2016-11-21T13:40:47","date_gmt":"2016-11-21T16:40:47","guid":{"rendered":"http:\/\/aconteceunovale.com.br\/portal\/?p=102277"},"modified":"2016-11-21T13:40:47","modified_gmt":"2016-11-21T16:40:47","slug":"papa-francisco-concede-a-padres-decisao-de-perdoar-quem-comete-abortos","status":"publish","type":"post","link":"https:\/\/aconteceunovale.com.br\/portal\/?p=102277","title":{"rendered":"Papa Francisco concede a padres decis\u00e3o de perdoar quem comete abortos"},"content":{"rendered":"<p>O papa Francisco concedeu hoje (21\/11\/2016) aos sacerdotes a decis\u00e3o de absolver ou n\u00e3o as pessoas que cometeram aborto e procuram a Igreja Cat\u00f3lica para se redimir. A orienta\u00e7\u00e3o foi publicada na carta apost\u00f3lica<em>\u00a0Misericordia et Miseria<\/em>, divulgada pelo Vaticano. O texto marca o encerramento do Ano Santo do Jubileu, que foi dedicado ao tema da miseric\u00f3rdia.<\/p>\n<p>A carta apost\u00f3lica estabelece uma s\u00e9rie de novas instru\u00e7\u00f5es para que a miseric\u00f3rdia seja adotada como pr\u00e1tica di\u00e1ria entre os cat\u00f3licos. Dessa forma, os sacerdotes ficam livres para decidir perdoar ou n\u00e3o uma pessoa que cometeu aborto. Isso abre caminho para m\u00e9dicos e mulheres que j\u00e1 cometeram ou participaram de abortos. At\u00e9 hoje, os dois eram impedidos automaticamente de comungar na Igreja e o\u00a0<em>status<\/em>\u00a0s\u00f3 podia ser revertido em casos espec\u00edficos por bispos ou delegados.<\/p>\n<p>&#8220;Com todas as minhas for\u00e7as, digo que o aborto \u00e9 um pecado grave, porque coloca fim a uma vida inocente&#8221;, afirmou o papa. Mas pe\u00e7o aos sacerdotes que sejam guias e deem apoio e conforto no acompanhamento dos penitentes&#8221;, ressaltou o l\u00edder cat\u00f3lico &#8220;Para que nenhum obst\u00e1culo se coloque entre o pedido de reconcilia\u00e7\u00e3o e o perd\u00e3o de Deus, concedo, a partir de hoje, a todos os sacerdotes, na for\u00e7a de seus minist\u00e9rios, a faculdade de absolver os que os procuram pelo pecado do aborto&#8221;, determinou Francisco.<\/p>\n<p>Al\u00e9m da quest\u00e3o do aborto, o papa validou as confiss\u00f5es celebradas por sacerdotes lefebrvianos e oficializou o trabalho dos &#8220;mission\u00e1rios da miseric\u00f3rdia&#8221;, postos criados durante o Jubileu para &#8220;escutar e perdoar os fi\u00e9is&#8221;. No texto, Francisco disse que a miseric\u00f3rdia \u00e9 um &#8220;valor social&#8221; que deve &#8220;restituir a dignidade de milh\u00f5es de pessoas&#8221;. Por isso, ele tamb\u00e9m criou o Dia Mundial dos Pobres, que ser\u00e1 celebrado em toda a It\u00e1lia cat\u00f3lica.<\/p>\n<p>Em um claro recado \u00e0 ala conservadora do Vaticano, o papa escreveu em sua carta apost\u00f3lica que &#8220;nada que um pecador arrependido coloque diante da miseric\u00f3rdia de Deus pode permanecer sem o seu abra\u00e7o e o seu perd\u00e3o. Comunicar a certeza do Deus que ama n\u00e3o \u00e9 um exerc\u00edcio ret\u00f3rico, mas uma condi\u00e7\u00e3o de credibilidade do pr\u00f3prio sacerd\u00f3cio&#8221;, disse Francisco. Jorge Mario Bergoglio tamb\u00e9m usou a carta para responder a quatro cardeais conservadores que lhe haviam questionado sobre a exorta\u00e7\u00e3o apost\u00f3lica\u00a0<em>Amoris Laetitia<\/em>\u00a0(<em>A Alegria do Amor<\/em>), lan\u00e7ada em 8 de abril e que fala sobre a fam\u00edlia na sociedade atual. Assinada pelo cardeal Raymund Leo Burke, a carta acusa Francisco de apoiar o reconhecimento do div\u00f3rcio. Como o papa n\u00e3o respondeu ao documento, os cardeais resolveram torn\u00e1-lo p\u00fablico.<\/p>\n<p>&#8220;Quando o caminho da vida nupcial \u00e9 interrompido pelo sofrimento, pela trai\u00e7\u00e3o e solid\u00e3o, a experi\u00eancia da miseric\u00f3rdia nos permite olhar para todas as dificuldades com a atitude do amor de Deus, que n\u00e3o se cansa de acolher e de acompanhar&#8221;, ratificou Francisco. Dessa forma, o papa pede, mais uma vez, que cada caso de separa\u00e7\u00e3o matrimonial seja analisado de maneira independente pelos sacerdotes.<\/p>\n<p>O Ano Santo Extraordin\u00e1rio da Miseric\u00f3rdia foi encerrado ontem (20), com uma missa celebrada por Francisco no Vaticano diante de 70 mil pessoas. Tradicionalmente, o Jubileu acontece somente a cada 25 anos. O \u00faltimo tinha sido em 2000, portanto, s\u00f3 ocorreria em 2025. Mas Francisco resolveu convocar um Jubileu extraordin\u00e1rio com o tema da Miseric\u00f3rdia. O Ano Santo foi iniciado em novembro de 2015 e encerrado agora.<\/p>\n<p><em>(Fonte: Ag\u00eancia Ansa)<\/em><\/p>\n","protected":false},"excerpt":{"rendered":"<p>O papa Francisco concedeu hoje (21\/11\/2016) aos sacerdotes a decis\u00e3o de absolver ou n\u00e3o as pessoas que cometeram aborto e procuram a Igreja Cat\u00f3lica para se redimir. A orienta\u00e7\u00e3o foi publicada na carta apost\u00f3lica\u00a0Misericordia et Miseria, divulgada pelo Vaticano. O texto marca o encerramento do Ano Santo do Jubileu, que foi dedicado ao tema da [&hellip;]<\/p>\n","protected":false},"author":1,"featured_media":93662,"comment_status":"open","ping_status":"closed","sticky":false,"template":"","format":"standard","meta":{"amp_status":"","footnotes":""},"categories":[28848],"tags":[38979,126731,946,126730,126733,126732,22968],"class_list":["post-102277","post","type-post","status-publish","format-standard","has-post-thumbnail","hentry","category-mundo","tag-aborto","tag-decisao-de-perdoar-quem-comete-abortos","tag-papa-francisco","tag-papa-francisco-concede-a-padres-decisao-de-perdoar-quem-comete-abortos","tag-perdao-a-quem-comete-abortos","tag-perdoar-quem-comete-abortos","tag-vaticano"],"yoast_head":"<!-- This site is optimized with the Yoast SEO plugin v28.3 - https:\/\/yoast.com\/product\/yoast-seo-wordpress\/ -->\n<title>Papa Francisco concede a padres decis\u00e3o de perdoar quem comete abortos - Aconteceu no Vale<\/title>\n<meta name=\"robots\" content=\"index, follow, max-snippet:-1, max-image-preview:large, max-video-preview:-1\" \/>\n<link rel=\"canonical\" href=\"https:\/\/aconteceunovale.com.br\/portal\/?p=102277\" \/>\n<meta property=\"og:locale\" content=\"pt_BR\" \/>\n<meta property=\"og:type\" content=\"article\" \/>\n<meta property=\"og:title\" content=\"Papa Francisco concede a padres decis\u00e3o de perdoar quem comete abortos - Aconteceu no Vale\" \/>\n<meta property=\"og:description\" content=\"O papa Francisco concedeu hoje (21\/11\/2016) aos sacerdotes a decis\u00e3o de absolver ou n\u00e3o as pessoas que cometeram aborto e procuram a Igreja Cat\u00f3lica para se redimir. A orienta\u00e7\u00e3o foi publicada na carta apost\u00f3lica\u00a0Misericordia et Miseria, divulgada pelo Vaticano. O texto marca o encerramento do Ano Santo do Jubileu, que foi dedicado ao tema da [&hellip;]\" \/>\n<meta property=\"og:url\" content=\"https:\/\/aconteceunovale.com.br\/portal\/?p=102277\" \/>\n<meta property=\"og:site_name\" content=\"Aconteceu no Vale\" \/>\n<meta property=\"article:publisher\" content=\"https:\/\/www.facebook.com\/aconteceunovale\/\" \/>\n<meta property=\"article:published_time\" content=\"2016-11-21T16:40:47+00:00\" \/>\n<meta property=\"og:image\" content=\"https:\/\/aconteceunovale.com.br\/portal\/wp-content\/uploads\/2016\/08\/papa_francisco.jpg\" \/>\n\t<meta property=\"og:image:width\" content=\"678\" \/>\n\t<meta property=\"og:image:height\" content=\"381\" \/>\n\t<meta property=\"og:image:type\" content=\"image\/jpeg\" \/>\n<meta name=\"author\" content=\"Aconteceu no Vale\" \/>\n<meta name=\"twitter:card\" content=\"summary_large_image\" \/>\n<meta name=\"twitter:creator\" content=\"@noticiadosvales\" \/>\n<meta name=\"twitter:site\" content=\"@noticiadosvales\" \/>\n<meta name=\"twitter:label1\" content=\"Escrito por\" \/>\n\t<meta name=\"twitter:data1\" content=\"Aconteceu no Vale\" \/>\n\t<meta name=\"twitter:label2\" content=\"Est. tempo de leitura\" \/>\n\t<meta name=\"twitter:data2\" content=\"3 minutos\" \/>\n<script type=\"application\/ld+json\" class=\"yoast-schema-graph\">{\"@context\":\"https:\\\/\\\/schema.org\",\"@graph\":[{\"@type\":\"Article\",\"@id\":\"https:\\\/\\\/aconteceunovale.com.br\\\/portal\\\/?p=102277#article\",\"isPartOf\":{\"@id\":\"https:\\\/\\\/aconteceunovale.com.br\\\/portal\\\/?p=102277\"},\"author\":{\"name\":\"Aconteceu no Vale\",\"@id\":\"https:\\\/\\\/aconteceunovale.com.br\\\/portal\\\/#\\\/schema\\\/person\\\/633529146f2c94272bef50ac2953d589\"},\"headline\":\"Papa Francisco concede a padres decis\u00e3o de perdoar quem comete abortos\",\"datePublished\":\"2016-11-21T16:40:47+00:00\",\"mainEntityOfPage\":{\"@id\":\"https:\\\/\\\/aconteceunovale.com.br\\\/portal\\\/?p=102277\"},\"wordCount\":619,\"commentCount\":0,\"image\":{\"@id\":\"https:\\\/\\\/aconteceunovale.com.br\\\/portal\\\/?p=102277#primaryimage\"},\"thumbnailUrl\":\"https:\\\/\\\/aconteceunovale.com.br\\\/portal\\\/wp-content\\\/uploads\\\/2016\\\/08\\\/papa_francisco.jpg\",\"keywords\":[\"aborto\",\"decis\u00e3o de perdoar quem comete abortos\",\"papa francisco\",\"Papa Francisco concede a padres decis\u00e3o de perdoar quem comete abortos\",\"Perd\u00e3o a quem comete abortos\",\"Perdoar quem comete abortos\",\"Vaticano\"],\"articleSection\":[\"Mundo\"],\"inLanguage\":\"pt-BR\",\"potentialAction\":[{\"@type\":\"CommentAction\",\"name\":\"Comment\",\"target\":[\"https:\\\/\\\/aconteceunovale.com.br\\\/portal\\\/?p=102277#respond\"]}]},{\"@type\":\"WebPage\",\"@id\":\"https:\\\/\\\/aconteceunovale.com.br\\\/portal\\\/?p=102277\",\"url\":\"https:\\\/\\\/aconteceunovale.com.br\\\/portal\\\/?p=102277\",\"name\":\"Papa Francisco concede a padres decis\u00e3o de perdoar quem comete abortos - Aconteceu no Vale\",\"isPartOf\":{\"@id\":\"https:\\\/\\\/aconteceunovale.com.br\\\/portal\\\/#website\"},\"primaryImageOfPage\":{\"@id\":\"https:\\\/\\\/aconteceunovale.com.br\\\/portal\\\/?p=102277#primaryimage\"},\"image\":{\"@id\":\"https:\\\/\\\/aconteceunovale.com.br\\\/portal\\\/?p=102277#primaryimage\"},\"thumbnailUrl\":\"https:\\\/\\\/aconteceunovale.com.br\\\/portal\\\/wp-content\\\/uploads\\\/2016\\\/08\\\/papa_francisco.jpg\",\"datePublished\":\"2016-11-21T16:40:47+00:00\",\"author\":{\"@id\":\"https:\\\/\\\/aconteceunovale.com.br\\\/portal\\\/#\\\/schema\\\/person\\\/633529146f2c94272bef50ac2953d589\"},\"breadcrumb\":{\"@id\":\"https:\\\/\\\/aconteceunovale.com.br\\\/portal\\\/?p=102277#breadcrumb\"},\"inLanguage\":\"pt-BR\",\"potentialAction\":[{\"@type\":\"ReadAction\",\"target\":[\"https:\\\/\\\/aconteceunovale.com.br\\\/portal\\\/?p=102277\"]}]},{\"@type\":\"ImageObject\",\"inLanguage\":\"pt-BR\",\"@id\":\"https:\\\/\\\/aconteceunovale.com.br\\\/portal\\\/?p=102277#primaryimage\",\"url\":\"https:\\\/\\\/aconteceunovale.com.br\\\/portal\\\/wp-content\\\/uploads\\\/2016\\\/08\\\/papa_francisco.jpg\",\"contentUrl\":\"https:\\\/\\\/aconteceunovale.com.br\\\/portal\\\/wp-content\\\/uploads\\\/2016\\\/08\\\/papa_francisco.jpg\",\"width\":678,\"height\":381},{\"@type\":\"BreadcrumbList\",\"@id\":\"https:\\\/\\\/aconteceunovale.com.br\\\/portal\\\/?p=102277#breadcrumb\",\"itemListElement\":[{\"@type\":\"ListItem\",\"position\":1,\"name\":\"In\u00edcio\",\"item\":\"https:\\\/\\\/aconteceunovale.com.br\\\/portal\\\/\"},{\"@type\":\"ListItem\",\"position\":2,\"name\":\"Papa Francisco concede a padres decis\u00e3o de perdoar quem comete abortos\"}]},{\"@type\":\"WebSite\",\"@id\":\"https:\\\/\\\/aconteceunovale.com.br\\\/portal\\\/#website\",\"url\":\"https:\\\/\\\/aconteceunovale.com.br\\\/portal\\\/\",\"name\":\"Aconteceu no Vale\",\"description\":\"Portal de Not\u00edcias\",\"potentialAction\":[{\"@type\":\"SearchAction\",\"target\":{\"@type\":\"EntryPoint\",\"urlTemplate\":\"https:\\\/\\\/aconteceunovale.com.br\\\/portal\\\/?s={search_term_string}\"},\"query-input\":{\"@type\":\"PropertyValueSpecification\",\"valueRequired\":true,\"valueName\":\"search_term_string\"}}],\"inLanguage\":\"pt-BR\"},{\"@type\":\"Person\",\"@id\":\"https:\\\/\\\/aconteceunovale.com.br\\\/portal\\\/#\\\/schema\\\/person\\\/633529146f2c94272bef50ac2953d589\",\"name\":\"Aconteceu no Vale\",\"description\":\"Equipe de reportagem do Aconteceu no Vale, portal de not\u00edcias do Vale do Jequitinhonha, em Minas Gerais. Cobrimos as 51 cidades do Vale desde 2013. Sugest\u00f5es de pauta e pedidos de corre\u00e7\u00e3o: contato@aconteceunovale.com.br\",\"sameAs\":[\"http:\\\/\\\/www.aconteceunovale.com.br\"],\"url\":\"https:\\\/\\\/aconteceunovale.com.br\\\/portal\\\/?author=1\"}]}<\/script>\n<!-- \/ Yoast SEO plugin. -->","yoast_head_json":{"title":"Papa Francisco concede a padres decis\u00e3o de perdoar quem comete abortos - Aconteceu no Vale","robots":{"index":"index","follow":"follow","max-snippet":"max-snippet:-1","max-image-preview":"max-image-preview:large","max-video-preview":"max-video-preview:-1"},"canonical":"https:\/\/aconteceunovale.com.br\/portal\/?p=102277","og_locale":"pt_BR","og_type":"article","og_title":"Papa Francisco concede a padres decis\u00e3o de perdoar quem comete abortos - Aconteceu no Vale","og_description":"O papa Francisco concedeu hoje (21\/11\/2016) aos sacerdotes a decis\u00e3o de absolver ou n\u00e3o as pessoas que cometeram aborto e procuram a Igreja Cat\u00f3lica para se redimir. A orienta\u00e7\u00e3o foi publicada na carta apost\u00f3lica\u00a0Misericordia et Miseria, divulgada pelo Vaticano. O texto marca o encerramento do Ano Santo do Jubileu, que foi dedicado ao tema da [&hellip;]","og_url":"https:\/\/aconteceunovale.com.br\/portal\/?p=102277","og_site_name":"Aconteceu no Vale","article_publisher":"https:\/\/www.facebook.com\/aconteceunovale\/","article_published_time":"2016-11-21T16:40:47+00:00","og_image":[{"width":678,"height":381,"url":"https:\/\/aconteceunovale.com.br\/portal\/wp-content\/uploads\/2016\/08\/papa_francisco.jpg","type":"image\/jpeg"}],"author":"Aconteceu no Vale","twitter_card":"summary_large_image","twitter_creator":"@noticiadosvales","twitter_site":"@noticiadosvales","twitter_misc":{"Escrito por":"Aconteceu no Vale","Est. tempo de leitura":"3 minutos"},"schema":{"@context":"https:\/\/schema.org","@graph":[{"@type":"Article","@id":"https:\/\/aconteceunovale.com.br\/portal\/?p=102277#article","isPartOf":{"@id":"https:\/\/aconteceunovale.com.br\/portal\/?p=102277"},"author":{"name":"Aconteceu no Vale","@id":"https:\/\/aconteceunovale.com.br\/portal\/#\/schema\/person\/633529146f2c94272bef50ac2953d589"},"headline":"Papa Francisco concede a padres decis\u00e3o de perdoar quem comete abortos","datePublished":"2016-11-21T16:40:47+00:00","mainEntityOfPage":{"@id":"https:\/\/aconteceunovale.com.br\/portal\/?p=102277"},"wordCount":619,"commentCount":0,"image":{"@id":"https:\/\/aconteceunovale.com.br\/portal\/?p=102277#primaryimage"},"thumbnailUrl":"https:\/\/aconteceunovale.com.br\/portal\/wp-content\/uploads\/2016\/08\/papa_francisco.jpg","keywords":["aborto","decis\u00e3o de perdoar quem comete abortos","papa francisco","Papa Francisco concede a padres decis\u00e3o de perdoar quem comete abortos","Perd\u00e3o a quem comete abortos","Perdoar quem comete abortos","Vaticano"],"articleSection":["Mundo"],"inLanguage":"pt-BR","potentialAction":[{"@type":"CommentAction","name":"Comment","target":["https:\/\/aconteceunovale.com.br\/portal\/?p=102277#respond"]}]},{"@type":"WebPage","@id":"https:\/\/aconteceunovale.com.br\/portal\/?p=102277","url":"https:\/\/aconteceunovale.com.br\/portal\/?p=102277","name":"Papa Francisco concede a padres decis\u00e3o de perdoar quem comete abortos - Aconteceu no Vale","isPartOf":{"@id":"https:\/\/aconteceunovale.com.br\/portal\/#website"},"primaryImageOfPage":{"@id":"https:\/\/aconteceunovale.com.br\/portal\/?p=102277#primaryimage"},"image":{"@id":"https:\/\/aconteceunovale.com.br\/portal\/?p=102277#primaryimage"},"thumbnailUrl":"https:\/\/aconteceunovale.com.br\/portal\/wp-content\/uploads\/2016\/08\/papa_francisco.jpg","datePublished":"2016-11-21T16:40:47+00:00","author":{"@id":"https:\/\/aconteceunovale.com.br\/portal\/#\/schema\/person\/633529146f2c94272bef50ac2953d589"},"breadcrumb":{"@id":"https:\/\/aconteceunovale.com.br\/portal\/?p=102277#breadcrumb"},"inLanguage":"pt-BR","potentialAction":[{"@type":"ReadAction","target":["https:\/\/aconteceunovale.com.br\/portal\/?p=102277"]}]},{"@type":"ImageObject","inLanguage":"pt-BR","@id":"https:\/\/aconteceunovale.com.br\/portal\/?p=102277#primaryimage","url":"https:\/\/aconteceunovale.com.br\/portal\/wp-content\/uploads\/2016\/08\/papa_francisco.jpg","contentUrl":"https:\/\/aconteceunovale.com.br\/portal\/wp-content\/uploads\/2016\/08\/papa_francisco.jpg","width":678,"height":381},{"@type":"BreadcrumbList","@id":"https:\/\/aconteceunovale.com.br\/portal\/?p=102277#breadcrumb","itemListElement":[{"@type":"ListItem","position":1,"name":"In\u00edcio","item":"https:\/\/aconteceunovale.com.br\/portal\/"},{"@type":"ListItem","position":2,"name":"Papa Francisco concede a padres decis\u00e3o de perdoar quem comete abortos"}]},{"@type":"WebSite","@id":"https:\/\/aconteceunovale.com.br\/portal\/#website","url":"https:\/\/aconteceunovale.com.br\/portal\/","name":"Aconteceu no Vale","description":"Portal de Not\u00edcias","potentialAction":[{"@type":"SearchAction","target":{"@type":"EntryPoint","urlTemplate":"https:\/\/aconteceunovale.com.br\/portal\/?s={search_term_string}"},"query-input":{"@type":"PropertyValueSpecification","valueRequired":true,"valueName":"search_term_string"}}],"inLanguage":"pt-BR"},{"@type":"Person","@id":"https:\/\/aconteceunovale.com.br\/portal\/#\/schema\/person\/633529146f2c94272bef50ac2953d589","name":"Aconteceu no Vale","description":"Equipe de reportagem do Aconteceu no Vale, portal de not\u00edcias do Vale do Jequitinhonha, em Minas Gerais. Cobrimos as 51 cidades do Vale desde 2013. Sugest\u00f5es de pauta e pedidos de corre\u00e7\u00e3o: contato@aconteceunovale.com.br","sameAs":["http:\/\/www.aconteceunovale.com.br"],"url":"https:\/\/aconteceunovale.com.br\/portal\/?author=1"}]}},"_links":{"self":[{"href":"https:\/\/aconteceunovale.com.br\/portal\/index.php?rest_route=\/wp\/v2\/posts\/102277","targetHints":{"allow":["GET"]}}],"collection":[{"href":"https:\/\/aconteceunovale.com.br\/portal\/index.php?rest_route=\/wp\/v2\/posts"}],"about":[{"href":"https:\/\/aconteceunovale.com.br\/portal\/index.php?rest_route=\/wp\/v2\/types\/post"}],"author":[{"embeddable":true,"href":"https:\/\/aconteceunovale.com.br\/portal\/index.php?rest_route=\/wp\/v2\/users\/1"}],"replies":[{"embeddable":true,"href":"https:\/\/aconteceunovale.com.br\/portal\/index.php?rest_route=%2Fwp%2Fv2%2Fcomments&post=102277"}],"version-history":[{"count":0,"href":"https:\/\/aconteceunovale.com.br\/portal\/index.php?rest_route=\/wp\/v2\/posts\/102277\/revisions"}],"wp:featuredmedia":[{"embeddable":true,"href":"https:\/\/aconteceunovale.com.br\/portal\/index.php?rest_route=\/wp\/v2\/media\/93662"}],"wp:attachment":[{"href":"https:\/\/aconteceunovale.com.br\/portal\/index.php?rest_route=%2Fwp%2Fv2%2Fmedia&parent=102277"}],"wp:term":[{"taxonomy":"category","embeddable":true,"href":"https:\/\/aconteceunovale.com.br\/portal\/index.php?rest_route=%2Fwp%2Fv2%2Fcategories&post=102277"},{"taxonomy":"post_tag","embeddable":true,"href":"https:\/\/aconteceunovale.com.br\/portal\/index.php?rest_route=%2Fwp%2Fv2%2Ftags&post=102277"}],"curies":[{"name":"wp","href":"https:\/\/api.w.org\/{rel}","templated":true}]}}