{"id":102266,"date":"2016-11-21T11:59:37","date_gmt":"2016-11-21T14:59:37","guid":{"rendered":"http:\/\/aconteceunovale.com.br\/portal\/?p=102266"},"modified":"2016-11-21T11:59:37","modified_gmt":"2016-11-21T14:59:37","slug":"guia-reune-imagens-de-especies-de-passaros-do-parque-estadual-do-biribiri","status":"publish","type":"post","link":"https:\/\/aconteceunovale.com.br\/portal\/?p=102266","title":{"rendered":"Guia re\u00fane imagens de esp\u00e9cies de p\u00e1ssaros do Parque Estadual do Biribiri"},"content":{"rendered":"<p>O\u00a0Instituto Estadual de Florestas (IEF)\u00a0disponibilizou, na internet, o Guia para Identifica\u00e7\u00e3o de Aves do Parque Estadual do Biribiri. O trabalho re\u00fane fotos e dados da avifauna da unidade de conserva\u00e7\u00e3o localizada no munic\u00edpio de Diamantina, na regi\u00e3o do rio Jequitinhonha.<\/p>\n<p>Segundo a idealizadora do trabalho, a analista ambiental do IEF, Fabiane Cristina da Silva, foi utilizada a listagem de p\u00e1ssaros presente no plano de manejo do Parque. O estudo foi conclu\u00eddo em 2004 e traz informa\u00e7\u00f5es sobre a biodiversidade da unidade de conserva\u00e7\u00e3o, dentre outras. \u201cUtilizamos as imagens que est\u00e3o presentes no Wikiaves que \u00e9 um site de conte\u00fado interativo, direcionado \u00e0 comunidade brasileira de observadores de aves\u201d, explica a veterin\u00e1ria do IEF.<\/p>\n<p>Dentre as esp\u00e9cies presentes no Guia, Fabiane da Silva destaca a presen\u00e7a da Codorna Caseira e afirma que a esp\u00e9cie merece mais cuidados. \u201cS\u00e3o poucos trabalhos realizados no Parque e seria fundamental se pesquisadores e institui\u00e7\u00f5es acad\u00eamicas fizessem pesquisas sobre a esp\u00e9cie\u201d, afirma. \u201cQuanto mais atuais as pesquisas sobre a biodiversidade encontrada no Parque, melhor \u00e9 o trabalho de conserva\u00e7\u00e3o que \u00e9 realizado\u201d, completa.<\/p>\n<p>O\u00a0Parque Estadual do Biribiri\u00a0est\u00e1 inserido no complexo da Serra do Espinha\u00e7o e possui 16.998,66 hectares. A cobertura vegetal nativa \u00e9 composta por Cerrado, Campos Rupestres e Matas de Galeria. Podem ser encontrados na unidade de conserva\u00e7\u00e3o diversas esp\u00e9cies da fauna, muitas delas amea\u00e7adas de extin\u00e7\u00e3o, como o lobo-guar\u00e1 e a on\u00e7a-parda ou su\u00e7uarana.<\/p>\n<p>O Guia para Identifica\u00e7\u00e3o de Aves do Parque Estadual do Biribiri est\u00e1 dispon\u00edvel na internet, no endere\u00e7o\u00a0<a href=\"http:\/\/www.ief.mg.gov.br\/images\/stories\/2016\/guia_aves_2016_site%202.pdf\" target=\"_blank\">www.ief.mg.gov.br<\/a> ou aguarde o download no player abaixo:<\/p>\n<p><embed src=\"http:\/\/www.ief.mg.gov.br\/images\/stories\/2016\/guia_aves_2016_site%202.pdf\" width=\"600\" height=\"800\"><br \/>\n<\/br><\/p>\n<p>(Ag\u00eancia Minas)<\/p>\n","protected":false},"excerpt":{"rendered":"<p>O\u00a0Instituto Estadual de Florestas (IEF)\u00a0disponibilizou, na internet, o Guia para Identifica\u00e7\u00e3o de Aves do Parque Estadual do Biribiri. O trabalho re\u00fane fotos e dados da avifauna da unidade de conserva\u00e7\u00e3o localizada no munic\u00edpio de Diamantina, na regi\u00e3o do rio Jequitinhonha. Segundo a idealizadora do trabalho, a analista ambiental do IEF, Fabiane Cristina da Silva, foi [&hellip;]<\/p>\n","protected":false},"author":1,"featured_media":102267,"comment_status":"open","ping_status":"closed","sticky":false,"template":"","format":"standard","meta":{"amp_status":"","footnotes":""},"categories":[120],"tags":[126704,126703,126701,126706,1018,198,126705,126702,126700,126699,126707,748,38221,114957],"class_list":["post-102266","post","type-post","status-publish","format-standard","has-post-thumbnail","hentry","category-jequi","tag-analista-ambiental-do-ief","tag-aves-do-parque-do-biribiri","tag-aves-do-parque-estadual-do-biribiri","tag-codorna-caseira","tag-destaque","tag-diamantina","tag-fabiane-cristina-da-silva","tag-guia-de-aves-do-parque-do-biribiri","tag-guia-de-aves-do-parque-estadual-do-biribiri","tag-guia-para-identificacao-de-aves-do-parque-estadual-do-biribiri","tag-guia-reune-imagens-de-especies-de-passaros-do-parque-estadual-do-biribiri","tag-ief","tag-instituto-estadual-de-florestas","tag-parque-do-biribiri"],"_links":{"self":[{"href":"https:\/\/aconteceunovale.com.br\/portal\/index.php?rest_route=\/wp\/v2\/posts\/102266","targetHints":{"allow":["GET"]}}],"collection":[{"href":"https:\/\/aconteceunovale.com.br\/portal\/index.php?rest_route=\/wp\/v2\/posts"}],"about":[{"href":"https:\/\/aconteceunovale.com.br\/portal\/index.php?rest_route=\/wp\/v2\/types\/post"}],"author":[{"embeddable":true,"href":"https:\/\/aconteceunovale.com.br\/portal\/index.php?rest_route=\/wp\/v2\/users\/1"}],"replies":[{"embeddable":true,"href":"https:\/\/aconteceunovale.com.br\/portal\/index.php?rest_route=%2Fwp%2Fv2%2Fcomments&post=102266"}],"version-history":[{"count":0,"href":"https:\/\/aconteceunovale.com.br\/portal\/index.php?rest_route=\/wp\/v2\/posts\/102266\/revisions"}],"wp:featuredmedia":[{"embeddable":true,"href":"https:\/\/aconteceunovale.com.br\/portal\/index.php?rest_route=\/wp\/v2\/media\/102267"}],"wp:attachment":[{"href":"https:\/\/aconteceunovale.com.br\/portal\/index.php?rest_route=%2Fwp%2Fv2%2Fmedia&parent=102266"}],"wp:term":[{"taxonomy":"category","embeddable":true,"href":"https:\/\/aconteceunovale.com.br\/portal\/index.php?rest_route=%2Fwp%2Fv2%2Fcategories&post=102266"},{"taxonomy":"post_tag","embeddable":true,"href":"https:\/\/aconteceunovale.com.br\/portal\/index.php?rest_route=%2Fwp%2Fv2%2Ftags&post=102266"}],"curies":[{"name":"wp","href":"https:\/\/api.w.org\/{rel}","templated":true}]}}