{"id":102256,"date":"2016-11-21T09:14:37","date_gmt":"2016-11-21T12:14:37","guid":{"rendered":"http:\/\/aconteceunovale.com.br\/portal\/?p=102256"},"modified":"2026-09-02T12:37:46","modified_gmt":"2026-09-02T15:37:46","slug":"corpo-de-mulher-encontrado-na-zona-rural-de-carai-ainda-nao-foi-identificado","status":"publish","type":"post","link":"https:\/\/aconteceunovale.com.br\/portal\/?p=102256","title":{"rendered":"Corpo de mulher encontrado na zona rural de Cara\u00ed ainda n\u00e3o foi identificado"},"content":{"rendered":"<p>A Pol\u00edcia Civil investiga a morte de uma mulher em Cara\u00ed, no Vale do Jequitinhonha. O corpo foi encontrado na tarde de sexta-feira (18\/11\/2016) no C\u00f3rrego dos Quart\u00e9is, zona rural do munic\u00edpio, e at\u00e9 a manh\u00e3 desta segunda-feira (21) n\u00e3o havia sido identificado pelo Instituto M\u00e9dico Legal (IML) de Te\u00f3filo Otoni. O caso foi entregue ao delegado Arthur Sim\u00f5es, que j\u00e1 deu in\u00edcio aos trabalhos investigativos.<\/p>\n<p>De acordo com a Pol\u00edcia Militar (PM), a v\u00edtima foi localizada por um morador da regi\u00e3o. O homem transitava por uma estrada vicinal, que d\u00e1 acesso \u00e0 sede do munic\u00edpio, quando percebeu alguns urubus sobrevoando uma profunda eros\u00e3o e sentiu um forte odor de &#8220;carni\u00e7a&#8221;. Por curiosidade, o lavrador resolveu verificar o local e conseguiu ver um bra\u00e7o com as unhas pintadas de vermelho.<\/p>\n<p>Ap\u00f3s confirmar que se tratava de um membro humano, o homem decidiu acionar a Pol\u00edcia Militar. Os militares desceram na valeta e confirmaram que os restos mortais eram de uma mulher. Possivelmente, a v\u00edtima foi esquartejada antes de ser jogada no local. <\/p>\n<p>Ainda segundo a PM, moradores n\u00e3o sabiam ou n\u00e3o conheciam ningu\u00e9m que havia desaparecido naquela regi\u00e3o. <\/p>\n<p><img decoding=\"async\" src=\"http:\/\/aconteceunovale.com.br\/portal\/wp-content\/uploads\/2016\/11\/homicidio_carai_1.jpg\" alt=\"\" \/><em>Corpo foi encontrado na zona rural de Cara\u00ed (Foto: Cedida por Francisco Couy)<\/em><br \/>\n<\/br><\/p>\n<h4><strong>Crime mobiliza grande efetivo do IML<\/strong><\/h4>\n<p>Devido \u00e0s condi\u00e7\u00f5es clim\u00e1ticas, a Per\u00edcia T\u00e9cnica da Pol\u00edcia Civil s\u00f3 conseguiu deslocar para o local do crime na manh\u00e3 de s\u00e1bado (19). Foram escalados para o trabalho o legista Denio Soares, o agente do IML Francisco Couy, os auxiliares do IML Wanderley Ferreira e Carlos Henrique, o perito Thiago Couto e o agente PC Saulo. <\/p>\n<p>A primeira dificuldade foi encontrada ao chegar \u00e0 cidade. A viatura rabec\u00e3o n\u00e3o conseguiria chegar at\u00e9 o ponto onde o corpo estava em face da chuva que estava caindo na regi\u00e3o, por isso, foi requisitado um ve\u00edculo tra\u00e7ado junto \u00e0 prefeitura. <\/p>\n<p>O segundo problema, segundo o IML, foi que o corpo estava no fundo de um abismo e o acesso teve que ser feito por rapel. Constatou-se que no fundo da eros\u00e3o havia um corpo do sexo feminino, de cor branca, aparentando ter entre 18 e 25 anos de idade, dentes regulares, cabelos castanhos com mechas loiras, sem vestes, tinha as coxas robustas e estava com a \u00e1rea da boca amorda\u00e7ada por uma fita adesiva.<\/p>\n<p>Ap\u00f3s a realiza\u00e7\u00e3o os trabalhos periciais, a remo\u00e7\u00e3o do corpo foi feita com a utiliza\u00e7\u00e3o de for\u00e7a humana. Os restos mortais foram levados para o Cemit\u00e9rio Municipal de Cara\u00ed, onde foi examinado pelo legista Denio Soares e sua equipe, mas n\u00e3o foi poss\u00edvel chegar \u00e0 causa da morte.<\/p>\n<p>O IML recolheu cinco elementos dent\u00e1rios para futura pesquisa de DNA. Ap\u00f3s os trabalhos, o corpo foi enterrado no cemit\u00e9rio local.<\/p>\n<p><img decoding=\"async\" src=\"http:\/\/aconteceunovale.com.br\/portal\/wp-content\/uploads\/2016\/11\/homicidio_carai_2.jpg\" alt=\"\" \/><em>Equipe do IML que esteve no local (Foto: Cedida por Francisco Couy)<\/em><br \/>\n<\/br><\/p>\n<h4><strong>Poss\u00edvel v\u00edtima<\/strong><\/h4>\n<p>Ap\u00f3s a localiza\u00e7\u00e3o do corpo, familiares de uma mulher desaparecida em Belo Horizonte entraram em contato com o IML para poss\u00edvel identifica\u00e7\u00e3o da v\u00edtima. De acordo com a institui\u00e7\u00e3o, dois primos da suposta v\u00edtima, que residem em Governador Valadares, foram at\u00e9 Te\u00f3filo Otoni, para recolhimento de material para exame de DNA.<\/p>\n<p><img decoding=\"async\" src=\"http:\/\/aconteceunovale.com.br\/portal\/wp-content\/uploads\/2016\/11\/homicidio_carai_3.jpg\" alt=\"\" \/><em>Foi necess\u00e1rio o uso de for\u00e7a humana para remo\u00e7\u00e3o do corpo (Foto: Cedida por Francisco Couy)<\/em><br \/>\n<\/br><\/p>\n<p><img decoding=\"async\" src=\"http:\/\/aconteceunovale.com.br\/portal\/wp-content\/uploads\/2016\/11\/homicidio_carai_4.jpg\" alt=\"\" \/><em>Foi necess\u00e1rio o uso de for\u00e7a humana para remo\u00e7\u00e3o do corpo (Foto: Cedida por Francisco Couy)<\/em><\/p>\n","protected":false},"excerpt":{"rendered":"<p>A Pol\u00edcia Civil investiga a morte de uma mulher em Cara\u00ed, no Vale do Jequitinhonha. O corpo foi encontrado na tarde de sexta-feira (18\/11\/2016) no C\u00f3rrego dos Quart\u00e9is, zona rural do munic\u00edpio, e at\u00e9 a manh\u00e3 desta segunda-feira (21) n\u00e3o havia sido identificado pelo Instituto M\u00e9dico Legal (IML) de Te\u00f3filo Otoni. O caso foi entregue [&hellip;]<\/p>\n","protected":false},"author":1,"featured_media":102259,"comment_status":"open","ping_status":"closed","sticky":false,"template":"","format":"standard","meta":{"amp_status":"","footnotes":""},"categories":[272536,120],"tags":[81377,194,490,126684,126685,126688,126689,78659,126686,247,19432,35667,126687,164,126690],"class_list":["post-102256","post","type-post","status-publish","format-standard","has-post-thumbnail","hentry","category-carai","category-jequi","tag-assassinato-carai","tag-belo-horizonte","tag-carai","tag-claudia-costa-de-oliveira-souza","tag-corpo-de-mulher-encontrado-na-zona-rural-de-carai-ainda-nao-foi-identificado","tag-corpo-encontrado-em-carai","tag-crime-mobiliza-grande-efetivo-do-iml-de-teofilo-otoni","tag-desaparecida-em-belo-horizonte","tag-feminicidio-carai","tag-governador-valadares","tag-iml-de-teofilo-otoni","tag-morte-em-carai","tag-mulher-morta-em-carai","tag-teofilo-otoni","tag-trabalho-do-iml-de-teofilo-otoni"],"yoast_head":"<!-- This site is optimized with the Yoast SEO plugin v28.3 - https:\/\/yoast.com\/product\/yoast-seo-wordpress\/ -->\n<title>Corpo de mulher encontrado na zona rural de Cara\u00ed ainda n\u00e3o foi identificado - Aconteceu no Vale<\/title>\n<meta name=\"robots\" content=\"index, follow, max-snippet:-1, max-image-preview:large, max-video-preview:-1\" \/>\n<link rel=\"canonical\" href=\"https:\/\/aconteceunovale.com.br\/portal\/?p=102256\" \/>\n<meta property=\"og:locale\" content=\"pt_BR\" \/>\n<meta property=\"og:type\" content=\"article\" \/>\n<meta property=\"og:title\" content=\"Corpo de mulher encontrado na zona rural de Cara\u00ed ainda n\u00e3o foi identificado - Aconteceu no Vale\" \/>\n<meta property=\"og:description\" content=\"A Pol\u00edcia Civil investiga a morte de uma mulher em Cara\u00ed, no Vale do Jequitinhonha. O corpo foi encontrado na tarde de sexta-feira (18\/11\/2016) no C\u00f3rrego dos Quart\u00e9is, zona rural do munic\u00edpio, e at\u00e9 a manh\u00e3 desta segunda-feira (21) n\u00e3o havia sido identificado pelo Instituto M\u00e9dico Legal (IML) de Te\u00f3filo Otoni. O caso foi entregue [&hellip;]\" \/>\n<meta property=\"og:url\" content=\"https:\/\/aconteceunovale.com.br\/portal\/?p=102256\" \/>\n<meta property=\"og:site_name\" content=\"Aconteceu no Vale\" \/>\n<meta property=\"article:publisher\" content=\"https:\/\/www.facebook.com\/aconteceunovale\/\" \/>\n<meta property=\"article:published_time\" content=\"2016-11-21T12:14:37+00:00\" \/>\n<meta property=\"article:modified_time\" content=\"2026-09-02T15:37:46+00:00\" \/>\n<meta property=\"og:image\" content=\"https:\/\/aconteceunovale.com.br\/portal\/wp-content\/uploads\/2016\/11\/homicidio_carai_3.jpg\" \/>\n\t<meta property=\"og:image:width\" content=\"678\" \/>\n\t<meta property=\"og:image:height\" content=\"434\" \/>\n\t<meta property=\"og:image:type\" content=\"image\/jpeg\" \/>\n<meta name=\"author\" content=\"Aconteceu no Vale\" \/>\n<meta name=\"twitter:card\" content=\"summary_large_image\" \/>\n<meta name=\"twitter:creator\" content=\"@noticiadosvales\" \/>\n<meta name=\"twitter:site\" content=\"@noticiadosvales\" \/>\n<meta name=\"twitter:label1\" content=\"Escrito por\" \/>\n\t<meta name=\"twitter:data1\" content=\"Aconteceu no Vale\" \/>\n\t<meta name=\"twitter:label2\" content=\"Est. tempo de leitura\" \/>\n\t<meta name=\"twitter:data2\" content=\"3 minutos\" \/>\n<script type=\"application\/ld+json\" class=\"yoast-schema-graph\">{\"@context\":\"https:\\\/\\\/schema.org\",\"@graph\":[{\"@type\":\"Article\",\"@id\":\"https:\\\/\\\/aconteceunovale.com.br\\\/portal\\\/?p=102256#article\",\"isPartOf\":{\"@id\":\"https:\\\/\\\/aconteceunovale.com.br\\\/portal\\\/?p=102256\"},\"author\":{\"name\":\"Aconteceu no Vale\",\"@id\":\"https:\\\/\\\/aconteceunovale.com.br\\\/portal\\\/#\\\/schema\\\/person\\\/633529146f2c94272bef50ac2953d589\"},\"headline\":\"Corpo de mulher encontrado na zona rural de Cara\u00ed ainda n\u00e3o foi identificado\",\"datePublished\":\"2016-11-21T12:14:37+00:00\",\"dateModified\":\"2026-09-02T15:37:46+00:00\",\"mainEntityOfPage\":{\"@id\":\"https:\\\/\\\/aconteceunovale.com.br\\\/portal\\\/?p=102256\"},\"wordCount\":612,\"commentCount\":2,\"image\":{\"@id\":\"https:\\\/\\\/aconteceunovale.com.br\\\/portal\\\/?p=102256#primaryimage\"},\"thumbnailUrl\":\"https:\\\/\\\/aconteceunovale.com.br\\\/portal\\\/wp-content\\\/uploads\\\/2016\\\/11\\\/homicidio_carai_3.jpg\",\"keywords\":[\"assassinato cara\u00ed\",\"Belo Horizonte\",\"Cara\u00ed\",\"Claudia Costa de Oliveira Souza\",\"Corpo de mulher encontrado na zona rural de Cara\u00ed ainda n\u00e3o foi identificado\",\"Corpo encontrado em Cara\u00ed\",\"Crime mobiliza grande efetivo do IML de Te\u00f3filo Otoni\",\"Desaparecida em Belo Horizonte\",\"Feminic\u00eddio Cara\u00ed\",\"Governador Valadares\",\"IML de Te\u00f3filo Otoni\",\"morte em Cara\u00ed\",\"Mulher morta em Cara\u00ed\",\"Te\u00f3filo Otoni\",\"Trabalho do IML de Te\u00f3filo Otoni\"],\"articleSection\":[\"Cara\u00ed\",\"Vale do Jequitinhonha\"],\"inLanguage\":\"pt-BR\",\"potentialAction\":[{\"@type\":\"CommentAction\",\"name\":\"Comment\",\"target\":[\"https:\\\/\\\/aconteceunovale.com.br\\\/portal\\\/?p=102256#respond\"]}]},{\"@type\":\"WebPage\",\"@id\":\"https:\\\/\\\/aconteceunovale.com.br\\\/portal\\\/?p=102256\",\"url\":\"https:\\\/\\\/aconteceunovale.com.br\\\/portal\\\/?p=102256\",\"name\":\"Corpo de mulher encontrado na zona rural de Cara\u00ed ainda n\u00e3o foi identificado - Aconteceu no Vale\",\"isPartOf\":{\"@id\":\"https:\\\/\\\/aconteceunovale.com.br\\\/portal\\\/#website\"},\"primaryImageOfPage\":{\"@id\":\"https:\\\/\\\/aconteceunovale.com.br\\\/portal\\\/?p=102256#primaryimage\"},\"image\":{\"@id\":\"https:\\\/\\\/aconteceunovale.com.br\\\/portal\\\/?p=102256#primaryimage\"},\"thumbnailUrl\":\"https:\\\/\\\/aconteceunovale.com.br\\\/portal\\\/wp-content\\\/uploads\\\/2016\\\/11\\\/homicidio_carai_3.jpg\",\"datePublished\":\"2016-11-21T12:14:37+00:00\",\"dateModified\":\"2026-09-02T15:37:46+00:00\",\"author\":{\"@id\":\"https:\\\/\\\/aconteceunovale.com.br\\\/portal\\\/#\\\/schema\\\/person\\\/633529146f2c94272bef50ac2953d589\"},\"breadcrumb\":{\"@id\":\"https:\\\/\\\/aconteceunovale.com.br\\\/portal\\\/?p=102256#breadcrumb\"},\"inLanguage\":\"pt-BR\",\"potentialAction\":[{\"@type\":\"ReadAction\",\"target\":[\"https:\\\/\\\/aconteceunovale.com.br\\\/portal\\\/?p=102256\"]}]},{\"@type\":\"ImageObject\",\"inLanguage\":\"pt-BR\",\"@id\":\"https:\\\/\\\/aconteceunovale.com.br\\\/portal\\\/?p=102256#primaryimage\",\"url\":\"https:\\\/\\\/aconteceunovale.com.br\\\/portal\\\/wp-content\\\/uploads\\\/2016\\\/11\\\/homicidio_carai_3.jpg\",\"contentUrl\":\"https:\\\/\\\/aconteceunovale.com.br\\\/portal\\\/wp-content\\\/uploads\\\/2016\\\/11\\\/homicidio_carai_3.jpg\",\"width\":678,\"height\":434},{\"@type\":\"BreadcrumbList\",\"@id\":\"https:\\\/\\\/aconteceunovale.com.br\\\/portal\\\/?p=102256#breadcrumb\",\"itemListElement\":[{\"@type\":\"ListItem\",\"position\":1,\"name\":\"In\u00edcio\",\"item\":\"https:\\\/\\\/aconteceunovale.com.br\\\/portal\\\/\"},{\"@type\":\"ListItem\",\"position\":2,\"name\":\"Corpo de mulher encontrado na zona rural de Cara\u00ed ainda n\u00e3o foi identificado\"}]},{\"@type\":\"WebSite\",\"@id\":\"https:\\\/\\\/aconteceunovale.com.br\\\/portal\\\/#website\",\"url\":\"https:\\\/\\\/aconteceunovale.com.br\\\/portal\\\/\",\"name\":\"Aconteceu no Vale\",\"description\":\"Portal de Not\u00edcias\",\"potentialAction\":[{\"@type\":\"SearchAction\",\"target\":{\"@type\":\"EntryPoint\",\"urlTemplate\":\"https:\\\/\\\/aconteceunovale.com.br\\\/portal\\\/?s={search_term_string}\"},\"query-input\":{\"@type\":\"PropertyValueSpecification\",\"valueRequired\":true,\"valueName\":\"search_term_string\"}}],\"inLanguage\":\"pt-BR\"},{\"@type\":\"Person\",\"@id\":\"https:\\\/\\\/aconteceunovale.com.br\\\/portal\\\/#\\\/schema\\\/person\\\/633529146f2c94272bef50ac2953d589\",\"name\":\"Aconteceu no Vale\",\"description\":\"Equipe de reportagem do Aconteceu no Vale, portal de not\u00edcias do Vale do Jequitinhonha, em Minas Gerais. Cobrimos as 51 cidades do Vale desde 2013. Sugest\u00f5es de pauta e pedidos de corre\u00e7\u00e3o: contato@aconteceunovale.com.br\",\"sameAs\":[\"http:\\\/\\\/www.aconteceunovale.com.br\"],\"url\":\"https:\\\/\\\/aconteceunovale.com.br\\\/portal\\\/?author=1\"}]}<\/script>\n<!-- \/ Yoast SEO plugin. -->","yoast_head_json":{"title":"Corpo de mulher encontrado na zona rural de Cara\u00ed ainda n\u00e3o foi identificado - Aconteceu no Vale","robots":{"index":"index","follow":"follow","max-snippet":"max-snippet:-1","max-image-preview":"max-image-preview:large","max-video-preview":"max-video-preview:-1"},"canonical":"https:\/\/aconteceunovale.com.br\/portal\/?p=102256","og_locale":"pt_BR","og_type":"article","og_title":"Corpo de mulher encontrado na zona rural de Cara\u00ed ainda n\u00e3o foi identificado - Aconteceu no Vale","og_description":"A Pol\u00edcia Civil investiga a morte de uma mulher em Cara\u00ed, no Vale do Jequitinhonha. O corpo foi encontrado na tarde de sexta-feira (18\/11\/2016) no C\u00f3rrego dos Quart\u00e9is, zona rural do munic\u00edpio, e at\u00e9 a manh\u00e3 desta segunda-feira (21) n\u00e3o havia sido identificado pelo Instituto M\u00e9dico Legal (IML) de Te\u00f3filo Otoni. O caso foi entregue [&hellip;]","og_url":"https:\/\/aconteceunovale.com.br\/portal\/?p=102256","og_site_name":"Aconteceu no Vale","article_publisher":"https:\/\/www.facebook.com\/aconteceunovale\/","article_published_time":"2016-11-21T12:14:37+00:00","article_modified_time":"2026-09-02T15:37:46+00:00","og_image":[{"width":678,"height":434,"url":"https:\/\/aconteceunovale.com.br\/portal\/wp-content\/uploads\/2016\/11\/homicidio_carai_3.jpg","type":"image\/jpeg"}],"author":"Aconteceu no Vale","twitter_card":"summary_large_image","twitter_creator":"@noticiadosvales","twitter_site":"@noticiadosvales","twitter_misc":{"Escrito por":"Aconteceu no Vale","Est. tempo de leitura":"3 minutos"},"schema":{"@context":"https:\/\/schema.org","@graph":[{"@type":"Article","@id":"https:\/\/aconteceunovale.com.br\/portal\/?p=102256#article","isPartOf":{"@id":"https:\/\/aconteceunovale.com.br\/portal\/?p=102256"},"author":{"name":"Aconteceu no Vale","@id":"https:\/\/aconteceunovale.com.br\/portal\/#\/schema\/person\/633529146f2c94272bef50ac2953d589"},"headline":"Corpo de mulher encontrado na zona rural de Cara\u00ed ainda n\u00e3o foi identificado","datePublished":"2016-11-21T12:14:37+00:00","dateModified":"2026-09-02T15:37:46+00:00","mainEntityOfPage":{"@id":"https:\/\/aconteceunovale.com.br\/portal\/?p=102256"},"wordCount":612,"commentCount":2,"image":{"@id":"https:\/\/aconteceunovale.com.br\/portal\/?p=102256#primaryimage"},"thumbnailUrl":"https:\/\/aconteceunovale.com.br\/portal\/wp-content\/uploads\/2016\/11\/homicidio_carai_3.jpg","keywords":["assassinato cara\u00ed","Belo Horizonte","Cara\u00ed","Claudia Costa de Oliveira Souza","Corpo de mulher encontrado na zona rural de Cara\u00ed ainda n\u00e3o foi identificado","Corpo encontrado em Cara\u00ed","Crime mobiliza grande efetivo do IML de Te\u00f3filo Otoni","Desaparecida em Belo Horizonte","Feminic\u00eddio Cara\u00ed","Governador Valadares","IML de Te\u00f3filo Otoni","morte em Cara\u00ed","Mulher morta em Cara\u00ed","Te\u00f3filo Otoni","Trabalho do IML de Te\u00f3filo Otoni"],"articleSection":["Cara\u00ed","Vale do Jequitinhonha"],"inLanguage":"pt-BR","potentialAction":[{"@type":"CommentAction","name":"Comment","target":["https:\/\/aconteceunovale.com.br\/portal\/?p=102256#respond"]}]},{"@type":"WebPage","@id":"https:\/\/aconteceunovale.com.br\/portal\/?p=102256","url":"https:\/\/aconteceunovale.com.br\/portal\/?p=102256","name":"Corpo de mulher encontrado na zona rural de Cara\u00ed ainda n\u00e3o foi identificado - Aconteceu no Vale","isPartOf":{"@id":"https:\/\/aconteceunovale.com.br\/portal\/#website"},"primaryImageOfPage":{"@id":"https:\/\/aconteceunovale.com.br\/portal\/?p=102256#primaryimage"},"image":{"@id":"https:\/\/aconteceunovale.com.br\/portal\/?p=102256#primaryimage"},"thumbnailUrl":"https:\/\/aconteceunovale.com.br\/portal\/wp-content\/uploads\/2016\/11\/homicidio_carai_3.jpg","datePublished":"2016-11-21T12:14:37+00:00","dateModified":"2026-09-02T15:37:46+00:00","author":{"@id":"https:\/\/aconteceunovale.com.br\/portal\/#\/schema\/person\/633529146f2c94272bef50ac2953d589"},"breadcrumb":{"@id":"https:\/\/aconteceunovale.com.br\/portal\/?p=102256#breadcrumb"},"inLanguage":"pt-BR","potentialAction":[{"@type":"ReadAction","target":["https:\/\/aconteceunovale.com.br\/portal\/?p=102256"]}]},{"@type":"ImageObject","inLanguage":"pt-BR","@id":"https:\/\/aconteceunovale.com.br\/portal\/?p=102256#primaryimage","url":"https:\/\/aconteceunovale.com.br\/portal\/wp-content\/uploads\/2016\/11\/homicidio_carai_3.jpg","contentUrl":"https:\/\/aconteceunovale.com.br\/portal\/wp-content\/uploads\/2016\/11\/homicidio_carai_3.jpg","width":678,"height":434},{"@type":"BreadcrumbList","@id":"https:\/\/aconteceunovale.com.br\/portal\/?p=102256#breadcrumb","itemListElement":[{"@type":"ListItem","position":1,"name":"In\u00edcio","item":"https:\/\/aconteceunovale.com.br\/portal\/"},{"@type":"ListItem","position":2,"name":"Corpo de mulher encontrado na zona rural de Cara\u00ed ainda n\u00e3o foi identificado"}]},{"@type":"WebSite","@id":"https:\/\/aconteceunovale.com.br\/portal\/#website","url":"https:\/\/aconteceunovale.com.br\/portal\/","name":"Aconteceu no Vale","description":"Portal de Not\u00edcias","potentialAction":[{"@type":"SearchAction","target":{"@type":"EntryPoint","urlTemplate":"https:\/\/aconteceunovale.com.br\/portal\/?s={search_term_string}"},"query-input":{"@type":"PropertyValueSpecification","valueRequired":true,"valueName":"search_term_string"}}],"inLanguage":"pt-BR"},{"@type":"Person","@id":"https:\/\/aconteceunovale.com.br\/portal\/#\/schema\/person\/633529146f2c94272bef50ac2953d589","name":"Aconteceu no Vale","description":"Equipe de reportagem do Aconteceu no Vale, portal de not\u00edcias do Vale do Jequitinhonha, em Minas Gerais. Cobrimos as 51 cidades do Vale desde 2013. Sugest\u00f5es de pauta e pedidos de corre\u00e7\u00e3o: contato@aconteceunovale.com.br","sameAs":["http:\/\/www.aconteceunovale.com.br"],"url":"https:\/\/aconteceunovale.com.br\/portal\/?author=1"}]}},"_links":{"self":[{"href":"https:\/\/aconteceunovale.com.br\/portal\/index.php?rest_route=\/wp\/v2\/posts\/102256","targetHints":{"allow":["GET"]}}],"collection":[{"href":"https:\/\/aconteceunovale.com.br\/portal\/index.php?rest_route=\/wp\/v2\/posts"}],"about":[{"href":"https:\/\/aconteceunovale.com.br\/portal\/index.php?rest_route=\/wp\/v2\/types\/post"}],"author":[{"embeddable":true,"href":"https:\/\/aconteceunovale.com.br\/portal\/index.php?rest_route=\/wp\/v2\/users\/1"}],"replies":[{"embeddable":true,"href":"https:\/\/aconteceunovale.com.br\/portal\/index.php?rest_route=%2Fwp%2Fv2%2Fcomments&post=102256"}],"version-history":[{"count":1,"href":"https:\/\/aconteceunovale.com.br\/portal\/index.php?rest_route=\/wp\/v2\/posts\/102256\/revisions"}],"predecessor-version":[{"id":200064,"href":"https:\/\/aconteceunovale.com.br\/portal\/index.php?rest_route=\/wp\/v2\/posts\/102256\/revisions\/200064"}],"wp:featuredmedia":[{"embeddable":true,"href":"https:\/\/aconteceunovale.com.br\/portal\/index.php?rest_route=\/wp\/v2\/media\/102259"}],"wp:attachment":[{"href":"https:\/\/aconteceunovale.com.br\/portal\/index.php?rest_route=%2Fwp%2Fv2%2Fmedia&parent=102256"}],"wp:term":[{"taxonomy":"category","embeddable":true,"href":"https:\/\/aconteceunovale.com.br\/portal\/index.php?rest_route=%2Fwp%2Fv2%2Fcategories&post=102256"},{"taxonomy":"post_tag","embeddable":true,"href":"https:\/\/aconteceunovale.com.br\/portal\/index.php?rest_route=%2Fwp%2Fv2%2Ftags&post=102256"}],"curies":[{"name":"wp","href":"https:\/\/api.w.org\/{rel}","templated":true}]}}