{"id":102247,"date":"2016-11-21T07:48:58","date_gmt":"2016-11-21T10:48:58","guid":{"rendered":"http:\/\/aconteceunovale.com.br\/portal\/?p=102247"},"modified":"2016-11-21T07:48:58","modified_gmt":"2016-11-21T10:48:58","slug":"pericia-preliminar-nao-encontra-marcas-de-disparos-em-helicoptero-que-caiu-na-cidade-de-deus","status":"publish","type":"post","link":"https:\/\/aconteceunovale.com.br\/portal\/?p=102247","title":{"rendered":"Per\u00edcia preliminar n\u00e3o encontra marcas de disparos em helic\u00f3ptero que caiu na Cidade de Deus"},"content":{"rendered":"<p>A per\u00edcia inicial feita no helic\u00f3ptero da Pol\u00edcia Militar (PM) que caiu s\u00e1bado (19\/11\/2016) na Cidade de Deus, comunidade da zona oeste da cidade, n\u00e3o encontrou perfura\u00e7\u00f5es por arma de fogo. A informa\u00e7\u00e3o foi dada pelo secret\u00e1rio estadual de Seguran\u00e7a, Roberto S\u00e1, ap\u00f3s participar do vel\u00f3rio no Batalh\u00e3o de Choque, no centro do Rio, de tr\u00eas dos quatro policiais mortos no acidente.<\/p>\n<p>Roberto S\u00e1 informou que as causas do acidente est\u00e3o sendo investigadas e que ainda \u00e9 cedo para descartar qualquer hip\u00f3tese. \u201cO laudo de necropsia dos quatro policiais que estavam no helic\u00f3ptero j\u00e1 saiu, a per\u00edcia foi muito r\u00e1pida e muito eficiente, n\u00e3o h\u00e1 perfura\u00e7\u00e3o por arma de fogo nos corpos. A per\u00edcia est\u00e1 sendo feita pela Delegacia de Homic\u00eddio e pela Aeron\u00e1utica. Na aeronave, at\u00e9 o momento, n\u00e3o se encontrou nenhum tipo de perfura\u00e7\u00e3o, mas \u00e9 muito cedo ainda para qualquer conclus\u00e3o. A per\u00edcia vai levar mais tempo, para ser uma per\u00edcia conclusiva. Ent\u00e3o, n\u00e3o se descarta nada at\u00e9 o presente momento\u201d.<\/p>\n<p>Segundo o secret\u00e1rio , a PM garantiu que a manuten\u00e7\u00e3o da aeronave estava em dia. Emocionado, o secret\u00e1rio fez um desabafo sobre o n\u00famero de mortes de policiais no Rio, destacando a necessidade de uma discuss\u00e3o nacional sobre as penas para criminosos violentos.<\/p>\n<p>\u201cNesse s\u00e1bado, eu lamentava a morte desses cinco policiais militares e hoje eu come\u00e7o lamentando a morte de nossos 124 policiais militares este ano, s\u00e3o 33 em servi\u00e7o. \u00c9 inaceit\u00e1vel o n\u00famero de mortes de policiais no Brasil. Mas tamb\u00e9m \u00e9 inaceit\u00e1vel o n\u00famero de mortes violentas por causa externa de todas as pessoas. Eu sempre falei, mas infelizmente essa fala n\u00e3o encontra eco. A gente vive, no Brasil, uma crise de seguran\u00e7a p\u00fablica e a gente tem que rever, tem que ter um novo pacto. A pol\u00edcia sangra, temos verdadeiros her\u00f3is morrendo de forma an\u00f4nima todos os dias. E ontem tivemos mais cinco\u201d.<\/p>\n<p>Os corpos dos policiais Rog\u00e9rio Melo Costa, Camilo Barbosa Carvalho e Rog\u00e9rio F\u00e9lix Rainha receberam honras militares no p\u00e1tio do Batalh\u00e3o e, ap\u00f3s a cerim\u00f4nia, foram levados em cortejo para os locais de sepultamento. O quarto corpo, do capit\u00e3o Willian Freitas Shorcht, que pilotava a aeronave, foi direto para Resende, no sul do estado. Tamb\u00e9m morreu s\u00e1bado o terceiro-sargento Cristiano Bittencourt Coutinho, que participava de outra opera\u00e7\u00e3o quando foi atingido.<\/p>\n<p>Durante a cerim\u00f4nia, p\u00e9talas de rosas foram jogadas de um helic\u00f3ptero da corpora\u00e7\u00e3o sobre os caix\u00f5es, que permaneceram dentro dos carros da funer\u00e1ria. Uma salva de tiros foi disparada em homenagem aos mortos. O governador Luiz Fernando Pez\u00e3o decretou luto oficial de tr\u00eas dias pela morte dos policiais.<\/p>\n<p><strong>Corpos encontrados<\/strong><\/p>\n<p>A Delegacia de Homic\u00eddios (DH) da Pol\u00edcia Civil foi acionada na tarde de ontem (20) para a Cidade de Deus, ap\u00f3s moradores da comunidade encontrarem ao menos sete corpos em uma \u00e1rea de mata da favela. As mortes teriam ocorrido durante um confronto com policiais na regi\u00e3o.<\/p>\n<p>Ap\u00f3s o vel\u00f3rio dos corpos dos policiais no Batalh\u00e3o de Choque, o secret\u00e1rio Roberto S\u00e1 confirmou que a DH est\u00e1 investigando as mortes na Cidade de Deus e que nenhum excesso ser\u00e1 tolerado. \u201cEu tenho a certeza de que eles tamb\u00e9m [da DH] n\u00e3o v\u00e3o deixar sem resposta as mortes dessas pessoas que foram encontradas na Cidade de Deus, falei com eles h\u00e1 pouco, j\u00e1 deslocaram a per\u00edcia e, podem ter certeza, n\u00f3s estamos aqui para preservar vidas, nenhum excesso ser\u00e1 tolerado, nenhum excesso vai ficar impune, eu confio muito no trabalho da Divis\u00e3o de Homic\u00eddios\u201d.<\/p>\n<p>Um v\u00eddeo divulgado na p\u00e1gina CDD Acontece, perfil no Facebook que noticia acontecimentos na Cidade de Deus, mostra o desespero de uma m\u00e3e que tenta negociar com policiais para procurar o corpo do filho na comunidade. Questionado sobre o ocorrido, o porta-voz da Pol\u00edcia Militar, major Ivan Blaz, disse que as informa\u00e7\u00f5es sobre poss\u00edveis \u201ctransgress\u00f5es por parte dos policiais\u201d ser\u00e3o checadas.<\/p>\n<p>\u201cEsse tipo de informa\u00e7\u00e3o, nas primeiras horas ap\u00f3s o confronto, \u00e9 comum em todo confronto de grande monta. Foi assim na guerra da Mar\u00e9, foi assim nas opera\u00e7\u00f5es de invas\u00e3o da Rocinha em cima do Vidigal. As primeiras informa\u00e7\u00f5es davam conta de que havia transgress\u00f5es de direito praticadas pelos policiais, informa\u00e7\u00f5es vindas de moradores da comunidade, que n\u00e3o se apresentam como autores dessas transgress\u00f5es. De qualquer forma, todos os nossos mecanismos correcionais est\u00e3o \u00e0 disposi\u00e7\u00e3o para an\u00e1lise dessas informa\u00e7\u00f5es\u201d.<\/p>\n<p>A Pol\u00edcia Militar vai permanecer por tempo indeterminado na Cidade de Deus, que segue com a seguran\u00e7a refor\u00e7ada e barreiras policiais em todos os acessos.<\/p>\n<p>Em nota, o ministro da Justi\u00e7a, Alexandre de Moraes, informa que colocou \u00e0 disposi\u00e7\u00e3o o efetivo da For\u00e7a Nacional que est\u00e1 no Rio para \u201cprestar apoio \u00e0 seguran\u00e7a p\u00fablica da Cidade de Deus\u201d. A nota informa ainda que o ministro est\u00e1 em contato direto com o secret\u00e1rio estadual de Seguran\u00e7a.<\/p>\n<p><strong>Governo do Rio decreta luto de tr\u00eas dias <\/strong><\/p>\n<p>O governador Luiz Fernando Pez\u00e3o decretou luto oficial de tr\u00eas dias pelas mortes dos militares. \u201cReconhecemos e agradecemos a dedica\u00e7\u00e3o da Pol\u00edcia Militar (PM) no combate ao crime e, em especial, dos policiais que perderam a vida no exerc\u00edcio de proteger e defender a sociedade. Expresso meus sentimentos aos parentes e amigos dos militares. Vamos seguir em frente em defesa dos cidad\u00e3os fluminenses\u201d, afirmou o governador.<\/p>\n<p><strong>Entenda o caso<\/strong><\/p>\n<p>O helic\u00f3ptero da Pol\u00edcia Militar caiu na noite de s\u00e1bado na Avenida Ayrton Sena, perto da Cidade de Deus, na zona oeste do Rio, matando seus quatro ocupantes, quando dava apoio a uma opera\u00e7\u00e3o contra o tr\u00e1fico de drogas. A opera\u00e7\u00e3o foi feita depois que a Unidade de Pol\u00edcia Pacificadora (UPP) da regi\u00e3o foi atacada a tiros por homens fortemente armados durante a manh\u00e3. Devido \u00e0 a\u00e7\u00e3o, o tr\u00e1fego de ve\u00edculos ficou interditado na Linha Amarela, via expressa que liga a Barra da Tijuca \u00e0 Avenida Brasil, e na Avenida Salazar Mendes de Moraes, onde fica instalada a sede da UPP.<\/p>\n<p>Homens da UPP, com o apoio de outras unidades da corpora\u00e7\u00e3o, fizeram uma a\u00e7\u00e3o na comunidade, mas ningu\u00e9m foi preso. A via expressa ficou fechada por duas horas, entre as 10h e o meio-dia, provocando grande confus\u00e3o no tr\u00e2nsito da regi\u00e3o.<\/p>\n<p>Na parte da tarde, houve novo confronto entre policiais e traficantes da Cidade de Deus e a via expressa foi novamente fechada. Um helic\u00f3ptero da corpora\u00e7\u00e3o que participava da opera\u00e7\u00e3o, dando apoio aos homens que estavam na comunidade, caiu por volta das 19h30, matando os quatro ocupantes.<\/p>\n<p>O secret\u00e1rio de Seguran\u00e7a P\u00fablica, Roberto S\u00e1, disse que foi informado pela c\u00fapula da Pol\u00edcia Militar que a aeronave s\u00f3 decola para opera\u00e7\u00e3o depois de ter sido vistoriada e apta para voos.<\/p>\n<p>(Ag\u00eancia Brasil)<\/p>\n","protected":false},"excerpt":{"rendered":"<p>A per\u00edcia inicial feita no helic\u00f3ptero da Pol\u00edcia Militar (PM) que caiu s\u00e1bado (19\/11\/2016) na Cidade de Deus, comunidade da zona oeste da cidade, n\u00e3o encontrou perfura\u00e7\u00f5es por arma de fogo. A informa\u00e7\u00e3o foi dada pelo secret\u00e1rio estadual de Seguran\u00e7a, Roberto S\u00e1, ap\u00f3s participar do vel\u00f3rio no Batalh\u00e3o de Choque, no centro do Rio, de [&hellip;]<\/p>\n","protected":false},"author":1,"featured_media":102248,"comment_status":"open","ping_status":"closed","sticky":false,"template":"","format":"standard","meta":{"amp_status":"","footnotes":""},"categories":[6],"tags":[126645,126650,22537,126653,126640,103744,126652,126671,110050,126675,126642,126641,97466,126674,78293,19903,28160,33341,18914,126672,126673,552,126670,169,40480,126643,126644,126647,126646,58317,1104,126669,126651,126648,126649],"class_list":["post-102247","post","type-post","status-publish","format-standard","has-post-thumbnail","hentry","category-br","tag-acidente-com-helicoptero-da-pm-na-cidade-de-deus","tag-camilo-barbosa-carvalho","tag-cenipa","tag-cenipa-investiga-queda-de-helicoptero-da-policia-militar-no-rio-de-janeiro","tag-cidade-de-deus","tag-comunidade","tag-cristiano-bittencourt-coutinho","tag-disparos","tag-forca-nacional","tag-governo-estadual","tag-helicoptero","tag-investiga","tag-investigacoes","tag-luto-oficial","tag-militares","tag-ministerio-da-justica","tag-morte","tag-mortes","tag-operacao","tag-pericia-preliminar-nao-encontra-marcas-de-disparos-em-helicoptero-que-caiu-na-cidade-de-deus","tag-pericia-preliminar-nao-encontra-marcas-de-disparos-em-helicoptero-que-caiu-no-rio-de-janeiro","tag-pm","tag-pms","tag-policia-militar","tag-queda","tag-queda-de-helicoptero-da-pm-na-cidade-de-deus","tag-queda-de-helicoptero-da-pm-no-rio-de-janeiro","tag-queda-de-um-helicoptero-da-policia-militar-na-cidade-de-deus","tag-queda-de-um-helicoptero-da-policia-militar-no-rio-de-janeiro","tag-rio","tag-rio-de-janeiro","tag-roberto-sa","tag-rogerio-felix-rainha","tag-rogerio-rogerio-melo-costa","tag-willian-de-freitas-schorchi"],"_links":{"self":[{"href":"https:\/\/aconteceunovale.com.br\/portal\/index.php?rest_route=\/wp\/v2\/posts\/102247","targetHints":{"allow":["GET"]}}],"collection":[{"href":"https:\/\/aconteceunovale.com.br\/portal\/index.php?rest_route=\/wp\/v2\/posts"}],"about":[{"href":"https:\/\/aconteceunovale.com.br\/portal\/index.php?rest_route=\/wp\/v2\/types\/post"}],"author":[{"embeddable":true,"href":"https:\/\/aconteceunovale.com.br\/portal\/index.php?rest_route=\/wp\/v2\/users\/1"}],"replies":[{"embeddable":true,"href":"https:\/\/aconteceunovale.com.br\/portal\/index.php?rest_route=%2Fwp%2Fv2%2Fcomments&post=102247"}],"version-history":[{"count":0,"href":"https:\/\/aconteceunovale.com.br\/portal\/index.php?rest_route=\/wp\/v2\/posts\/102247\/revisions"}],"wp:featuredmedia":[{"embeddable":true,"href":"https:\/\/aconteceunovale.com.br\/portal\/index.php?rest_route=\/wp\/v2\/media\/102248"}],"wp:attachment":[{"href":"https:\/\/aconteceunovale.com.br\/portal\/index.php?rest_route=%2Fwp%2Fv2%2Fmedia&parent=102247"}],"wp:term":[{"taxonomy":"category","embeddable":true,"href":"https:\/\/aconteceunovale.com.br\/portal\/index.php?rest_route=%2Fwp%2Fv2%2Fcategories&post=102247"},{"taxonomy":"post_tag","embeddable":true,"href":"https:\/\/aconteceunovale.com.br\/portal\/index.php?rest_route=%2Fwp%2Fv2%2Ftags&post=102247"}],"curies":[{"name":"wp","href":"https:\/\/api.w.org\/{rel}","templated":true}]}}