{"id":102245,"date":"2016-11-21T07:34:13","date_gmt":"2016-11-21T10:34:13","guid":{"rendered":"http:\/\/aconteceunovale.com.br\/portal\/?p=102245"},"modified":"2016-11-21T07:34:13","modified_gmt":"2016-11-21T10:34:13","slug":"previsao-do-tempo-para-minas-gerais-nesta-segunda-feira-21-de-novembro","status":"publish","type":"post","link":"https:\/\/aconteceunovale.com.br\/portal\/?p=102245","title":{"rendered":"Previs\u00e3o do tempo para Minas Gerais, nesta segunda-feira, 21 de novembro"},"content":{"rendered":"<h4><strong><em>C\u00e9u parcialmente nublado a nublado, com pancadas de chuvas no Noroeste, Oeste e Tri\u00e2ngulo. Na capital, temperatura m\u00e1xima chega a 28 graus.<\/em><\/strong><\/h4>\n<p>Nesta segunda-feira (21\/11) o ar seco e relativamente frio mant\u00e9m o tempo est\u00e1vel em grande parte do Sudeste brasileiro. Em Minas Gerais o tempo deve ficar parcialmente nublado a nublado, com pancadas de chuva isoladas no Noroeste, Oeste e Tri\u00e2ngulo Mineiro. Nas demais regi\u00f5es mineiras a semana come\u00e7a com tempo parcialmente nublado.<\/p>\n<p>Na Regi\u00e3o Metropolitana de Belo Horizonte o dia ser\u00e1 de c\u00e9u parcialmente nublado. Em Belo Horizonte a semana come\u00e7a com tempo parcialmente nublado, a temperatura deve variar entre 13\u00b0C e 28\u00b0C, com umidade do ar \u00e0 tarde na casa dos 35%.<\/p>\n<p>Ao longo da semana h\u00e1 previs\u00e3o de pancadas de chuva em Minas Gerais.<\/p>\n","protected":false},"excerpt":{"rendered":"<p>C\u00e9u parcialmente nublado a nublado, com pancadas de chuvas no Noroeste, Oeste e Tri\u00e2ngulo. Na capital, temperatura m\u00e1xima chega a 28 graus. Nesta segunda-feira (21\/11) o ar seco e relativamente frio mant\u00e9m o tempo est\u00e1vel em grande parte do Sudeste brasileiro. Em Minas Gerais o tempo deve ficar parcialmente nublado a nublado, com pancadas de [&hellip;]<\/p>\n","protected":false},"author":1,"featured_media":101017,"comment_status":"open","ping_status":"closed","sticky":false,"template":"","format":"standard","meta":{"amp_status":"","footnotes":""},"categories":[123],"tags":[126663,194,131,44471,1956,27340,126668,86833,126667,1839,126665,28170,126664,126666],"class_list":["post-102245","post","type-post","status-publish","format-standard","has-post-thumbnail","hentry","category-gerais","tag-21-de-novembro","tag-belo-horizonte","tag-minas-gerais","tag-nesta-segunda-feira","tag-previsao-do-tempo","tag-previsao-do-tempo-para-belo-horizonte","tag-previsao-do-tempo-para-belo-horizonte-21-de-novembro","tag-previsao-do-tempo-para-belo-horizonte-nesta-segunda-feira","tag-previsao-do-tempo-para-belo-horizonte-nesta-segunda-feira-21-de-novembro","tag-previsao-do-tempo-para-minas-gerais","tag-previsao-do-tempo-para-minas-gerais-21-de-novembro","tag-previsao-do-tempo-para-minas-gerais-nesta-segunda-feira","tag-previsao-do-tempo-para-minas-gerais-nesta-segunda-feira-21-de-novembro","tag-segunda-feira-21-de-novembro"],"_links":{"self":[{"href":"https:\/\/aconteceunovale.com.br\/portal\/index.php?rest_route=\/wp\/v2\/posts\/102245","targetHints":{"allow":["GET"]}}],"collection":[{"href":"https:\/\/aconteceunovale.com.br\/portal\/index.php?rest_route=\/wp\/v2\/posts"}],"about":[{"href":"https:\/\/aconteceunovale.com.br\/portal\/index.php?rest_route=\/wp\/v2\/types\/post"}],"author":[{"embeddable":true,"href":"https:\/\/aconteceunovale.com.br\/portal\/index.php?rest_route=\/wp\/v2\/users\/1"}],"replies":[{"embeddable":true,"href":"https:\/\/aconteceunovale.com.br\/portal\/index.php?rest_route=%2Fwp%2Fv2%2Fcomments&post=102245"}],"version-history":[{"count":0,"href":"https:\/\/aconteceunovale.com.br\/portal\/index.php?rest_route=\/wp\/v2\/posts\/102245\/revisions"}],"wp:featuredmedia":[{"embeddable":true,"href":"https:\/\/aconteceunovale.com.br\/portal\/index.php?rest_route=\/wp\/v2\/media\/101017"}],"wp:attachment":[{"href":"https:\/\/aconteceunovale.com.br\/portal\/index.php?rest_route=%2Fwp%2Fv2%2Fmedia&parent=102245"}],"wp:term":[{"taxonomy":"category","embeddable":true,"href":"https:\/\/aconteceunovale.com.br\/portal\/index.php?rest_route=%2Fwp%2Fv2%2Fcategories&post=102245"},{"taxonomy":"post_tag","embeddable":true,"href":"https:\/\/aconteceunovale.com.br\/portal\/index.php?rest_route=%2Fwp%2Fv2%2Ftags&post=102245"}],"curies":[{"name":"wp","href":"https:\/\/api.w.org\/{rel}","templated":true}]}}