{"id":102232,"date":"2016-11-20T18:39:24","date_gmt":"2016-11-20T21:39:24","guid":{"rendered":"http:\/\/aconteceunovale.com.br\/portal\/?p=102232"},"modified":"2016-11-20T18:39:24","modified_gmt":"2016-11-20T21:39:24","slug":"cenipa-investiga-queda-de-helicoptero-da-policia-militar-no-rio-de-janeiro","status":"publish","type":"post","link":"https:\/\/aconteceunovale.com.br\/portal\/?p=102232","title":{"rendered":"Cenipa investiga queda de helic\u00f3ptero da Pol\u00edcia Militar no Rio de Janeiro"},"content":{"rendered":"<p>A Cidade de Deus, comunidade na zona oeste do Rio de Janeiro, passa por grande opera\u00e7\u00e3o policial desde o in\u00edcio da manh\u00e3 de hoje (20\/11\/2016). Moradores da regi\u00e3o relatam tiroteios e viram pelo menos tr\u00eas helic\u00f3pteros sobrevoando o local de manh\u00e3.<\/p>\n<p>A a\u00e7\u00e3o ocorre ap\u00f3s a queda de um helic\u00f3ptero da Pol\u00edcia Militar (PM), durante opera\u00e7\u00e3o na comunidade no in\u00edcio da noite de ontem (19). Em nota, a PM confirmou a queda da aeronave e a morte dos quatro tripulantes.<\/p>\n<p>Os militares que morreram s\u00e3o o major Rog\u00e9rio Rog\u00e9rio Melo Costa, 36 anos, o capit\u00e3o Willian de Freitas Schorchi, 37 anos, o subtenente Camilo Barbosa Carvalho, 39 anos, e o terceiro-sargento Rog\u00e9rio F\u00e9lix Rainha, 39 anos. Os corpos foram encaminhados ao Instituto M\u00e9dico Legal e ser\u00e3o velados no Batalh\u00e3o de Choque, no centro da cidade, na tarde de hoje, com exce\u00e7\u00e3o do capit\u00e3o Schorcht, que ser\u00e1 velado em Resende, no sul fluminense.<\/p>\n<p>Integrantes do Centro de Investiga\u00e7\u00e3o e Preven\u00e7\u00e3o de Acidentes Aeron\u00e1uticos (Cenipa) estiveram ontem \u00e0 noite na Cidade de Deus para realizar as a\u00e7\u00f5es iniciais de apura\u00e7\u00e3o das causas do acidente. Representantes do centro de Criminal\u00edstica da PM e a Delegacia de Homic\u00eddios tamb\u00e9m estiveram no local.<\/p>\n<p>Ainda n\u00e3o h\u00e1 confirma\u00e7\u00e3o do motivo da queda. A PM lamentou a morte dos militares e informou que o comando da corpora\u00e7\u00e3o vai prestar todo o apoio \u00e0s fam\u00edlias.<\/p>\n<p>Na p\u00e1gina oficial da PM no Facebook, a foto do perfil foi trocada por uma tarja preta e a palavra Luto. Uma mensagem em homenagem aos policiais mortos foi publicada hoje. No comunicado, \u00e9 mencionada a morte de outro policial, ocorrida tamb\u00e9m nesse s\u00e1bado \u2013 a do terceiro-sargento Cristiano Bittencourt Coutinho, que participava de outra opera\u00e7\u00e3o quando foi atingido por um tiro. Ele tamb\u00e9m ser\u00e1 velado no Batalh\u00e3o de Choque.<\/p>\n<p><img decoding=\"async\" src=\"http:\/\/aconteceunovale.com.br\/portal\/wp-content\/uploads\/2016\/11\/helicoptero_pm_rio.jpg\" alt=\"\" \/><em>Helic\u00f3ptero caiu na Cidade de Deus (Foto: Reprodu\u00e7\u00e3o\/Veja)<\/em><br \/>\n<\/br><\/p>\n<p><strong>Ministro da Justi\u00e7a oferece For\u00e7a Nacional<\/strong><\/p>\n<p>O ministro da Justi\u00e7a, Alexandre de Moraes, ofereceu apoio \u00e0 Secretaria de Seguran\u00e7a P\u00fablica do Rio de Janeiro na opera\u00e7\u00e3o que est\u00e1 sendo realizada na Cidade de Deus, na capital fluminense. Em nota, Moraes informou que ofereceu o aparato da For\u00e7a Nacional de Seguran\u00e7a que est\u00e1 no Rio para auxiliar nas a\u00e7\u00f5es que est\u00e3o sendo realizadas na comunidade.<\/p>\n<p>\u201cO ministro Alexandre de Moraes est\u00e1 acompanhando os fatos ocorridos no Rio de Janeiro e desde ontem vem mantendo contato direto e constante com o secret\u00e1rio de Seguran\u00e7a P\u00fablica do Rio de Janeiro\u201d, diz a nota. \u201cPor oportuno, o ministro tamb\u00e9m colocou \u00e0 disposi\u00e7\u00e3o do governo local o efetivo da For\u00e7a Nacional que est\u00e1 na cidade para prestar apoio na seguran\u00e7a p\u00fablica da Cidade de Deus\u201d.<\/p>\n<p>(Ag\u00eancia Brasil)<\/p>\n","protected":false},"excerpt":{"rendered":"<p>A Cidade de Deus, comunidade na zona oeste do Rio de Janeiro, passa por grande opera\u00e7\u00e3o policial desde o in\u00edcio da manh\u00e3 de hoje (20\/11\/2016). Moradores da regi\u00e3o relatam tiroteios e viram pelo menos tr\u00eas helic\u00f3pteros sobrevoando o local de manh\u00e3. A a\u00e7\u00e3o ocorre ap\u00f3s a queda de um helic\u00f3ptero da Pol\u00edcia Militar (PM), durante [&hellip;]<\/p>\n","protected":false},"author":1,"featured_media":102233,"comment_status":"open","ping_status":"closed","sticky":false,"template":"","format":"standard","meta":{"amp_status":"","footnotes":""},"categories":[6],"tags":[126645,126650,22537,126653,126640,103744,126652,110050,126642,126641,78293,19903,28160,18914,552,169,40480,126643,126644,126647,126646,1104,126651,126648,126649],"class_list":["post-102232","post","type-post","status-publish","format-standard","has-post-thumbnail","hentry","category-br","tag-acidente-com-helicoptero-da-pm-na-cidade-de-deus","tag-camilo-barbosa-carvalho","tag-cenipa","tag-cenipa-investiga-queda-de-helicoptero-da-policia-militar-no-rio-de-janeiro","tag-cidade-de-deus","tag-comunidade","tag-cristiano-bittencourt-coutinho","tag-forca-nacional","tag-helicoptero","tag-investiga","tag-militares","tag-ministerio-da-justica","tag-morte","tag-operacao","tag-pm","tag-policia-militar","tag-queda","tag-queda-de-helicoptero-da-pm-na-cidade-de-deus","tag-queda-de-helicoptero-da-pm-no-rio-de-janeiro","tag-queda-de-um-helicoptero-da-policia-militar-na-cidade-de-deus","tag-queda-de-um-helicoptero-da-policia-militar-no-rio-de-janeiro","tag-rio-de-janeiro","tag-rogerio-felix-rainha","tag-rogerio-rogerio-melo-costa","tag-willian-de-freitas-schorchi"],"_links":{"self":[{"href":"https:\/\/aconteceunovale.com.br\/portal\/index.php?rest_route=\/wp\/v2\/posts\/102232","targetHints":{"allow":["GET"]}}],"collection":[{"href":"https:\/\/aconteceunovale.com.br\/portal\/index.php?rest_route=\/wp\/v2\/posts"}],"about":[{"href":"https:\/\/aconteceunovale.com.br\/portal\/index.php?rest_route=\/wp\/v2\/types\/post"}],"author":[{"embeddable":true,"href":"https:\/\/aconteceunovale.com.br\/portal\/index.php?rest_route=\/wp\/v2\/users\/1"}],"replies":[{"embeddable":true,"href":"https:\/\/aconteceunovale.com.br\/portal\/index.php?rest_route=%2Fwp%2Fv2%2Fcomments&post=102232"}],"version-history":[{"count":0,"href":"https:\/\/aconteceunovale.com.br\/portal\/index.php?rest_route=\/wp\/v2\/posts\/102232\/revisions"}],"wp:featuredmedia":[{"embeddable":true,"href":"https:\/\/aconteceunovale.com.br\/portal\/index.php?rest_route=\/wp\/v2\/media\/102233"}],"wp:attachment":[{"href":"https:\/\/aconteceunovale.com.br\/portal\/index.php?rest_route=%2Fwp%2Fv2%2Fmedia&parent=102232"}],"wp:term":[{"taxonomy":"category","embeddable":true,"href":"https:\/\/aconteceunovale.com.br\/portal\/index.php?rest_route=%2Fwp%2Fv2%2Fcategories&post=102232"},{"taxonomy":"post_tag","embeddable":true,"href":"https:\/\/aconteceunovale.com.br\/portal\/index.php?rest_route=%2Fwp%2Fv2%2Ftags&post=102232"}],"curies":[{"name":"wp","href":"https:\/\/api.w.org\/{rel}","templated":true}]}}