{"id":102225,"date":"2016-11-20T17:02:36","date_gmt":"2016-11-20T20:02:36","guid":{"rendered":"http:\/\/aconteceunovale.com.br\/portal\/?p=102225"},"modified":"2016-11-20T17:02:36","modified_gmt":"2016-11-20T20:02:36","slug":"jovem-e-assassinado-durante-assalto-em-governador-valadares","status":"publish","type":"post","link":"https:\/\/aconteceunovale.com.br\/portal\/?p=102225","title":{"rendered":"Jovem \u00e9 assassinado durante assalto em Governador Valadares"},"content":{"rendered":"<p>Um rapaz de 23 anos foi morto a tiros durante um assalto na madrugada deste domingo, 20 de novembro de 2016, em Governador Valadares, no Vale do Rio Doce. Segundo informa\u00e7\u00f5es da Pol\u00edcia Militar (PM), Wanderson Martins estava em uma lanchonete da Avenida Am\u00e9lia Habib, no bairro Santa Rita, quando dois indiv\u00edduos invadiram o local, anunciaram o roubo e subtra\u00edram dinheiro e pertences do propriet\u00e1rio do estabelecimento e de clientes.<\/p>\n<p>Ainda segundo a PM, testemunhas relataram que Wanderson teria ficado insatisfeito com a pr\u00e1tica criminosa, reagiu e entrou em luta corporal com um dos assaltantes. Neste momento, o comparsa efetuou v\u00e1rios disparos de arma de fogo contra a v\u00edtima, que chegou a ser socorrida com vida ao Hospital Municipal, mas n\u00e3o resistiu aos ferimentos e veio a \u00f3bito.<\/p>\n<p><img decoding=\"async\" src=\"http:\/\/aconteceunovale.com.br\/portal\/wp-content\/uploads\/2016\/11\/assalto_gv_1.jpg\" alt=\"\" \/><em>Wanderson Martins morreu durante assalto em Valadares (Foto: Reprodu\u00e7\u00e3o\/Rede Alerta)<\/em><br \/>\n<\/br><\/p>\n<p>Dois suspeitos, de 16 e 22 anos, foram detidos. O menor estava armado com um rev\u00f3lver calibre ponto 32 com cinco cartuchos deflagrados. J\u00e1 o outro criminoso portava uma pistola de calibre ponto 380 com sete cartuchos intactos. A quantia de R$ 993,00 em dinheiro tamb\u00e9m foi apreendida com a dupla.<\/p>\n<p>O circuito interno de c\u00e2meras de seguran\u00e7a da lanchonete registrou a a\u00e7\u00e3o dos bandidos. O crime ser\u00e1 investigado pela Pol\u00edcia Civil.<\/p>\n<p><iframe loading=\"lazy\" width=\"640\" height=\"360\" src=\"https:\/\/www.youtube.com\/embed\/ywMfCOMQEtU\" frameborder=\"0\" allowfullscreen><\/iframe><\/p>\n","protected":false},"excerpt":{"rendered":"<p>Um rapaz de 23 anos foi morto a tiros durante um assalto na madrugada deste domingo, 20 de novembro de 2016, em Governador Valadares, no Vale do Rio Doce. Segundo informa\u00e7\u00f5es da Pol\u00edcia Militar (PM), Wanderson Martins estava em uma lanchonete da Avenida Am\u00e9lia Habib, no bairro Santa Rita, quando dois indiv\u00edduos invadiram o local, [&hellip;]<\/p>\n","protected":false},"author":1,"featured_media":102227,"comment_status":"open","ping_status":"closed","sticky":false,"template":"","format":"standard","meta":{"amp_status":"","footnotes":""},"categories":[121],"tags":[95165,126623,247,126620,126622,126621,53266,126624,44656,126625],"class_list":["post-102225","post","type-post","status-publish","format-standard","has-post-thumbnail","hentry","category-leste","tag-assalto-em-governador-valadares","tag-assalto-em-lanchonete-de-governador-valadares","tag-governador-valadares","tag-jovem-e-assassinado-durante-assalto-em-governador-valadares","tag-morto-durante-assalto-em-governador-valadares","tag-morto-durante-roubo-em-governador-valadares","tag-roubo-em-governador-valadares","tag-roubo-em-lanchonete-de-governador-valadares","tag-violencia-em-governador-valadares","tag-wanderson-martins"],"yoast_head":"<!-- This site is optimized with the Yoast SEO plugin v28.3 - https:\/\/yoast.com\/product\/yoast-seo-wordpress\/ -->\n<title>Jovem \u00e9 assassinado durante assalto em Governador Valadares - Aconteceu no Vale<\/title>\n<meta name=\"robots\" content=\"index, follow, max-snippet:-1, max-image-preview:large, max-video-preview:-1\" \/>\n<link rel=\"canonical\" href=\"https:\/\/aconteceunovale.com.br\/portal\/?p=102225\" \/>\n<meta property=\"og:locale\" content=\"pt_BR\" \/>\n<meta property=\"og:type\" content=\"article\" \/>\n<meta property=\"og:title\" content=\"Jovem \u00e9 assassinado durante assalto em Governador Valadares - Aconteceu no Vale\" \/>\n<meta property=\"og:description\" content=\"Um rapaz de 23 anos foi morto a tiros durante um assalto na madrugada deste domingo, 20 de novembro de 2016, em Governador Valadares, no Vale do Rio Doce. Segundo informa\u00e7\u00f5es da Pol\u00edcia Militar (PM), Wanderson Martins estava em uma lanchonete da Avenida Am\u00e9lia Habib, no bairro Santa Rita, quando dois indiv\u00edduos invadiram o local, [&hellip;]\" \/>\n<meta property=\"og:url\" content=\"https:\/\/aconteceunovale.com.br\/portal\/?p=102225\" \/>\n<meta property=\"og:site_name\" content=\"Aconteceu no Vale\" \/>\n<meta property=\"article:publisher\" content=\"https:\/\/www.facebook.com\/aconteceunovale\/\" \/>\n<meta property=\"article:published_time\" content=\"2016-11-20T20:02:36+00:00\" \/>\n<meta property=\"og:image\" content=\"https:\/\/aconteceunovale.com.br\/portal\/wp-content\/uploads\/2016\/11\/assalto_gv_2.jpg\" \/>\n\t<meta property=\"og:image:width\" content=\"678\" \/>\n\t<meta property=\"og:image:height\" content=\"409\" \/>\n\t<meta property=\"og:image:type\" content=\"image\/jpeg\" \/>\n<meta name=\"author\" content=\"Aconteceu no Vale\" \/>\n<meta name=\"twitter:card\" content=\"summary_large_image\" \/>\n<meta name=\"twitter:creator\" content=\"@noticiadosvales\" \/>\n<meta name=\"twitter:site\" content=\"@noticiadosvales\" \/>\n<meta name=\"twitter:label1\" content=\"Escrito por\" \/>\n\t<meta name=\"twitter:data1\" content=\"Aconteceu no Vale\" \/>\n\t<meta name=\"twitter:label2\" content=\"Est. tempo de leitura\" \/>\n\t<meta name=\"twitter:data2\" content=\"1 minuto\" \/>\n<script type=\"application\/ld+json\" class=\"yoast-schema-graph\">{\"@context\":\"https:\\\/\\\/schema.org\",\"@graph\":[{\"@type\":\"Article\",\"@id\":\"https:\\\/\\\/aconteceunovale.com.br\\\/portal\\\/?p=102225#article\",\"isPartOf\":{\"@id\":\"https:\\\/\\\/aconteceunovale.com.br\\\/portal\\\/?p=102225\"},\"author\":{\"name\":\"Aconteceu no Vale\",\"@id\":\"https:\\\/\\\/aconteceunovale.com.br\\\/portal\\\/#\\\/schema\\\/person\\\/633529146f2c94272bef50ac2953d589\"},\"headline\":\"Jovem \u00e9 assassinado durante assalto em Governador Valadares\",\"datePublished\":\"2016-11-20T20:02:36+00:00\",\"mainEntityOfPage\":{\"@id\":\"https:\\\/\\\/aconteceunovale.com.br\\\/portal\\\/?p=102225\"},\"wordCount\":227,\"commentCount\":0,\"image\":{\"@id\":\"https:\\\/\\\/aconteceunovale.com.br\\\/portal\\\/?p=102225#primaryimage\"},\"thumbnailUrl\":\"https:\\\/\\\/aconteceunovale.com.br\\\/portal\\\/wp-content\\\/uploads\\\/2016\\\/11\\\/assalto_gv_2.jpg\",\"keywords\":[\"assalto em Governador Valadares\",\"Assalto em lanchonete de Governador Valadares\",\"Governador Valadares\",\"Jovem \u00e9 assassinado durante assalto em Governador Valadares\",\"Morto durante assalto em Governador Valadares\",\"Morto durante roubo em Governador Valadares\",\"roubo em Governador Valadares\",\"Roubo em lanchonete de Governador Valadares\",\"viol\u00eancia em Governador Valadares\",\"Wanderson Martins\"],\"articleSection\":[\"Leste de Minas\"],\"inLanguage\":\"pt-BR\",\"potentialAction\":[{\"@type\":\"CommentAction\",\"name\":\"Comment\",\"target\":[\"https:\\\/\\\/aconteceunovale.com.br\\\/portal\\\/?p=102225#respond\"]}]},{\"@type\":\"WebPage\",\"@id\":\"https:\\\/\\\/aconteceunovale.com.br\\\/portal\\\/?p=102225\",\"url\":\"https:\\\/\\\/aconteceunovale.com.br\\\/portal\\\/?p=102225\",\"name\":\"Jovem \u00e9 assassinado durante assalto em Governador Valadares - Aconteceu no Vale\",\"isPartOf\":{\"@id\":\"https:\\\/\\\/aconteceunovale.com.br\\\/portal\\\/#website\"},\"primaryImageOfPage\":{\"@id\":\"https:\\\/\\\/aconteceunovale.com.br\\\/portal\\\/?p=102225#primaryimage\"},\"image\":{\"@id\":\"https:\\\/\\\/aconteceunovale.com.br\\\/portal\\\/?p=102225#primaryimage\"},\"thumbnailUrl\":\"https:\\\/\\\/aconteceunovale.com.br\\\/portal\\\/wp-content\\\/uploads\\\/2016\\\/11\\\/assalto_gv_2.jpg\",\"datePublished\":\"2016-11-20T20:02:36+00:00\",\"author\":{\"@id\":\"https:\\\/\\\/aconteceunovale.com.br\\\/portal\\\/#\\\/schema\\\/person\\\/633529146f2c94272bef50ac2953d589\"},\"breadcrumb\":{\"@id\":\"https:\\\/\\\/aconteceunovale.com.br\\\/portal\\\/?p=102225#breadcrumb\"},\"inLanguage\":\"pt-BR\",\"potentialAction\":[{\"@type\":\"ReadAction\",\"target\":[\"https:\\\/\\\/aconteceunovale.com.br\\\/portal\\\/?p=102225\"]}]},{\"@type\":\"ImageObject\",\"inLanguage\":\"pt-BR\",\"@id\":\"https:\\\/\\\/aconteceunovale.com.br\\\/portal\\\/?p=102225#primaryimage\",\"url\":\"https:\\\/\\\/aconteceunovale.com.br\\\/portal\\\/wp-content\\\/uploads\\\/2016\\\/11\\\/assalto_gv_2.jpg\",\"contentUrl\":\"https:\\\/\\\/aconteceunovale.com.br\\\/portal\\\/wp-content\\\/uploads\\\/2016\\\/11\\\/assalto_gv_2.jpg\",\"width\":678,\"height\":409},{\"@type\":\"BreadcrumbList\",\"@id\":\"https:\\\/\\\/aconteceunovale.com.br\\\/portal\\\/?p=102225#breadcrumb\",\"itemListElement\":[{\"@type\":\"ListItem\",\"position\":1,\"name\":\"In\u00edcio\",\"item\":\"https:\\\/\\\/aconteceunovale.com.br\\\/portal\\\/\"},{\"@type\":\"ListItem\",\"position\":2,\"name\":\"Jovem \u00e9 assassinado durante assalto em Governador Valadares\"}]},{\"@type\":\"WebSite\",\"@id\":\"https:\\\/\\\/aconteceunovale.com.br\\\/portal\\\/#website\",\"url\":\"https:\\\/\\\/aconteceunovale.com.br\\\/portal\\\/\",\"name\":\"Aconteceu no Vale\",\"description\":\"Portal de Not\u00edcias\",\"potentialAction\":[{\"@type\":\"SearchAction\",\"target\":{\"@type\":\"EntryPoint\",\"urlTemplate\":\"https:\\\/\\\/aconteceunovale.com.br\\\/portal\\\/?s={search_term_string}\"},\"query-input\":{\"@type\":\"PropertyValueSpecification\",\"valueRequired\":true,\"valueName\":\"search_term_string\"}}],\"inLanguage\":\"pt-BR\"},{\"@type\":\"Person\",\"@id\":\"https:\\\/\\\/aconteceunovale.com.br\\\/portal\\\/#\\\/schema\\\/person\\\/633529146f2c94272bef50ac2953d589\",\"name\":\"Aconteceu no Vale\",\"description\":\"Equipe de reportagem do Aconteceu no Vale, portal de not\u00edcias do Vale do Jequitinhonha, em Minas Gerais. Cobrimos as 51 cidades do Vale desde 2013. Sugest\u00f5es de pauta e pedidos de corre\u00e7\u00e3o: contato@aconteceunovale.com.br\",\"sameAs\":[\"http:\\\/\\\/www.aconteceunovale.com.br\"],\"url\":\"https:\\\/\\\/aconteceunovale.com.br\\\/portal\\\/?author=1\"}]}<\/script>\n<!-- \/ Yoast SEO plugin. -->","yoast_head_json":{"title":"Jovem \u00e9 assassinado durante assalto em Governador Valadares - Aconteceu no Vale","robots":{"index":"index","follow":"follow","max-snippet":"max-snippet:-1","max-image-preview":"max-image-preview:large","max-video-preview":"max-video-preview:-1"},"canonical":"https:\/\/aconteceunovale.com.br\/portal\/?p=102225","og_locale":"pt_BR","og_type":"article","og_title":"Jovem \u00e9 assassinado durante assalto em Governador Valadares - Aconteceu no Vale","og_description":"Um rapaz de 23 anos foi morto a tiros durante um assalto na madrugada deste domingo, 20 de novembro de 2016, em Governador Valadares, no Vale do Rio Doce. Segundo informa\u00e7\u00f5es da Pol\u00edcia Militar (PM), Wanderson Martins estava em uma lanchonete da Avenida Am\u00e9lia Habib, no bairro Santa Rita, quando dois indiv\u00edduos invadiram o local, [&hellip;]","og_url":"https:\/\/aconteceunovale.com.br\/portal\/?p=102225","og_site_name":"Aconteceu no Vale","article_publisher":"https:\/\/www.facebook.com\/aconteceunovale\/","article_published_time":"2016-11-20T20:02:36+00:00","og_image":[{"width":678,"height":409,"url":"https:\/\/aconteceunovale.com.br\/portal\/wp-content\/uploads\/2016\/11\/assalto_gv_2.jpg","type":"image\/jpeg"}],"author":"Aconteceu no Vale","twitter_card":"summary_large_image","twitter_creator":"@noticiadosvales","twitter_site":"@noticiadosvales","twitter_misc":{"Escrito por":"Aconteceu no Vale","Est. tempo de leitura":"1 minuto"},"schema":{"@context":"https:\/\/schema.org","@graph":[{"@type":"Article","@id":"https:\/\/aconteceunovale.com.br\/portal\/?p=102225#article","isPartOf":{"@id":"https:\/\/aconteceunovale.com.br\/portal\/?p=102225"},"author":{"name":"Aconteceu no Vale","@id":"https:\/\/aconteceunovale.com.br\/portal\/#\/schema\/person\/633529146f2c94272bef50ac2953d589"},"headline":"Jovem \u00e9 assassinado durante assalto em Governador Valadares","datePublished":"2016-11-20T20:02:36+00:00","mainEntityOfPage":{"@id":"https:\/\/aconteceunovale.com.br\/portal\/?p=102225"},"wordCount":227,"commentCount":0,"image":{"@id":"https:\/\/aconteceunovale.com.br\/portal\/?p=102225#primaryimage"},"thumbnailUrl":"https:\/\/aconteceunovale.com.br\/portal\/wp-content\/uploads\/2016\/11\/assalto_gv_2.jpg","keywords":["assalto em Governador Valadares","Assalto em lanchonete de Governador Valadares","Governador Valadares","Jovem \u00e9 assassinado durante assalto em Governador Valadares","Morto durante assalto em Governador Valadares","Morto durante roubo em Governador Valadares","roubo em Governador Valadares","Roubo em lanchonete de Governador Valadares","viol\u00eancia em Governador Valadares","Wanderson Martins"],"articleSection":["Leste de Minas"],"inLanguage":"pt-BR","potentialAction":[{"@type":"CommentAction","name":"Comment","target":["https:\/\/aconteceunovale.com.br\/portal\/?p=102225#respond"]}]},{"@type":"WebPage","@id":"https:\/\/aconteceunovale.com.br\/portal\/?p=102225","url":"https:\/\/aconteceunovale.com.br\/portal\/?p=102225","name":"Jovem \u00e9 assassinado durante assalto em Governador Valadares - Aconteceu no Vale","isPartOf":{"@id":"https:\/\/aconteceunovale.com.br\/portal\/#website"},"primaryImageOfPage":{"@id":"https:\/\/aconteceunovale.com.br\/portal\/?p=102225#primaryimage"},"image":{"@id":"https:\/\/aconteceunovale.com.br\/portal\/?p=102225#primaryimage"},"thumbnailUrl":"https:\/\/aconteceunovale.com.br\/portal\/wp-content\/uploads\/2016\/11\/assalto_gv_2.jpg","datePublished":"2016-11-20T20:02:36+00:00","author":{"@id":"https:\/\/aconteceunovale.com.br\/portal\/#\/schema\/person\/633529146f2c94272bef50ac2953d589"},"breadcrumb":{"@id":"https:\/\/aconteceunovale.com.br\/portal\/?p=102225#breadcrumb"},"inLanguage":"pt-BR","potentialAction":[{"@type":"ReadAction","target":["https:\/\/aconteceunovale.com.br\/portal\/?p=102225"]}]},{"@type":"ImageObject","inLanguage":"pt-BR","@id":"https:\/\/aconteceunovale.com.br\/portal\/?p=102225#primaryimage","url":"https:\/\/aconteceunovale.com.br\/portal\/wp-content\/uploads\/2016\/11\/assalto_gv_2.jpg","contentUrl":"https:\/\/aconteceunovale.com.br\/portal\/wp-content\/uploads\/2016\/11\/assalto_gv_2.jpg","width":678,"height":409},{"@type":"BreadcrumbList","@id":"https:\/\/aconteceunovale.com.br\/portal\/?p=102225#breadcrumb","itemListElement":[{"@type":"ListItem","position":1,"name":"In\u00edcio","item":"https:\/\/aconteceunovale.com.br\/portal\/"},{"@type":"ListItem","position":2,"name":"Jovem \u00e9 assassinado durante assalto em Governador Valadares"}]},{"@type":"WebSite","@id":"https:\/\/aconteceunovale.com.br\/portal\/#website","url":"https:\/\/aconteceunovale.com.br\/portal\/","name":"Aconteceu no Vale","description":"Portal de Not\u00edcias","potentialAction":[{"@type":"SearchAction","target":{"@type":"EntryPoint","urlTemplate":"https:\/\/aconteceunovale.com.br\/portal\/?s={search_term_string}"},"query-input":{"@type":"PropertyValueSpecification","valueRequired":true,"valueName":"search_term_string"}}],"inLanguage":"pt-BR"},{"@type":"Person","@id":"https:\/\/aconteceunovale.com.br\/portal\/#\/schema\/person\/633529146f2c94272bef50ac2953d589","name":"Aconteceu no Vale","description":"Equipe de reportagem do Aconteceu no Vale, portal de not\u00edcias do Vale do Jequitinhonha, em Minas Gerais. Cobrimos as 51 cidades do Vale desde 2013. Sugest\u00f5es de pauta e pedidos de corre\u00e7\u00e3o: contato@aconteceunovale.com.br","sameAs":["http:\/\/www.aconteceunovale.com.br"],"url":"https:\/\/aconteceunovale.com.br\/portal\/?author=1"}]}},"_links":{"self":[{"href":"https:\/\/aconteceunovale.com.br\/portal\/index.php?rest_route=\/wp\/v2\/posts\/102225","targetHints":{"allow":["GET"]}}],"collection":[{"href":"https:\/\/aconteceunovale.com.br\/portal\/index.php?rest_route=\/wp\/v2\/posts"}],"about":[{"href":"https:\/\/aconteceunovale.com.br\/portal\/index.php?rest_route=\/wp\/v2\/types\/post"}],"author":[{"embeddable":true,"href":"https:\/\/aconteceunovale.com.br\/portal\/index.php?rest_route=\/wp\/v2\/users\/1"}],"replies":[{"embeddable":true,"href":"https:\/\/aconteceunovale.com.br\/portal\/index.php?rest_route=%2Fwp%2Fv2%2Fcomments&post=102225"}],"version-history":[{"count":0,"href":"https:\/\/aconteceunovale.com.br\/portal\/index.php?rest_route=\/wp\/v2\/posts\/102225\/revisions"}],"wp:featuredmedia":[{"embeddable":true,"href":"https:\/\/aconteceunovale.com.br\/portal\/index.php?rest_route=\/wp\/v2\/media\/102227"}],"wp:attachment":[{"href":"https:\/\/aconteceunovale.com.br\/portal\/index.php?rest_route=%2Fwp%2Fv2%2Fmedia&parent=102225"}],"wp:term":[{"taxonomy":"category","embeddable":true,"href":"https:\/\/aconteceunovale.com.br\/portal\/index.php?rest_route=%2Fwp%2Fv2%2Fcategories&post=102225"},{"taxonomy":"post_tag","embeddable":true,"href":"https:\/\/aconteceunovale.com.br\/portal\/index.php?rest_route=%2Fwp%2Fv2%2Ftags&post=102225"}],"curies":[{"name":"wp","href":"https:\/\/api.w.org\/{rel}","templated":true}]}}