{"id":102213,"date":"2016-11-20T15:01:00","date_gmt":"2016-11-20T18:01:00","guid":{"rendered":"http:\/\/aconteceunovale.com.br\/portal\/?p=102213"},"modified":"2026-09-02T13:05:19","modified_gmt":"2026-09-02T16:05:19","slug":"moto-roubada-em-itamarandiba-e-recuperada-pela-policia-militar","status":"publish","type":"post","link":"https:\/\/aconteceunovale.com.br\/portal\/?p=102213","title":{"rendered":"Moto furtada em Itamarandiba \u00e9 recuperada pela Pol\u00edcia Militar"},"content":{"rendered":"<p>A a\u00e7\u00e3o r\u00e1pida da Pol\u00edcia Militar (PM) de Itamarandiba, no Vale do Jequitinhonha, resultou na recupera\u00e7\u00e3o de uma motocicleta furtada na madrugada deste domingo (20\/11\/2016). O trabalho foi realizado pelos militares Sgt Vanderson e SD Bruno.<\/p>\n<p>A PM n\u00e3o divulgou se o autor do crime foi localizado. O ve\u00edculo estava abandonado. De acordo com a corpora\u00e7\u00e3o, a atua\u00e7\u00e3o leva \u00e0 comunidade a certeza de que a pol\u00edcia est\u00e1 sempre \u00e0 disposi\u00e7\u00e3o.<\/p>\n<p><img decoding=\"async\" src=\"http:\/\/aconteceunovale.com.br\/portal\/wp-content\/uploads\/2016\/11\/moto_itamarandiba.jpg\" alt=\"\" \/><em>Ve\u00edculo foi recuperado (Foto: Divulga\u00e7\u00e3o\/Pol\u00edcia Militar de Itamarandiba)<\/em><\/p>\n","protected":false},"excerpt":{"rendered":"<p>A a\u00e7\u00e3o r\u00e1pida da Pol\u00edcia Militar (PM) de Itamarandiba, no Vale do Jequitinhonha, resultou na recupera\u00e7\u00e3o de uma motocicleta furtada na madrugada deste domingo (20\/11\/2016). O trabalho foi realizado pelos militares Sgt Vanderson e SD Bruno. A PM n\u00e3o divulgou se o autor do crime foi localizado. O ve\u00edculo estava abandonado. De acordo com a [&hellip;]<\/p>\n","protected":false},"author":1,"featured_media":102214,"comment_status":"open","ping_status":"closed","sticky":false,"template":"","format":"standard","meta":{"amp_status":"","footnotes":""},"categories":[272549,120],"tags":[126612,149,126613,126611,126609,126610],"class_list":["post-102213","post","type-post","status-publish","format-standard","has-post-thumbnail","hentry","category-itamarandiba","category-jequi","tag-furto-de-moto-em-itamarandiba","tag-itamarandiba","tag-moto-furtada-em-itamarandiba-e-recuperada-pela-policia-militar","tag-moto-roubada-em-itamarandiba","tag-moto-roubada-em-itamarandiba-e-recuperada-pela-policia-militar","tag-roubo-de-moto-em-itamarandiba"],"yoast_head":"<!-- This site is optimized with the Yoast SEO plugin v28.3 - https:\/\/yoast.com\/product\/yoast-seo-wordpress\/ -->\n<title>Moto furtada em Itamarandiba \u00e9 recuperada pela Pol\u00edcia Militar - Aconteceu no Vale<\/title>\n<meta name=\"robots\" content=\"index, follow, max-snippet:-1, max-image-preview:large, max-video-preview:-1\" \/>\n<link rel=\"canonical\" href=\"https:\/\/aconteceunovale.com.br\/portal\/?p=102213\" \/>\n<meta property=\"og:locale\" content=\"pt_BR\" \/>\n<meta property=\"og:type\" content=\"article\" \/>\n<meta property=\"og:title\" content=\"Moto furtada em Itamarandiba \u00e9 recuperada pela Pol\u00edcia Militar - Aconteceu no Vale\" \/>\n<meta property=\"og:description\" content=\"A a\u00e7\u00e3o r\u00e1pida da Pol\u00edcia Militar (PM) de Itamarandiba, no Vale do Jequitinhonha, resultou na recupera\u00e7\u00e3o de uma motocicleta furtada na madrugada deste domingo (20\/11\/2016). O trabalho foi realizado pelos militares Sgt Vanderson e SD Bruno. A PM n\u00e3o divulgou se o autor do crime foi localizado. O ve\u00edculo estava abandonado. De acordo com a [&hellip;]\" \/>\n<meta property=\"og:url\" content=\"https:\/\/aconteceunovale.com.br\/portal\/?p=102213\" \/>\n<meta property=\"og:site_name\" content=\"Aconteceu no Vale\" \/>\n<meta property=\"article:publisher\" content=\"https:\/\/www.facebook.com\/aconteceunovale\/\" \/>\n<meta property=\"article:published_time\" content=\"2016-11-20T18:01:00+00:00\" \/>\n<meta property=\"article:modified_time\" content=\"2026-09-02T16:05:19+00:00\" \/>\n<meta property=\"og:image\" content=\"https:\/\/aconteceunovale.com.br\/portal\/wp-content\/uploads\/2016\/11\/moto_itamarandiba.jpg\" \/>\n\t<meta property=\"og:image:width\" content=\"666\" \/>\n\t<meta property=\"og:image:height\" content=\"450\" \/>\n\t<meta property=\"og:image:type\" content=\"image\/jpeg\" \/>\n<meta name=\"author\" content=\"Aconteceu no Vale\" \/>\n<meta name=\"twitter:card\" content=\"summary_large_image\" \/>\n<meta name=\"twitter:creator\" content=\"@noticiadosvales\" \/>\n<meta name=\"twitter:site\" content=\"@noticiadosvales\" \/>\n<meta name=\"twitter:label1\" content=\"Escrito por\" \/>\n\t<meta name=\"twitter:data1\" content=\"Aconteceu no Vale\" \/>\n<script type=\"application\/ld+json\" class=\"yoast-schema-graph\">{\"@context\":\"https:\\\/\\\/schema.org\",\"@graph\":[{\"@type\":\"Article\",\"@id\":\"https:\\\/\\\/aconteceunovale.com.br\\\/portal\\\/?p=102213#article\",\"isPartOf\":{\"@id\":\"https:\\\/\\\/aconteceunovale.com.br\\\/portal\\\/?p=102213\"},\"author\":{\"name\":\"Aconteceu no Vale\",\"@id\":\"https:\\\/\\\/aconteceunovale.com.br\\\/portal\\\/#\\\/schema\\\/person\\\/633529146f2c94272bef50ac2953d589\"},\"headline\":\"Moto furtada em Itamarandiba \u00e9 recuperada pela Pol\u00edcia Militar\",\"datePublished\":\"2016-11-20T18:01:00+00:00\",\"dateModified\":\"2026-09-02T16:05:19+00:00\",\"mainEntityOfPage\":{\"@id\":\"https:\\\/\\\/aconteceunovale.com.br\\\/portal\\\/?p=102213\"},\"wordCount\":99,\"commentCount\":0,\"image\":{\"@id\":\"https:\\\/\\\/aconteceunovale.com.br\\\/portal\\\/?p=102213#primaryimage\"},\"thumbnailUrl\":\"https:\\\/\\\/aconteceunovale.com.br\\\/portal\\\/wp-content\\\/uploads\\\/2016\\\/11\\\/moto_itamarandiba.jpg\",\"keywords\":[\"Furto de moto em Itamarandiba\",\"Itamarandiba\",\"Moto furtada em Itamarandiba \u00e9 recuperada pela Pol\u00edcia Militar\",\"Moto roubada em Itamarandiba\",\"Moto roubada em Itamarandiba \u00e9 recuperada pela Pol\u00edcia Militar\",\"Roubo de moto em Itamarandiba\"],\"articleSection\":[\"Itamarandiba\",\"Vale do Jequitinhonha\"],\"inLanguage\":\"pt-BR\",\"potentialAction\":[{\"@type\":\"CommentAction\",\"name\":\"Comment\",\"target\":[\"https:\\\/\\\/aconteceunovale.com.br\\\/portal\\\/?p=102213#respond\"]}]},{\"@type\":\"WebPage\",\"@id\":\"https:\\\/\\\/aconteceunovale.com.br\\\/portal\\\/?p=102213\",\"url\":\"https:\\\/\\\/aconteceunovale.com.br\\\/portal\\\/?p=102213\",\"name\":\"Moto furtada em Itamarandiba \u00e9 recuperada pela Pol\u00edcia Militar - Aconteceu no Vale\",\"isPartOf\":{\"@id\":\"https:\\\/\\\/aconteceunovale.com.br\\\/portal\\\/#website\"},\"primaryImageOfPage\":{\"@id\":\"https:\\\/\\\/aconteceunovale.com.br\\\/portal\\\/?p=102213#primaryimage\"},\"image\":{\"@id\":\"https:\\\/\\\/aconteceunovale.com.br\\\/portal\\\/?p=102213#primaryimage\"},\"thumbnailUrl\":\"https:\\\/\\\/aconteceunovale.com.br\\\/portal\\\/wp-content\\\/uploads\\\/2016\\\/11\\\/moto_itamarandiba.jpg\",\"datePublished\":\"2016-11-20T18:01:00+00:00\",\"dateModified\":\"2026-09-02T16:05:19+00:00\",\"author\":{\"@id\":\"https:\\\/\\\/aconteceunovale.com.br\\\/portal\\\/#\\\/schema\\\/person\\\/633529146f2c94272bef50ac2953d589\"},\"breadcrumb\":{\"@id\":\"https:\\\/\\\/aconteceunovale.com.br\\\/portal\\\/?p=102213#breadcrumb\"},\"inLanguage\":\"pt-BR\",\"potentialAction\":[{\"@type\":\"ReadAction\",\"target\":[\"https:\\\/\\\/aconteceunovale.com.br\\\/portal\\\/?p=102213\"]}]},{\"@type\":\"ImageObject\",\"inLanguage\":\"pt-BR\",\"@id\":\"https:\\\/\\\/aconteceunovale.com.br\\\/portal\\\/?p=102213#primaryimage\",\"url\":\"https:\\\/\\\/aconteceunovale.com.br\\\/portal\\\/wp-content\\\/uploads\\\/2016\\\/11\\\/moto_itamarandiba.jpg\",\"contentUrl\":\"https:\\\/\\\/aconteceunovale.com.br\\\/portal\\\/wp-content\\\/uploads\\\/2016\\\/11\\\/moto_itamarandiba.jpg\",\"width\":666,\"height\":450},{\"@type\":\"BreadcrumbList\",\"@id\":\"https:\\\/\\\/aconteceunovale.com.br\\\/portal\\\/?p=102213#breadcrumb\",\"itemListElement\":[{\"@type\":\"ListItem\",\"position\":1,\"name\":\"In\u00edcio\",\"item\":\"https:\\\/\\\/aconteceunovale.com.br\\\/portal\\\/\"},{\"@type\":\"ListItem\",\"position\":2,\"name\":\"Moto furtada em Itamarandiba \u00e9 recuperada pela Pol\u00edcia Militar\"}]},{\"@type\":\"WebSite\",\"@id\":\"https:\\\/\\\/aconteceunovale.com.br\\\/portal\\\/#website\",\"url\":\"https:\\\/\\\/aconteceunovale.com.br\\\/portal\\\/\",\"name\":\"Aconteceu no Vale\",\"description\":\"Portal de Not\u00edcias\",\"potentialAction\":[{\"@type\":\"SearchAction\",\"target\":{\"@type\":\"EntryPoint\",\"urlTemplate\":\"https:\\\/\\\/aconteceunovale.com.br\\\/portal\\\/?s={search_term_string}\"},\"query-input\":{\"@type\":\"PropertyValueSpecification\",\"valueRequired\":true,\"valueName\":\"search_term_string\"}}],\"inLanguage\":\"pt-BR\"},{\"@type\":\"Person\",\"@id\":\"https:\\\/\\\/aconteceunovale.com.br\\\/portal\\\/#\\\/schema\\\/person\\\/633529146f2c94272bef50ac2953d589\",\"name\":\"Aconteceu no Vale\",\"description\":\"Equipe de reportagem do Aconteceu no Vale, portal de not\u00edcias do Vale do Jequitinhonha, em Minas Gerais. Cobrimos as 51 cidades do Vale desde 2013. Sugest\u00f5es de pauta e pedidos de corre\u00e7\u00e3o: contato@aconteceunovale.com.br\",\"sameAs\":[\"http:\\\/\\\/www.aconteceunovale.com.br\"],\"url\":\"https:\\\/\\\/aconteceunovale.com.br\\\/portal\\\/?author=1\"}]}<\/script>\n<!-- \/ Yoast SEO plugin. -->","yoast_head_json":{"title":"Moto furtada em Itamarandiba \u00e9 recuperada pela Pol\u00edcia Militar - Aconteceu no Vale","robots":{"index":"index","follow":"follow","max-snippet":"max-snippet:-1","max-image-preview":"max-image-preview:large","max-video-preview":"max-video-preview:-1"},"canonical":"https:\/\/aconteceunovale.com.br\/portal\/?p=102213","og_locale":"pt_BR","og_type":"article","og_title":"Moto furtada em Itamarandiba \u00e9 recuperada pela Pol\u00edcia Militar - Aconteceu no Vale","og_description":"A a\u00e7\u00e3o r\u00e1pida da Pol\u00edcia Militar (PM) de Itamarandiba, no Vale do Jequitinhonha, resultou na recupera\u00e7\u00e3o de uma motocicleta furtada na madrugada deste domingo (20\/11\/2016). O trabalho foi realizado pelos militares Sgt Vanderson e SD Bruno. A PM n\u00e3o divulgou se o autor do crime foi localizado. O ve\u00edculo estava abandonado. De acordo com a [&hellip;]","og_url":"https:\/\/aconteceunovale.com.br\/portal\/?p=102213","og_site_name":"Aconteceu no Vale","article_publisher":"https:\/\/www.facebook.com\/aconteceunovale\/","article_published_time":"2016-11-20T18:01:00+00:00","article_modified_time":"2026-09-02T16:05:19+00:00","og_image":[{"width":666,"height":450,"url":"https:\/\/aconteceunovale.com.br\/portal\/wp-content\/uploads\/2016\/11\/moto_itamarandiba.jpg","type":"image\/jpeg"}],"author":"Aconteceu no Vale","twitter_card":"summary_large_image","twitter_creator":"@noticiadosvales","twitter_site":"@noticiadosvales","twitter_misc":{"Escrito por":"Aconteceu no Vale"},"schema":{"@context":"https:\/\/schema.org","@graph":[{"@type":"Article","@id":"https:\/\/aconteceunovale.com.br\/portal\/?p=102213#article","isPartOf":{"@id":"https:\/\/aconteceunovale.com.br\/portal\/?p=102213"},"author":{"name":"Aconteceu no Vale","@id":"https:\/\/aconteceunovale.com.br\/portal\/#\/schema\/person\/633529146f2c94272bef50ac2953d589"},"headline":"Moto furtada em Itamarandiba \u00e9 recuperada pela Pol\u00edcia Militar","datePublished":"2016-11-20T18:01:00+00:00","dateModified":"2026-09-02T16:05:19+00:00","mainEntityOfPage":{"@id":"https:\/\/aconteceunovale.com.br\/portal\/?p=102213"},"wordCount":99,"commentCount":0,"image":{"@id":"https:\/\/aconteceunovale.com.br\/portal\/?p=102213#primaryimage"},"thumbnailUrl":"https:\/\/aconteceunovale.com.br\/portal\/wp-content\/uploads\/2016\/11\/moto_itamarandiba.jpg","keywords":["Furto de moto em Itamarandiba","Itamarandiba","Moto furtada em Itamarandiba \u00e9 recuperada pela Pol\u00edcia Militar","Moto roubada em Itamarandiba","Moto roubada em Itamarandiba \u00e9 recuperada pela Pol\u00edcia Militar","Roubo de moto em Itamarandiba"],"articleSection":["Itamarandiba","Vale do Jequitinhonha"],"inLanguage":"pt-BR","potentialAction":[{"@type":"CommentAction","name":"Comment","target":["https:\/\/aconteceunovale.com.br\/portal\/?p=102213#respond"]}]},{"@type":"WebPage","@id":"https:\/\/aconteceunovale.com.br\/portal\/?p=102213","url":"https:\/\/aconteceunovale.com.br\/portal\/?p=102213","name":"Moto furtada em Itamarandiba \u00e9 recuperada pela Pol\u00edcia Militar - Aconteceu no Vale","isPartOf":{"@id":"https:\/\/aconteceunovale.com.br\/portal\/#website"},"primaryImageOfPage":{"@id":"https:\/\/aconteceunovale.com.br\/portal\/?p=102213#primaryimage"},"image":{"@id":"https:\/\/aconteceunovale.com.br\/portal\/?p=102213#primaryimage"},"thumbnailUrl":"https:\/\/aconteceunovale.com.br\/portal\/wp-content\/uploads\/2016\/11\/moto_itamarandiba.jpg","datePublished":"2016-11-20T18:01:00+00:00","dateModified":"2026-09-02T16:05:19+00:00","author":{"@id":"https:\/\/aconteceunovale.com.br\/portal\/#\/schema\/person\/633529146f2c94272bef50ac2953d589"},"breadcrumb":{"@id":"https:\/\/aconteceunovale.com.br\/portal\/?p=102213#breadcrumb"},"inLanguage":"pt-BR","potentialAction":[{"@type":"ReadAction","target":["https:\/\/aconteceunovale.com.br\/portal\/?p=102213"]}]},{"@type":"ImageObject","inLanguage":"pt-BR","@id":"https:\/\/aconteceunovale.com.br\/portal\/?p=102213#primaryimage","url":"https:\/\/aconteceunovale.com.br\/portal\/wp-content\/uploads\/2016\/11\/moto_itamarandiba.jpg","contentUrl":"https:\/\/aconteceunovale.com.br\/portal\/wp-content\/uploads\/2016\/11\/moto_itamarandiba.jpg","width":666,"height":450},{"@type":"BreadcrumbList","@id":"https:\/\/aconteceunovale.com.br\/portal\/?p=102213#breadcrumb","itemListElement":[{"@type":"ListItem","position":1,"name":"In\u00edcio","item":"https:\/\/aconteceunovale.com.br\/portal\/"},{"@type":"ListItem","position":2,"name":"Moto furtada em Itamarandiba \u00e9 recuperada pela Pol\u00edcia Militar"}]},{"@type":"WebSite","@id":"https:\/\/aconteceunovale.com.br\/portal\/#website","url":"https:\/\/aconteceunovale.com.br\/portal\/","name":"Aconteceu no Vale","description":"Portal de Not\u00edcias","potentialAction":[{"@type":"SearchAction","target":{"@type":"EntryPoint","urlTemplate":"https:\/\/aconteceunovale.com.br\/portal\/?s={search_term_string}"},"query-input":{"@type":"PropertyValueSpecification","valueRequired":true,"valueName":"search_term_string"}}],"inLanguage":"pt-BR"},{"@type":"Person","@id":"https:\/\/aconteceunovale.com.br\/portal\/#\/schema\/person\/633529146f2c94272bef50ac2953d589","name":"Aconteceu no Vale","description":"Equipe de reportagem do Aconteceu no Vale, portal de not\u00edcias do Vale do Jequitinhonha, em Minas Gerais. Cobrimos as 51 cidades do Vale desde 2013. Sugest\u00f5es de pauta e pedidos de corre\u00e7\u00e3o: contato@aconteceunovale.com.br","sameAs":["http:\/\/www.aconteceunovale.com.br"],"url":"https:\/\/aconteceunovale.com.br\/portal\/?author=1"}]}},"_links":{"self":[{"href":"https:\/\/aconteceunovale.com.br\/portal\/index.php?rest_route=\/wp\/v2\/posts\/102213","targetHints":{"allow":["GET"]}}],"collection":[{"href":"https:\/\/aconteceunovale.com.br\/portal\/index.php?rest_route=\/wp\/v2\/posts"}],"about":[{"href":"https:\/\/aconteceunovale.com.br\/portal\/index.php?rest_route=\/wp\/v2\/types\/post"}],"author":[{"embeddable":true,"href":"https:\/\/aconteceunovale.com.br\/portal\/index.php?rest_route=\/wp\/v2\/users\/1"}],"replies":[{"embeddable":true,"href":"https:\/\/aconteceunovale.com.br\/portal\/index.php?rest_route=%2Fwp%2Fv2%2Fcomments&post=102213"}],"version-history":[{"count":1,"href":"https:\/\/aconteceunovale.com.br\/portal\/index.php?rest_route=\/wp\/v2\/posts\/102213\/revisions"}],"predecessor-version":[{"id":200784,"href":"https:\/\/aconteceunovale.com.br\/portal\/index.php?rest_route=\/wp\/v2\/posts\/102213\/revisions\/200784"}],"wp:featuredmedia":[{"embeddable":true,"href":"https:\/\/aconteceunovale.com.br\/portal\/index.php?rest_route=\/wp\/v2\/media\/102214"}],"wp:attachment":[{"href":"https:\/\/aconteceunovale.com.br\/portal\/index.php?rest_route=%2Fwp%2Fv2%2Fmedia&parent=102213"}],"wp:term":[{"taxonomy":"category","embeddable":true,"href":"https:\/\/aconteceunovale.com.br\/portal\/index.php?rest_route=%2Fwp%2Fv2%2Fcategories&post=102213"},{"taxonomy":"post_tag","embeddable":true,"href":"https:\/\/aconteceunovale.com.br\/portal\/index.php?rest_route=%2Fwp%2Fv2%2Ftags&post=102213"}],"curies":[{"name":"wp","href":"https:\/\/api.w.org\/{rel}","templated":true}]}}