{"id":102204,"date":"2016-11-20T14:12:35","date_gmt":"2016-11-20T17:12:35","guid":{"rendered":"http:\/\/aconteceunovale.com.br\/portal\/?p=102204"},"modified":"2016-11-20T14:12:35","modified_gmt":"2016-11-20T17:12:35","slug":"restaurante-popular-de-montes-claros-nao-tem-prazo-para-voltar-a-funcionar","status":"publish","type":"post","link":"https:\/\/aconteceunovale.com.br\/portal\/?p=102204","title":{"rendered":"Restaurante popular de Montes Claros n\u00e3o tem prazo para voltar a funcionar"},"content":{"rendered":"<p>O Restaurante Popular de Montes Claros ainda n\u00e3o tem prazo para voltar a funcionar. A informa\u00e7\u00e3o foi divulgada pela assessoria de comunica\u00e7\u00e3o da Prefeitura nessa quinta-feira (17\/11\/2016), depois que o local foi interditado pelo Corpo de Bombeiros. Ant\u00f4nio Gomes, secret\u00e1rio de Desenvolvimento Social, afirmou que nos pr\u00f3ximos dias t\u00e9cnicos ir\u00e3o fazer um levantamento das instala\u00e7\u00f5es e providenciar\u00e3o ainda um projeto com as adequa\u00e7\u00f5es exigidas.<\/p>\n<p>Segundo o laudo que determinou a interdi\u00e7\u00e3o, o Restaurante Popular n\u00e3o oferece condi\u00e7\u00f5es de seguran\u00e7a para os funcion\u00e1rios e frequentadores. O documento aponta que o local n\u00e3o tem brigadistas, o sistema de hidrantes e a ilumina\u00e7\u00e3o de emerg\u00eancia n\u00e3o funcionam e os extintores est\u00e3o com a carga vencida. Ainda foram detectados outros problemas, como falta de manuten\u00e7\u00e3o nos equipamentos da cozinha, al\u00e9m de irregularidades na instala\u00e7\u00e3o da central de g\u00e1s.<\/p>\n<p>O secret\u00e1rio explica que o Restaurante foi inaugurado em 2008, e desde ent\u00e3o foram feitas pequenas interven\u00e7\u00f5es, mas n\u00e3o houve reformas.<\/p>\n<p>\u201cVamos fazer o levantamento para verificar o que precisa ser feito e faremos tamb\u00e9m um invent\u00e1rio dos utens\u00edlios que o restaurante tem. A inten\u00e7\u00e3o \u00e9 de que o funcionamento seja restabelecido o mais r\u00e1pido poss\u00edvel, desde que haja garantia da integridade e do bem-estar dos funcion\u00e1rios e dos usu\u00e1rios, mas n\u00e3o podemos estipular um prazo\u201d, diz o secret\u00e1rio.<\/p>\n<p>Cerca de 1.200 pessoas s\u00e3o atendidas diariamente, a refei\u00e7\u00e3o custa R$ 1. Segundo a Prefeitura, o munic\u00edpio gastou R$ 1,2 milh\u00e3o para manter o funcionamento, enquanto a arrecada\u00e7\u00e3o foi de R$ 287 mil. Os 18 funcion\u00e1rios contratados que trabalham no local ser\u00e3o realocados em outros setores.<\/p>\n<p><img decoding=\"async\" src=\"http:\/\/aconteceunovale.com.br\/portal\/wp-content\/uploads\/2016\/11\/restaurante_moc_interditado.jpg\" alt=\"\" \/><em>Restaurante Popular de Montes Claros foi interditado na quarta (Foto: Reprodu\u00e7\u00e3o\/Inter TV)<\/em><br \/>\n<\/br><\/p>\n<p><em>(Fonte: G1 Grande Minas)<\/em><\/p>\n","protected":false},"excerpt":{"rendered":"<p>O Restaurante Popular de Montes Claros ainda n\u00e3o tem prazo para voltar a funcionar. A informa\u00e7\u00e3o foi divulgada pela assessoria de comunica\u00e7\u00e3o da Prefeitura nessa quinta-feira (17\/11\/2016), depois que o local foi interditado pelo Corpo de Bombeiros. Ant\u00f4nio Gomes, secret\u00e1rio de Desenvolvimento Social, afirmou que nos pr\u00f3ximos dias t\u00e9cnicos ir\u00e3o fazer um levantamento das instala\u00e7\u00f5es [&hellip;]<\/p>\n","protected":false},"author":1,"featured_media":102205,"comment_status":"open","ping_status":"closed","sticky":false,"template":"","format":"standard","meta":{"amp_status":"","footnotes":""},"categories":[1236],"tags":[126257,126256,210,126254,126255,126598],"class_list":["post-102204","post","type-post","status-publish","format-standard","has-post-thumbnail","hentry","category-norte_de_minas","tag-antonio-eustaquio-gomes","tag-interdicao-do-restaurante-popular-de-montes-claros","tag-montes-claros","tag-restaurante-popular-de-montes-claros","tag-restaurante-popular-de-montes-claros-e-interditado","tag-restaurante-popular-de-montes-claros-nao-tem-prazo-para-voltar-a-funcionar"],"yoast_head":"<!-- This site is optimized with the Yoast SEO plugin v28.3 - https:\/\/yoast.com\/product\/yoast-seo-wordpress\/ -->\n<title>Restaurante popular de Montes Claros n\u00e3o tem prazo para voltar a funcionar - Aconteceu no Vale<\/title>\n<meta name=\"robots\" content=\"index, follow, max-snippet:-1, max-image-preview:large, max-video-preview:-1\" \/>\n<link rel=\"canonical\" href=\"https:\/\/aconteceunovale.com.br\/portal\/?p=102204\" \/>\n<meta property=\"og:locale\" content=\"pt_BR\" \/>\n<meta property=\"og:type\" content=\"article\" \/>\n<meta property=\"og:title\" content=\"Restaurante popular de Montes Claros n\u00e3o tem prazo para voltar a funcionar - Aconteceu no Vale\" \/>\n<meta property=\"og:description\" content=\"O Restaurante Popular de Montes Claros ainda n\u00e3o tem prazo para voltar a funcionar. A informa\u00e7\u00e3o foi divulgada pela assessoria de comunica\u00e7\u00e3o da Prefeitura nessa quinta-feira (17\/11\/2016), depois que o local foi interditado pelo Corpo de Bombeiros. Ant\u00f4nio Gomes, secret\u00e1rio de Desenvolvimento Social, afirmou que nos pr\u00f3ximos dias t\u00e9cnicos ir\u00e3o fazer um levantamento das instala\u00e7\u00f5es [&hellip;]\" \/>\n<meta property=\"og:url\" content=\"https:\/\/aconteceunovale.com.br\/portal\/?p=102204\" \/>\n<meta property=\"og:site_name\" content=\"Aconteceu no Vale\" \/>\n<meta property=\"article:publisher\" content=\"https:\/\/www.facebook.com\/aconteceunovale\/\" \/>\n<meta property=\"article:published_time\" content=\"2016-11-20T17:12:35+00:00\" \/>\n<meta property=\"og:image\" content=\"https:\/\/aconteceunovale.com.br\/portal\/wp-content\/uploads\/2016\/11\/restaurante_moc_interditado.jpg\" \/>\n\t<meta property=\"og:image:width\" content=\"615\" \/>\n\t<meta property=\"og:image:height\" content=\"450\" \/>\n\t<meta property=\"og:image:type\" content=\"image\/jpeg\" \/>\n<meta name=\"author\" content=\"Aconteceu no Vale\" \/>\n<meta name=\"twitter:card\" content=\"summary_large_image\" \/>\n<meta name=\"twitter:creator\" content=\"@noticiadosvales\" \/>\n<meta name=\"twitter:site\" content=\"@noticiadosvales\" \/>\n<meta name=\"twitter:label1\" content=\"Escrito por\" \/>\n\t<meta name=\"twitter:data1\" content=\"Aconteceu no Vale\" \/>\n\t<meta name=\"twitter:label2\" content=\"Est. tempo de leitura\" \/>\n\t<meta name=\"twitter:data2\" content=\"2 minutos\" \/>\n<script type=\"application\/ld+json\" class=\"yoast-schema-graph\">{\"@context\":\"https:\\\/\\\/schema.org\",\"@graph\":[{\"@type\":\"Article\",\"@id\":\"https:\\\/\\\/aconteceunovale.com.br\\\/portal\\\/?p=102204#article\",\"isPartOf\":{\"@id\":\"https:\\\/\\\/aconteceunovale.com.br\\\/portal\\\/?p=102204\"},\"author\":{\"name\":\"Aconteceu no Vale\",\"@id\":\"https:\\\/\\\/aconteceunovale.com.br\\\/portal\\\/#\\\/schema\\\/person\\\/633529146f2c94272bef50ac2953d589\"},\"headline\":\"Restaurante popular de Montes Claros n\u00e3o tem prazo para voltar a funcionar\",\"datePublished\":\"2016-11-20T17:12:35+00:00\",\"mainEntityOfPage\":{\"@id\":\"https:\\\/\\\/aconteceunovale.com.br\\\/portal\\\/?p=102204\"},\"wordCount\":328,\"commentCount\":0,\"image\":{\"@id\":\"https:\\\/\\\/aconteceunovale.com.br\\\/portal\\\/?p=102204#primaryimage\"},\"thumbnailUrl\":\"https:\\\/\\\/aconteceunovale.com.br\\\/portal\\\/wp-content\\\/uploads\\\/2016\\\/11\\\/restaurante_moc_interditado.jpg\",\"keywords\":[\"Ant\u00f4nio Eust\u00e1quio Gomes\",\"Interdi\u00e7\u00e3o do Restaurante Popular de Montes Claros\",\"Montes Claros\",\"Restaurante Popular de Montes Claros\",\"Restaurante Popular de Montes Claros \u00e9 interditado\",\"Restaurante popular de Montes Claros n\u00e3o tem prazo para voltar a funcionar\"],\"articleSection\":[\"Norte de Minas\"],\"inLanguage\":\"pt-BR\",\"potentialAction\":[{\"@type\":\"CommentAction\",\"name\":\"Comment\",\"target\":[\"https:\\\/\\\/aconteceunovale.com.br\\\/portal\\\/?p=102204#respond\"]}]},{\"@type\":\"WebPage\",\"@id\":\"https:\\\/\\\/aconteceunovale.com.br\\\/portal\\\/?p=102204\",\"url\":\"https:\\\/\\\/aconteceunovale.com.br\\\/portal\\\/?p=102204\",\"name\":\"Restaurante popular de Montes Claros n\u00e3o tem prazo para voltar a funcionar - Aconteceu no Vale\",\"isPartOf\":{\"@id\":\"https:\\\/\\\/aconteceunovale.com.br\\\/portal\\\/#website\"},\"primaryImageOfPage\":{\"@id\":\"https:\\\/\\\/aconteceunovale.com.br\\\/portal\\\/?p=102204#primaryimage\"},\"image\":{\"@id\":\"https:\\\/\\\/aconteceunovale.com.br\\\/portal\\\/?p=102204#primaryimage\"},\"thumbnailUrl\":\"https:\\\/\\\/aconteceunovale.com.br\\\/portal\\\/wp-content\\\/uploads\\\/2016\\\/11\\\/restaurante_moc_interditado.jpg\",\"datePublished\":\"2016-11-20T17:12:35+00:00\",\"author\":{\"@id\":\"https:\\\/\\\/aconteceunovale.com.br\\\/portal\\\/#\\\/schema\\\/person\\\/633529146f2c94272bef50ac2953d589\"},\"breadcrumb\":{\"@id\":\"https:\\\/\\\/aconteceunovale.com.br\\\/portal\\\/?p=102204#breadcrumb\"},\"inLanguage\":\"pt-BR\",\"potentialAction\":[{\"@type\":\"ReadAction\",\"target\":[\"https:\\\/\\\/aconteceunovale.com.br\\\/portal\\\/?p=102204\"]}]},{\"@type\":\"ImageObject\",\"inLanguage\":\"pt-BR\",\"@id\":\"https:\\\/\\\/aconteceunovale.com.br\\\/portal\\\/?p=102204#primaryimage\",\"url\":\"https:\\\/\\\/aconteceunovale.com.br\\\/portal\\\/wp-content\\\/uploads\\\/2016\\\/11\\\/restaurante_moc_interditado.jpg\",\"contentUrl\":\"https:\\\/\\\/aconteceunovale.com.br\\\/portal\\\/wp-content\\\/uploads\\\/2016\\\/11\\\/restaurante_moc_interditado.jpg\",\"width\":615,\"height\":450},{\"@type\":\"BreadcrumbList\",\"@id\":\"https:\\\/\\\/aconteceunovale.com.br\\\/portal\\\/?p=102204#breadcrumb\",\"itemListElement\":[{\"@type\":\"ListItem\",\"position\":1,\"name\":\"In\u00edcio\",\"item\":\"https:\\\/\\\/aconteceunovale.com.br\\\/portal\\\/\"},{\"@type\":\"ListItem\",\"position\":2,\"name\":\"Restaurante popular de Montes Claros n\u00e3o tem prazo para voltar a funcionar\"}]},{\"@type\":\"WebSite\",\"@id\":\"https:\\\/\\\/aconteceunovale.com.br\\\/portal\\\/#website\",\"url\":\"https:\\\/\\\/aconteceunovale.com.br\\\/portal\\\/\",\"name\":\"Aconteceu no Vale\",\"description\":\"Portal de Not\u00edcias\",\"potentialAction\":[{\"@type\":\"SearchAction\",\"target\":{\"@type\":\"EntryPoint\",\"urlTemplate\":\"https:\\\/\\\/aconteceunovale.com.br\\\/portal\\\/?s={search_term_string}\"},\"query-input\":{\"@type\":\"PropertyValueSpecification\",\"valueRequired\":true,\"valueName\":\"search_term_string\"}}],\"inLanguage\":\"pt-BR\"},{\"@type\":\"Person\",\"@id\":\"https:\\\/\\\/aconteceunovale.com.br\\\/portal\\\/#\\\/schema\\\/person\\\/633529146f2c94272bef50ac2953d589\",\"name\":\"Aconteceu no Vale\",\"description\":\"Equipe de reportagem do Aconteceu no Vale, portal de not\u00edcias do Vale do Jequitinhonha, em Minas Gerais. Cobrimos as 51 cidades do Vale desde 2013. Sugest\u00f5es de pauta e pedidos de corre\u00e7\u00e3o: contato@aconteceunovale.com.br\",\"sameAs\":[\"http:\\\/\\\/www.aconteceunovale.com.br\"],\"url\":\"https:\\\/\\\/aconteceunovale.com.br\\\/portal\\\/?author=1\"}]}<\/script>\n<!-- \/ Yoast SEO plugin. -->","yoast_head_json":{"title":"Restaurante popular de Montes Claros n\u00e3o tem prazo para voltar a funcionar - Aconteceu no Vale","robots":{"index":"index","follow":"follow","max-snippet":"max-snippet:-1","max-image-preview":"max-image-preview:large","max-video-preview":"max-video-preview:-1"},"canonical":"https:\/\/aconteceunovale.com.br\/portal\/?p=102204","og_locale":"pt_BR","og_type":"article","og_title":"Restaurante popular de Montes Claros n\u00e3o tem prazo para voltar a funcionar - Aconteceu no Vale","og_description":"O Restaurante Popular de Montes Claros ainda n\u00e3o tem prazo para voltar a funcionar. A informa\u00e7\u00e3o foi divulgada pela assessoria de comunica\u00e7\u00e3o da Prefeitura nessa quinta-feira (17\/11\/2016), depois que o local foi interditado pelo Corpo de Bombeiros. Ant\u00f4nio Gomes, secret\u00e1rio de Desenvolvimento Social, afirmou que nos pr\u00f3ximos dias t\u00e9cnicos ir\u00e3o fazer um levantamento das instala\u00e7\u00f5es [&hellip;]","og_url":"https:\/\/aconteceunovale.com.br\/portal\/?p=102204","og_site_name":"Aconteceu no Vale","article_publisher":"https:\/\/www.facebook.com\/aconteceunovale\/","article_published_time":"2016-11-20T17:12:35+00:00","og_image":[{"width":615,"height":450,"url":"https:\/\/aconteceunovale.com.br\/portal\/wp-content\/uploads\/2016\/11\/restaurante_moc_interditado.jpg","type":"image\/jpeg"}],"author":"Aconteceu no Vale","twitter_card":"summary_large_image","twitter_creator":"@noticiadosvales","twitter_site":"@noticiadosvales","twitter_misc":{"Escrito por":"Aconteceu no Vale","Est. tempo de leitura":"2 minutos"},"schema":{"@context":"https:\/\/schema.org","@graph":[{"@type":"Article","@id":"https:\/\/aconteceunovale.com.br\/portal\/?p=102204#article","isPartOf":{"@id":"https:\/\/aconteceunovale.com.br\/portal\/?p=102204"},"author":{"name":"Aconteceu no Vale","@id":"https:\/\/aconteceunovale.com.br\/portal\/#\/schema\/person\/633529146f2c94272bef50ac2953d589"},"headline":"Restaurante popular de Montes Claros n\u00e3o tem prazo para voltar a funcionar","datePublished":"2016-11-20T17:12:35+00:00","mainEntityOfPage":{"@id":"https:\/\/aconteceunovale.com.br\/portal\/?p=102204"},"wordCount":328,"commentCount":0,"image":{"@id":"https:\/\/aconteceunovale.com.br\/portal\/?p=102204#primaryimage"},"thumbnailUrl":"https:\/\/aconteceunovale.com.br\/portal\/wp-content\/uploads\/2016\/11\/restaurante_moc_interditado.jpg","keywords":["Ant\u00f4nio Eust\u00e1quio Gomes","Interdi\u00e7\u00e3o do Restaurante Popular de Montes Claros","Montes Claros","Restaurante Popular de Montes Claros","Restaurante Popular de Montes Claros \u00e9 interditado","Restaurante popular de Montes Claros n\u00e3o tem prazo para voltar a funcionar"],"articleSection":["Norte de Minas"],"inLanguage":"pt-BR","potentialAction":[{"@type":"CommentAction","name":"Comment","target":["https:\/\/aconteceunovale.com.br\/portal\/?p=102204#respond"]}]},{"@type":"WebPage","@id":"https:\/\/aconteceunovale.com.br\/portal\/?p=102204","url":"https:\/\/aconteceunovale.com.br\/portal\/?p=102204","name":"Restaurante popular de Montes Claros n\u00e3o tem prazo para voltar a funcionar - Aconteceu no Vale","isPartOf":{"@id":"https:\/\/aconteceunovale.com.br\/portal\/#website"},"primaryImageOfPage":{"@id":"https:\/\/aconteceunovale.com.br\/portal\/?p=102204#primaryimage"},"image":{"@id":"https:\/\/aconteceunovale.com.br\/portal\/?p=102204#primaryimage"},"thumbnailUrl":"https:\/\/aconteceunovale.com.br\/portal\/wp-content\/uploads\/2016\/11\/restaurante_moc_interditado.jpg","datePublished":"2016-11-20T17:12:35+00:00","author":{"@id":"https:\/\/aconteceunovale.com.br\/portal\/#\/schema\/person\/633529146f2c94272bef50ac2953d589"},"breadcrumb":{"@id":"https:\/\/aconteceunovale.com.br\/portal\/?p=102204#breadcrumb"},"inLanguage":"pt-BR","potentialAction":[{"@type":"ReadAction","target":["https:\/\/aconteceunovale.com.br\/portal\/?p=102204"]}]},{"@type":"ImageObject","inLanguage":"pt-BR","@id":"https:\/\/aconteceunovale.com.br\/portal\/?p=102204#primaryimage","url":"https:\/\/aconteceunovale.com.br\/portal\/wp-content\/uploads\/2016\/11\/restaurante_moc_interditado.jpg","contentUrl":"https:\/\/aconteceunovale.com.br\/portal\/wp-content\/uploads\/2016\/11\/restaurante_moc_interditado.jpg","width":615,"height":450},{"@type":"BreadcrumbList","@id":"https:\/\/aconteceunovale.com.br\/portal\/?p=102204#breadcrumb","itemListElement":[{"@type":"ListItem","position":1,"name":"In\u00edcio","item":"https:\/\/aconteceunovale.com.br\/portal\/"},{"@type":"ListItem","position":2,"name":"Restaurante popular de Montes Claros n\u00e3o tem prazo para voltar a funcionar"}]},{"@type":"WebSite","@id":"https:\/\/aconteceunovale.com.br\/portal\/#website","url":"https:\/\/aconteceunovale.com.br\/portal\/","name":"Aconteceu no Vale","description":"Portal de Not\u00edcias","potentialAction":[{"@type":"SearchAction","target":{"@type":"EntryPoint","urlTemplate":"https:\/\/aconteceunovale.com.br\/portal\/?s={search_term_string}"},"query-input":{"@type":"PropertyValueSpecification","valueRequired":true,"valueName":"search_term_string"}}],"inLanguage":"pt-BR"},{"@type":"Person","@id":"https:\/\/aconteceunovale.com.br\/portal\/#\/schema\/person\/633529146f2c94272bef50ac2953d589","name":"Aconteceu no Vale","description":"Equipe de reportagem do Aconteceu no Vale, portal de not\u00edcias do Vale do Jequitinhonha, em Minas Gerais. Cobrimos as 51 cidades do Vale desde 2013. Sugest\u00f5es de pauta e pedidos de corre\u00e7\u00e3o: contato@aconteceunovale.com.br","sameAs":["http:\/\/www.aconteceunovale.com.br"],"url":"https:\/\/aconteceunovale.com.br\/portal\/?author=1"}]}},"_links":{"self":[{"href":"https:\/\/aconteceunovale.com.br\/portal\/index.php?rest_route=\/wp\/v2\/posts\/102204","targetHints":{"allow":["GET"]}}],"collection":[{"href":"https:\/\/aconteceunovale.com.br\/portal\/index.php?rest_route=\/wp\/v2\/posts"}],"about":[{"href":"https:\/\/aconteceunovale.com.br\/portal\/index.php?rest_route=\/wp\/v2\/types\/post"}],"author":[{"embeddable":true,"href":"https:\/\/aconteceunovale.com.br\/portal\/index.php?rest_route=\/wp\/v2\/users\/1"}],"replies":[{"embeddable":true,"href":"https:\/\/aconteceunovale.com.br\/portal\/index.php?rest_route=%2Fwp%2Fv2%2Fcomments&post=102204"}],"version-history":[{"count":0,"href":"https:\/\/aconteceunovale.com.br\/portal\/index.php?rest_route=\/wp\/v2\/posts\/102204\/revisions"}],"wp:featuredmedia":[{"embeddable":true,"href":"https:\/\/aconteceunovale.com.br\/portal\/index.php?rest_route=\/wp\/v2\/media\/102205"}],"wp:attachment":[{"href":"https:\/\/aconteceunovale.com.br\/portal\/index.php?rest_route=%2Fwp%2Fv2%2Fmedia&parent=102204"}],"wp:term":[{"taxonomy":"category","embeddable":true,"href":"https:\/\/aconteceunovale.com.br\/portal\/index.php?rest_route=%2Fwp%2Fv2%2Fcategories&post=102204"},{"taxonomy":"post_tag","embeddable":true,"href":"https:\/\/aconteceunovale.com.br\/portal\/index.php?rest_route=%2Fwp%2Fv2%2Ftags&post=102204"}],"curies":[{"name":"wp","href":"https:\/\/api.w.org\/{rel}","templated":true}]}}