{"id":102197,"date":"2016-11-20T13:59:14","date_gmt":"2016-11-20T16:59:14","guid":{"rendered":"http:\/\/aconteceunovale.com.br\/portal\/?p=102197"},"modified":"2016-11-20T13:59:14","modified_gmt":"2016-11-20T16:59:14","slug":"alunos-da-unimontes-ficam-sem-aulas-apos-furto-de-lampadas","status":"publish","type":"post","link":"https:\/\/aconteceunovale.com.br\/portal\/?p=102197","title":{"rendered":"Alunos da Unimontes ficam sem aulas ap\u00f3s furto de l\u00e2mpadas"},"content":{"rendered":"<p>Na noite de sexta-feira (18\/11\/2016) alguns alunos do curso de Direito da Universidade Estadual de Montes Claros (Unimontes) ficaram sem aulas. Segundo informa\u00e7\u00f5es da institui\u00e7\u00e3o, as l\u00e2mpadas do pr\u00e9dio foram furtadas e esta n\u00e3o seria a primeira vez. A pol\u00edcia foi acionada e registrou um boletim de ocorr\u00eancia.<\/p>\n<p>A Pr\u00f3-Reitoria de Planejamento, Gest\u00e3o e Finan\u00e7as da Unimontes informou em nota que lamenta a depreda\u00e7\u00e3o e o descaso com o patrim\u00f4nio p\u00fablico no ambiente universit\u00e1rio e destacou que provid\u00eancias est\u00e3o sendo tomadas para identificar os autores dos furtos.<\/p>\n<p>&#8220;Algumas medidas v\u00e3o ampliar a vigil\u00e2ncia eletr\u00f4nica, bom como novos processos de vigil\u00e2ncia patrimonial e de seguran\u00e7a no campus, a partir de processo licitat\u00f3rio que est\u00e1 em fase final&#8221;, diz a nota. (G1)<\/p>\n","protected":false},"excerpt":{"rendered":"<p>Na noite de sexta-feira (18\/11\/2016) alguns alunos do curso de Direito da Universidade Estadual de Montes Claros (Unimontes) ficaram sem aulas. Segundo informa\u00e7\u00f5es da institui\u00e7\u00e3o, as l\u00e2mpadas do pr\u00e9dio foram furtadas e esta n\u00e3o seria a primeira vez. A pol\u00edcia foi acionada e registrou um boletim de ocorr\u00eancia. A Pr\u00f3-Reitoria de Planejamento, Gest\u00e3o e Finan\u00e7as [&hellip;]<\/p>\n","protected":false},"author":1,"featured_media":102198,"comment_status":"open","ping_status":"closed","sticky":false,"template":"","format":"standard","meta":{"amp_status":"","footnotes":""},"categories":[1236],"tags":[126592,126586,126590,126584,126589,210,126587,126585,126591,126583,126588,763],"class_list":["post-102197","post","type-post","status-publish","format-standard","has-post-thumbnail","hentry","category-norte_de_minas","tag-alunos-da-unimontes-ficam-sem-aulas-apos-furto-de-lampadas","tag-furto-de-lampadas-na-unimontes","tag-furto-de-lampadas-no-predio-curso-de-direito-da-unimontes-em-montes-claros","tag-furto-na-unimontes","tag-furto-no-predio-curso-de-direito-da-unimontes-em-montes-claros","tag-montes-claros","tag-predio-curso-de-direito-da-unimontes-em-montes-claros","tag-roubo-de-lampadas-na-unimontes","tag-roubo-de-lampadas-no-predio-curso-de-direito-da-unimontes-em-montes-claros","tag-roubo-na-unimontes","tag-roubo-no-predio-curso-de-direito-da-unimontes-em-montes-claros","tag-unimontes"],"_links":{"self":[{"href":"https:\/\/aconteceunovale.com.br\/portal\/index.php?rest_route=\/wp\/v2\/posts\/102197","targetHints":{"allow":["GET"]}}],"collection":[{"href":"https:\/\/aconteceunovale.com.br\/portal\/index.php?rest_route=\/wp\/v2\/posts"}],"about":[{"href":"https:\/\/aconteceunovale.com.br\/portal\/index.php?rest_route=\/wp\/v2\/types\/post"}],"author":[{"embeddable":true,"href":"https:\/\/aconteceunovale.com.br\/portal\/index.php?rest_route=\/wp\/v2\/users\/1"}],"replies":[{"embeddable":true,"href":"https:\/\/aconteceunovale.com.br\/portal\/index.php?rest_route=%2Fwp%2Fv2%2Fcomments&post=102197"}],"version-history":[{"count":0,"href":"https:\/\/aconteceunovale.com.br\/portal\/index.php?rest_route=\/wp\/v2\/posts\/102197\/revisions"}],"wp:featuredmedia":[{"embeddable":true,"href":"https:\/\/aconteceunovale.com.br\/portal\/index.php?rest_route=\/wp\/v2\/media\/102198"}],"wp:attachment":[{"href":"https:\/\/aconteceunovale.com.br\/portal\/index.php?rest_route=%2Fwp%2Fv2%2Fmedia&parent=102197"}],"wp:term":[{"taxonomy":"category","embeddable":true,"href":"https:\/\/aconteceunovale.com.br\/portal\/index.php?rest_route=%2Fwp%2Fv2%2Fcategories&post=102197"},{"taxonomy":"post_tag","embeddable":true,"href":"https:\/\/aconteceunovale.com.br\/portal\/index.php?rest_route=%2Fwp%2Fv2%2Ftags&post=102197"}],"curies":[{"name":"wp","href":"https:\/\/api.w.org\/{rel}","templated":true}]}}