{"id":102195,"date":"2016-11-20T13:51:49","date_gmt":"2016-11-20T16:51:49","guid":{"rendered":"http:\/\/aconteceunovale.com.br\/portal\/?p=102195"},"modified":"2016-11-21T14:10:51","modified_gmt":"2016-11-21T17:10:51","slug":"briga-em-bar-termina-com-jovem-morto-a-tiros-no-municipio-de-mato-verde-no-norte-de-minas","status":"publish","type":"post","link":"https:\/\/aconteceunovale.com.br\/portal\/?p=102195","title":{"rendered":"Briga em bar termina com jovem morto a tiros no munic\u00edpio de Mato Verde, no Norte de Minas"},"content":{"rendered":"<p>Um homem de 20 anos foi assassinado durante uma briga de bar, nesse domingo (20\/11\/2016), no munic\u00edpio de Mato Verde, no Norte de Minas. A v\u00edtima foi baleada ap\u00f3s tentar acalmar os \u00e2nimos dos envolvidos na confus\u00e3o. Um outro cliente tamb\u00e9m foi atingido e sobreviveu.<\/p>\n<p>Segundo o boletim de ocorr\u00eancia da Pol\u00edcia Militar, o crime aconteceu na comunidade Volta do Morro, a cerca de dez quil\u00f4metros do centro do munic\u00edpio. O propriet\u00e1rio do bar contou que o local estava cheio quando, por motivo n\u00e3o esclarecido, dois clientes come\u00e7aram a brigar e foram separados por ele.<\/p>\n<p>O suspeito deu um tapa no rosto do comerciante. Nesse momento, Rafael Vin\u00edcius Freitas Ladeia tentou defend\u00ea-lo e uma nova confus\u00e3o foi iniciada. Durante o atrito, o homem, n\u00e3o identificado pela pol\u00edcia, foi embora do bar. No entanto, ele retornou minutos depois j\u00e1 armado e come\u00e7ou a atirar, atingindo duas pessoas.<\/p>\n<p>\u201cAmigos que estavam com o Rafael ligaram para minha m\u00e3e, que mora na comunidade Jurema,e avisaram que ele havia sido baleado. Ela que contou para minha irm\u00e3 o que tinha acontecido\u201d, contou o cunhado da v\u00edtima, Marcos Alves J\u00fanior, de 24 anos.<\/p>\n<p>Atingido na parte inferior do abd\u00f4men e nas n\u00e1degas, o jovem foi socorrido por populares, mas acabou morrendo a caminho do hospital. O outro baleado, que n\u00e3o teve a identifica\u00e7\u00e3o revelada, levou dois tiros nas n\u00e1degas e foi encaminhado a um hospital de Porteirinha, cidade vizinha. A princ\u00edpio, sem risco de morte.<\/p>\n<p>\u201cO meu cunhado sempre sa\u00eda com os amigos e nunca se envolveu em brigas. Mataram um inocente. Agora, minha irm\u00e3 vai precisar cuidar do filho deles, um beb\u00ea de 1 ano e 1 m\u00eas, sozinha\u201d, desabafou J\u00fanior.<\/p>\n<p>Militares fizeram rastreamento na regi\u00e3o, mas nenhum suspeito foi identificado e localizado. <\/p>\n<p>(O Tempo)<\/p>\n","protected":false},"excerpt":{"rendered":"<p>Um homem de 20 anos foi assassinado durante uma briga de bar, nesse domingo (20\/11\/2016), no munic\u00edpio de Mato Verde, no Norte de Minas. A v\u00edtima foi baleada ap\u00f3s tentar acalmar os \u00e2nimos dos envolvidos na confus\u00e3o. Um outro cliente tamb\u00e9m foi atingido e sobreviveu. Segundo o boletim de ocorr\u00eancia da Pol\u00edcia Militar, o crime [&hellip;]<\/p>\n","protected":false},"author":1,"featured_media":90576,"comment_status":"open","ping_status":"closed","sticky":false,"template":"","format":"standard","meta":{"amp_status":"","footnotes":""},"categories":[1236],"tags":[126579,126582,126576,126580,126578,126581,1195,126577,126743],"class_list":["post-102195","post","type-post","status-publish","format-standard","has-post-thumbnail","hentry","category-norte_de_minas","tag-assassinato-em-mato-verde","tag-assassinato-na-comunidade-de-volta-do-morro","tag-briga-em-bar-termina-com-jovem-morto-a-tiros-no-municipio-de-mato-verde","tag-comunidade-de-volta-do-morro","tag-homicidio-em-mato-verde","tag-homicidio-na-comunidade-de-volta-do-morro","tag-mato-verde","tag-morto-em-mato-verde","tag-rafael-vinicius-freitas-ladeia"],"_links":{"self":[{"href":"https:\/\/aconteceunovale.com.br\/portal\/index.php?rest_route=\/wp\/v2\/posts\/102195","targetHints":{"allow":["GET"]}}],"collection":[{"href":"https:\/\/aconteceunovale.com.br\/portal\/index.php?rest_route=\/wp\/v2\/posts"}],"about":[{"href":"https:\/\/aconteceunovale.com.br\/portal\/index.php?rest_route=\/wp\/v2\/types\/post"}],"author":[{"embeddable":true,"href":"https:\/\/aconteceunovale.com.br\/portal\/index.php?rest_route=\/wp\/v2\/users\/1"}],"replies":[{"embeddable":true,"href":"https:\/\/aconteceunovale.com.br\/portal\/index.php?rest_route=%2Fwp%2Fv2%2Fcomments&post=102195"}],"version-history":[{"count":0,"href":"https:\/\/aconteceunovale.com.br\/portal\/index.php?rest_route=\/wp\/v2\/posts\/102195\/revisions"}],"wp:featuredmedia":[{"embeddable":true,"href":"https:\/\/aconteceunovale.com.br\/portal\/index.php?rest_route=\/wp\/v2\/media\/90576"}],"wp:attachment":[{"href":"https:\/\/aconteceunovale.com.br\/portal\/index.php?rest_route=%2Fwp%2Fv2%2Fmedia&parent=102195"}],"wp:term":[{"taxonomy":"category","embeddable":true,"href":"https:\/\/aconteceunovale.com.br\/portal\/index.php?rest_route=%2Fwp%2Fv2%2Fcategories&post=102195"},{"taxonomy":"post_tag","embeddable":true,"href":"https:\/\/aconteceunovale.com.br\/portal\/index.php?rest_route=%2Fwp%2Fv2%2Ftags&post=102195"}],"curies":[{"name":"wp","href":"https:\/\/api.w.org\/{rel}","templated":true}]}}