{"id":102164,"date":"2016-11-20T09:34:00","date_gmt":"2016-11-20T12:34:00","guid":{"rendered":"http:\/\/aconteceunovale.com.br\/portal\/?p=102164"},"modified":"2016-11-20T09:34:00","modified_gmt":"2016-11-20T12:34:00","slug":"inscricoes-de-candidatos-a-designacao-na-educacao-comecam-nesta-segunda-feira","status":"publish","type":"post","link":"https:\/\/aconteceunovale.com.br\/portal\/?p=102164","title":{"rendered":"Inscri\u00e7\u00f5es de candidatos \u00e0 designa\u00e7\u00e3o na Educa\u00e7\u00e3o come\u00e7am nesta segunda-feira"},"content":{"rendered":"<p>Os profissionais que desejam integrar o cadastro de candidatos \u00e0 designa\u00e7\u00e3o da\u00a0Secretaria de Estado de Educa\u00e7\u00e3o (SEE)\u00a0em 2017 devem ficar atentos. Come\u00e7a nesta segunda-feira (21\/11) o per\u00edodo de inscri\u00e7\u00e3o dos interessados \u00e0 designa\u00e7\u00e3o para o exerc\u00edcio na rede estadual de ensino em 2017. Todo profissional que se interessar em concorrer a uma vaga de designado na rede no ano que vem dever\u00e1 fazer a inscri\u00e7\u00e3o.<\/p>\n<p>Para se inscrever, o interessado deve acessar o\u00a0<a href=\"http:\/\/www.designaeducacao.mg.gov.br\/\" target=\"_blank\">www.designaeducacao.mg.gov.br<\/a>. O candidato dever\u00e1 informar dados, como nome completo, CPF, data de nascimento, telefone, e-mail e criar um login de acesso. O candidato estar\u00e1 automaticamente cadastrado, mesmo que n\u00e3o tenha efetuado nenhuma inscri\u00e7\u00e3o. Portanto, ao entrar novamente no site para se inscrever, dever\u00e1 usar o seu CPF como \u201clogin\u201d e a mesma senha usada no momento do cadastro.<\/p>\n<p>Os crit\u00e9rios e procedimentos para inscri\u00e7\u00e3o e classifica\u00e7\u00e3o de candidatos \u00e0 designa\u00e7\u00e3o para o exerc\u00edcio da fun\u00e7\u00e3o p\u00fablica na rede estadual de ensino constam na Resolu\u00e7\u00e3o SEE n\u00ba 3.118, de 17 de novembro de 2016, que foi publicada no Di\u00e1rio Oficial Minas Gerais desta sexta-feira (18\/11).<\/p>\n<p>A \u00faltima vez que a secretaria abriu inscri\u00e7\u00e3o para designa\u00e7\u00e3o foi em 2014. Na ocasi\u00e3o foram recebidas cerca de 740 mil inscri\u00e7\u00f5es de candidatos.<\/p>\n<p><strong>Inscri\u00e7\u00f5es<\/strong><\/p>\n<p>As inscri\u00e7\u00f5es dever\u00e3o ser feitas no site\u00a0<a href=\"http:\/\/www.designaeducacao.mg.gov.br\/\" target=\"_blank\">www.designaeducacao.mg.gov.br<\/a>, das 9h\u00a0do dia 21 de novembro at\u00e9 \u00e0s 23h\u00a0do dia 7 de dezembro. Ser\u00e1 possibilitado ao candidato corrigir as informa\u00e7\u00f5es durante todo o per\u00edodo da inscri\u00e7\u00e3o. A cada corre\u00e7\u00e3o ser\u00e1 emitido um novo comprovante com as altera\u00e7\u00f5es processadas. Os candidatos ser\u00e3o classificados de acordo com os \u00faltimos dados informados.<\/p>\n<p>Os candidatos \u00e0 designa\u00e7\u00e3o poder\u00e3o inscrever-se para as seguintes fun\u00e7\u00f5es: Analista de Educa\u00e7\u00e3o B\u00e1sica (AEB) \u2013 nas habilita\u00e7\u00f5es de Assistente Social, Fisioterapeuta, Fonoaudi\u00f3logo, Psic\u00f3logo ou Terapeuta Ocupacional;\u00a0 Analista Educacional\/Inspetor Escolar (ANE\/IE);\u00a0 Assistente T\u00e9cnico de Educa\u00e7\u00e3o B\u00e1sica (ATB);\u00a0 Auxiliar de Servi\u00e7os de Educa\u00e7\u00e3o B\u00e1sica (ASB); Especialista em Educa\u00e7\u00e3o B\u00e1sica (EEB) \u2013 Orientador Educacional ou Supervisor Pedag\u00f3gico; e\u00a0 Professor de Educa\u00e7\u00e3o B\u00e1sica (PEB).<\/p>\n<p>Antes de iniciar o processo, o candidato dever\u00e1 certificar-se da exist\u00eancia, no munic\u00edpio, da fun\u00e7\u00e3o e modalidade de ensino para a qual pretende se inscrever. Ele poder\u00e1 realizar at\u00e9 tr\u00eas inscri\u00e7\u00f5es, de livre escolha. A inscri\u00e7\u00e3o efetivada para o munic\u00edpio permitir\u00e1 ao candidato concorrer \u00e0s vagas em todas as escolas estaduais localizadas na sede e nos distritos para as quais existam as vagas pretendidas.<\/p>\n<p>As informa\u00e7\u00f5es inseridas pelo candidato no ato da inscri\u00e7\u00e3o, que resultar\u00e3o na sua classifica\u00e7\u00e3o, dever\u00e3o ser comprovadas no ato da designa\u00e7\u00e3o.\u00a0 N\u00e3o ser\u00e3o aceitas inscri\u00e7\u00f5es realizadas por meios diferentes do estabelecido pela Resolu\u00e7\u00e3o.<\/p>\n<p><strong>Ordem de prioridade<\/strong><\/p>\n<p>De acordo com a Resolu\u00e7\u00e3o, a designa\u00e7\u00e3o de servidores para exerc\u00edcio de fun\u00e7\u00e3o p\u00fablica obedecer\u00e1 \u00e0 seguinte ordem de prioridade:<\/p>\n<p>I \u2013 candidato concursado para o munic\u00edpio ou SRE e ainda n\u00e3o nomeado, obedecida a ordem de classifica\u00e7\u00e3o no concurso vigente, desde que comprove os requisitos de habilita\u00e7\u00e3o definidos no Edital do Concurso;<\/p>\n<p>II \u2013 candidato concursado para outro munic\u00edpio ou outra SRE e ainda n\u00e3o nomeado, obedecido ao n\u00famero de pontos obtido no concurso vigente, promovendo-se o desempate pela idade maior, desde que comprove os requisitos de habilita\u00e7\u00e3o definidos no Edital do Concurso;<\/p>\n<p>III \u2013 candidato habilitado, obedecida a ordem de classifica\u00e7\u00e3o na listagem geral do munic\u00edpio de candidatos inscritos em 2016;<\/p>\n<p>IV \u2013 candidato habilitado n\u00e3o inscrito em 2016;<\/p>\n<p>V \u2013 candidato n\u00e3o habilitado, obedecida a ordem de classifica\u00e7\u00e3o na listagem geral do munic\u00edpio de candidatos inscritos em 2016;<\/p>\n<p>VI \u2013 candidato n\u00e3o habilitado n\u00e3o inscrito em 2016.<\/p>\n<p>A divulga\u00e7\u00e3o da classifica\u00e7\u00e3o dos candidatos inscritos ser\u00e1 realizada a partir das 10 horas do dia 15 de dezembro. A divulga\u00e7\u00e3o ser\u00e1 feita pela internet, nas unidades de ensino e nas Superintend\u00eancias Regionais de Ensino (SREs).<\/p>\n<p><strong>Novidades<\/strong><\/p>\n<p>A Resolu\u00e7\u00e3o traz novidades para os candidatos. Uma delas \u00e9 que a partir desse ano os auxiliares de servi\u00e7os de educa\u00e7\u00e3o b\u00e1sica poder\u00e3o realizar at\u00e9 tr\u00eas inscri\u00e7\u00f5es, assim como os demais.\u00a0 Antes eles podiam se inscrever apenas uma vez.<\/p>\n<p>Outra novidade importante \u00e9 que a contagem de tempo relativa ao per\u00edodo de 1\u00ba\/07\/2014 at\u00e9 30\/06\/2016 ser\u00e1 apurada pelo Sistema de Administra\u00e7\u00e3o de Pessoal \u2013 SISAP e submetida \u00e0 valida\u00e7\u00e3o do candidato. Caso concorde com o tempo indicado para esse per\u00edodo de tempo, o candidato ser\u00e1 dispensado da apresenta\u00e7\u00e3o de qualquer documenta\u00e7\u00e3o comprobat\u00f3ria.<\/p>\n<p>\u00c9 importante destacar ainda que as normas de inscri\u00e7\u00e3o de designa\u00e7\u00e3o para os exerc\u00edcios das fun\u00e7\u00f5es em Educa\u00e7\u00e3o Profissional (cursos t\u00e9cnicos e curso Normal em n\u00edvel m\u00e9dio), Conservat\u00f3rios Estaduais de M\u00fasica e Projetos \/Programas autorizados pela SEE ser\u00e3o\u00a0 definidas em resolu\u00e7\u00e3o espec\u00edfica.<\/p>\n<p><strong>Designa\u00e7\u00e3o<\/strong><\/p>\n<p>A designa\u00e7\u00e3o \u00e9 a forma de preenchimento de cargo a t\u00edtulo prec\u00e1rio para assegurar o funcionamento das escolas estaduais conforme prev\u00ea o artigo 10 da Lei 10254\/1990, cujo prazo de exerc\u00edcio n\u00e3o pode exceder ao ano letivo em que se d\u00ea a designa\u00e7\u00e3o. Quando uma professora efetiva tira uma licen\u00e7a maternidade em uma escola estadual, por exemplo, ela \u00e9 substitu\u00edda por um professor designado durante o per\u00edodo da licen\u00e7a. A inscri\u00e7\u00e3o no cadastro \u00e9 essencial, pois garante prioridade aos candidatos que concorrer\u00e3o \u00e0s vagas de designa\u00e7\u00e3o no ano que vem. (Ag\u00eancia Minas)<\/p>\n","protected":false},"excerpt":{"rendered":"<p>Os profissionais que desejam integrar o cadastro de candidatos \u00e0 designa\u00e7\u00e3o da\u00a0Secretaria de Estado de Educa\u00e7\u00e3o (SEE)\u00a0em 2017 devem ficar atentos. Come\u00e7a nesta segunda-feira (21\/11) o per\u00edodo de inscri\u00e7\u00e3o dos interessados \u00e0 designa\u00e7\u00e3o para o exerc\u00edcio na rede estadual de ensino em 2017. Todo profissional que se interessar em concorrer a uma vaga de designado [&hellip;]<\/p>\n","protected":false},"author":1,"featured_media":58647,"comment_status":"open","ping_status":"closed","sticky":false,"template":"","format":"standard","meta":{"amp_status":"","footnotes":""},"categories":[40238,123],"tags":[126508,126504,126510,126502,126506,126505,126507,126503,126509,126501],"class_list":["post-102164","post","type-post","status-publish","format-standard","has-post-thumbnail","hentry","category-educacao-2","category-gerais","tag-criterios-e-procedimentos-para-inscricao-e-classificacao-de-candidatos-a-designacao-para-o-exercicio-da-funcao-publica-na-rede-estadual-de-ensino-constam-na-resolucao-see","tag-designacao-2017","tag-designacao-da-educacao-minas-gerais","tag-designacao-da-secretaria-de-estado-de-educacao-de-minas-gerais-2017","tag-designacao-em-minas-gerais","tag-designacao-em-minas-gerais-2017","tag-designacao-mg","tag-designacao-see-mg-2017","tag-inscricoes-de-candidatos-a-designacao-na-educacao-comecam-nesta-segunda-feira","tag-profissionais-que-desejam-integrar-o-cadastro-de-candidatos-a-designacao-da-secretaria-de-estado-de-educacao"],"_links":{"self":[{"href":"https:\/\/aconteceunovale.com.br\/portal\/index.php?rest_route=\/wp\/v2\/posts\/102164","targetHints":{"allow":["GET"]}}],"collection":[{"href":"https:\/\/aconteceunovale.com.br\/portal\/index.php?rest_route=\/wp\/v2\/posts"}],"about":[{"href":"https:\/\/aconteceunovale.com.br\/portal\/index.php?rest_route=\/wp\/v2\/types\/post"}],"author":[{"embeddable":true,"href":"https:\/\/aconteceunovale.com.br\/portal\/index.php?rest_route=\/wp\/v2\/users\/1"}],"replies":[{"embeddable":true,"href":"https:\/\/aconteceunovale.com.br\/portal\/index.php?rest_route=%2Fwp%2Fv2%2Fcomments&post=102164"}],"version-history":[{"count":0,"href":"https:\/\/aconteceunovale.com.br\/portal\/index.php?rest_route=\/wp\/v2\/posts\/102164\/revisions"}],"wp:featuredmedia":[{"embeddable":true,"href":"https:\/\/aconteceunovale.com.br\/portal\/index.php?rest_route=\/wp\/v2\/media\/58647"}],"wp:attachment":[{"href":"https:\/\/aconteceunovale.com.br\/portal\/index.php?rest_route=%2Fwp%2Fv2%2Fmedia&parent=102164"}],"wp:term":[{"taxonomy":"category","embeddable":true,"href":"https:\/\/aconteceunovale.com.br\/portal\/index.php?rest_route=%2Fwp%2Fv2%2Fcategories&post=102164"},{"taxonomy":"post_tag","embeddable":true,"href":"https:\/\/aconteceunovale.com.br\/portal\/index.php?rest_route=%2Fwp%2Fv2%2Ftags&post=102164"}],"curies":[{"name":"wp","href":"https:\/\/api.w.org\/{rel}","templated":true}]}}