{"id":102161,"date":"2016-11-20T09:27:32","date_gmt":"2016-11-20T12:27:32","guid":{"rendered":"http:\/\/aconteceunovale.com.br\/portal\/?p=102161"},"modified":"2016-11-20T09:27:32","modified_gmt":"2016-11-20T12:27:32","slug":"minas-gerais-e-portugal-fortalecem-parceria-no-turismo-religioso","status":"publish","type":"post","link":"https:\/\/aconteceunovale.com.br\/portal\/?p=102161","title":{"rendered":"Minas Gerais e Portugal fortalecem parceria no turismo religioso"},"content":{"rendered":"<p>Minas Gerais e Portugal deram mais um passo para fortalecer projetos relacionados ao turismo religioso, que movimenta milh\u00f5es de pessoas em todo o mundo. O governo mineiro, por meio da Secretaria de Estado de Turismo (Setur) participou, de 10 a 12 de novembro, do VI Congresso Internacional das Cidade-Santu\u00e1rio, em F\u00e1tima, Portugal. Minas Gerais e o pa\u00eds europeu est\u00e3o desenvolvendo uma rota tur\u00edstica ligando F\u00e1tima (Portugal) ao Santu\u00e1rio de Nossa Senhora da Piedade, em Caet\u00e9 (MG), Estrada Real e \u00e0 cidade de Aparecida, em S\u00e3o Paulo.<\/p>\n<p>Com o tema central \u201cNovos caminhos na valoriza\u00e7\u00e3o da peregrina\u00e7\u00e3o e do turismo religioso: coopera\u00e7\u00e3o, gest\u00e3o e inova\u00e7\u00e3o\u201d, o evento proporcionou um extenso interc\u00e2mbio de informa\u00e7\u00f5es entre os 16 pa\u00edses participantes. Para o secret\u00e1rio de Estado de Turismo de Minas Gerais, Ricardo Faria, presente no encontro, a iniciativa foi uma importante ferramenta para movimentar o setor. \u201cPor meio deste congresso, Minas Gerais foi mais uma vez apresentada ao mundo, agora como destino tur\u00edstico religioso\u201d, revela. <\/p>\n<p>O governo mineiro tem investido progressivamente no aumento do fluxo de turismo religioso. Para isso, s\u00e3o necess\u00e1rias novas formas de gest\u00e3o, de coopera\u00e7\u00e3o e de constante procura dos modos mais criativos para manter e incrementar as atividades econ\u00f4micas ligadas a este segmento. \u201cEstamos em constante aprendizado em rela\u00e7\u00e3o ao desenvolvimento do turismo religioso no mundo. Al\u00e9m da busca espiritual e da pr\u00e1tica religiosa, fica not\u00f3rio a grande possibilidade de gerar emprego e renda e, consequentemente, contribuir positivamente com a qualidade de vida de todos os envolvidos\u201d, diz Faria.<\/p>\n<p>O santu\u00e1rio de F\u00e1tima recebe anualmente cerca de 7 milh\u00f5es de turistas. J\u00e1 o santu\u00e1rio de Nossa Senhora Aparecida (SP) recebeu, em 2015, cerca de 15 milh\u00f5es de visitantes. Por sua vez, o santu\u00e1rio de Nossa Senhora da Piedade recebe cerca 320 mil turistas por ano. Em 2017, Piedade completar\u00e1 250 anos de peregrina\u00e7\u00e3o \u2013 e, Aparecida, 300 anos, marcados pela apari\u00e7\u00e3o de Nossa Senhora Aparecida na cidade.<\/p>\n<p>Portugal o terceiro maior emissor de turistas para Minas Gerais e um dos mercados priorit\u00e1rios em atra\u00e7\u00e3o de turistas internacionais. O pa\u00eds europeu refor\u00e7ou, no encontro, o prop\u00f3sito de fortalecer os la\u00e7os tur\u00edsticos com Minas Gerais. \u201cPortugal refor\u00e7ou o interesse em contribuir e investir na proposta que pretende integrar o Santu\u00e1rio de F\u00e1tima, em Our\u00e9m, ao Caminho Religioso Estrada Real (CRER), que j\u00e1 abra\u00e7a 33 munic\u00edpios mineiros e seis do estado paulista\u201d, destacou o secret\u00e1rio. <\/p>\n<p>Em julho, o acordo de coopera\u00e7\u00e3o t\u00e9cnica neste sentido foi assinado entre a Setur-MG, o Centro Nacional de Cultura e a C\u00e2mara Municipal de Our\u00e9m, dando in\u00edcio \u00e0 elabora\u00e7\u00e3o de um plano de execu\u00e7\u00e3o para interligar os polos religiosos. O projeto conta tamb\u00e9m com a participa\u00e7\u00e3o e parceria da Arquidiocese de Belo Horizonte, que foi representada pelo padre Fernando C\u00e9sar.<\/p>\n<p>O projeto ainda est\u00e1 em fase de formata\u00e7\u00e3o e ter\u00e1 como elemento promocional um passaporte que ser\u00e1 carimbado em cada uma das etapas, com destaque para F\u00e1tima, para o santu\u00e1rio de Nossa Senhora da Piedade (MG) e de Nossa Senhora da Aparecida (SP). \u201cAssim n\u00f3s fortalecemos o turismo religioso em nosso Estado. Divulgar Minas Gerais \u00e9 a melhor forma de convid\u00e1-los a conhecer de perto o que temos de melhor\u201d, finaliza Ricardo Faria. <\/p>\n<p><img decoding=\"async\" src=\"http:\/\/aconteceunovale.com.br\/portal\/wp-content\/uploads\/2016\/11\/ourem.jpg\" alt=\"\" \/><em>Secret\u00e1rio Ricardo Faria durante evento realizado em F\u00e1tima, Portugal (Divulga\u00e7\u00e3o\/Setur)<\/em><br \/>\n<\/br><\/p>\n<p>(Ag\u00eancia Minas)<\/p>\n","protected":false},"excerpt":{"rendered":"<p>Minas Gerais e Portugal deram mais um passo para fortalecer projetos relacionados ao turismo religioso, que movimenta milh\u00f5es de pessoas em todo o mundo. O governo mineiro, por meio da Secretaria de Estado de Turismo (Setur) participou, de 10 a 12 de novembro, do VI Congresso Internacional das Cidade-Santu\u00e1rio, em F\u00e1tima, Portugal. Minas Gerais e [&hellip;]<\/p>\n","protected":false},"author":1,"featured_media":102162,"comment_status":"open","ping_status":"closed","sticky":false,"template":"","format":"standard","meta":{"amp_status":"","footnotes":""},"categories":[123,28848],"tags":[6970,126497,88967,131,126496,126493,126498,126494,18919,126500,109111,126499,42412,105654,126495],"class_list":["post-102161","post","type-post","status-publish","format-standard","has-post-thumbnail","hentry","category-gerais","category-mundo","tag-caete","tag-estrada-real-e-a-cidade-de-aparecida","tag-fatima","tag-minas-gerais","tag-minas-gerais-e-o-pais-europeu-estao-desenvolvendo-uma-rota-turistica-ligando-fatima-portugal-ao-santuario-de-nossa-senhora-da-piedade","tag-minas-gerais-e-portugal-fortalecem-parceria-no-turismo-religioso","tag-novos-caminhos-na-valorizacao-da-peregrinacao-e-do-turismo-religioso","tag-parceria-no-turismo-religioso-entre-minas-gerais-e-portugal","tag-portugal","tag-portugal-o-terceiro-maior-emissor-de-turistas-para-minas-gerais-e-um-dos-mercados-prioritarios-em-atracao-de-turistas-internacionais","tag-santuario-de-fatima","tag-santuario-de-nossa-senhora-aparecida","tag-santuario-de-nossa-senhora-da-piedade","tag-turismo-religioso-entre-minas-gerais-e-portugal","tag-vi-congresso-internacional-das-cidade-santuario"],"_links":{"self":[{"href":"https:\/\/aconteceunovale.com.br\/portal\/index.php?rest_route=\/wp\/v2\/posts\/102161","targetHints":{"allow":["GET"]}}],"collection":[{"href":"https:\/\/aconteceunovale.com.br\/portal\/index.php?rest_route=\/wp\/v2\/posts"}],"about":[{"href":"https:\/\/aconteceunovale.com.br\/portal\/index.php?rest_route=\/wp\/v2\/types\/post"}],"author":[{"embeddable":true,"href":"https:\/\/aconteceunovale.com.br\/portal\/index.php?rest_route=\/wp\/v2\/users\/1"}],"replies":[{"embeddable":true,"href":"https:\/\/aconteceunovale.com.br\/portal\/index.php?rest_route=%2Fwp%2Fv2%2Fcomments&post=102161"}],"version-history":[{"count":0,"href":"https:\/\/aconteceunovale.com.br\/portal\/index.php?rest_route=\/wp\/v2\/posts\/102161\/revisions"}],"wp:featuredmedia":[{"embeddable":true,"href":"https:\/\/aconteceunovale.com.br\/portal\/index.php?rest_route=\/wp\/v2\/media\/102162"}],"wp:attachment":[{"href":"https:\/\/aconteceunovale.com.br\/portal\/index.php?rest_route=%2Fwp%2Fv2%2Fmedia&parent=102161"}],"wp:term":[{"taxonomy":"category","embeddable":true,"href":"https:\/\/aconteceunovale.com.br\/portal\/index.php?rest_route=%2Fwp%2Fv2%2Fcategories&post=102161"},{"taxonomy":"post_tag","embeddable":true,"href":"https:\/\/aconteceunovale.com.br\/portal\/index.php?rest_route=%2Fwp%2Fv2%2Ftags&post=102161"}],"curies":[{"name":"wp","href":"https:\/\/api.w.org\/{rel}","templated":true}]}}