{"id":101879,"date":"2016-11-15T16:52:20","date_gmt":"2016-11-15T19:52:20","guid":{"rendered":"http:\/\/aconteceunovale.com.br\/portal\/?p=101879"},"modified":"2016-11-15T16:52:20","modified_gmt":"2016-11-15T19:52:20","slug":"motorista-de-carreta-morre-apos-acidente-na-br-116","status":"publish","type":"post","link":"https:\/\/aconteceunovale.com.br\/portal\/?p=101879","title":{"rendered":"Motorista de carreta morre ap\u00f3s acidente na BR-116"},"content":{"rendered":"<p>Um idoso de 78 anos morreu ap\u00f3s um acidente na noite desta segunda-feira (14\/11\/2016), na BR-116, em Muria\u00e9 (MG). De acordo com a Pol\u00edcia Rodovi\u00e1ria Federal (PRF), Jos\u00e9 Santino de Lira conduzia uma carreta que transportava v\u00e1rios carros de passeio quando saiu da pista e bateu em uma \u00e1rvore. Em seguida, atravessou a rodovia e se chocou com um corte de pedra em uma das margens.<\/p>\n<p>A v\u00edtima foi socorrida pelo Servi\u00e7o de Atendimento M\u00f3vel de Urg\u00eancia (Samu) e encaminhada a um hospital da cidade, mas n\u00e3o resistiu aos ferimentos e faleceu. Ainda segundo a PRF, chovia muito no local no momento do acidente. A carreta tem placa de S\u00e3o Paulo (SP) e, para que fosse realizado atendimento e retirada do ve\u00edculo, a pista ficou parcialmente interditada at\u00e9 meia noite.<\/p>\n<p><img decoding=\"async\" src=\"http:\/\/aconteceunovale.com.br\/portal\/wp-content\/uploads\/2016\/11\/acidente_cegonheira.jpg\" alt=\"\" \/><em>Acidente com carreta aconteceu na noite desta segunda em Muria\u00e9 (Foto: Silvan Alves\/Arquivo Pessoal)<\/em><br \/>\n<\/br><\/p>\n<p><em>(Com informa\u00e7\u00f5es do G1 Zona da Mata)<\/em><\/p>\n","protected":false},"excerpt":{"rendered":"<p>Um idoso de 78 anos morreu ap\u00f3s um acidente na noite desta segunda-feira (14\/11\/2016), na BR-116, em Muria\u00e9 (MG). De acordo com a Pol\u00edcia Rodovi\u00e1ria Federal (PRF), Jos\u00e9 Santino de Lira conduzia uma carreta que transportava v\u00e1rios carros de passeio quando saiu da pista e bateu em uma \u00e1rvore. Em seguida, atravessou a rodovia e [&hellip;]<\/p>\n","protected":false},"author":1,"featured_media":101880,"comment_status":"open","ping_status":"closed","sticky":false,"template":"","format":"standard","meta":{"amp_status":"","footnotes":""},"categories":[123],"tags":[125940,125938,125939,125935,125933,3945,125937,182,125934,125942,125943,125941,1502,125936],"class_list":["post-101879","post","type-post","status-publish","format-standard","has-post-thumbnail","hentry","category-gerais","tag-acidente-com-carreta-na-br-116","tag-acidente-com-cegonheira-em-muriae","tag-acidente-com-cegonheira-na-br-116","tag-acidente-com-jose-santino-de-lira","tag-acidente-em-muriae","tag-acidente-na-br-116","tag-acidente-na-serra-de-belvedere","tag-br-116","tag-jose-santino-de-lira","tag-motorista-de-carreta-morre-apos-acidente-na-br-116","tag-motorista-de-carreta-morre-apos-acidente-na-br-116-em-muriae","tag-motorista-de-carreta-morre-em-acidente-na-br-116","tag-muriae","tag-serra-de-belvedere"],"_links":{"self":[{"href":"https:\/\/aconteceunovale.com.br\/portal\/index.php?rest_route=\/wp\/v2\/posts\/101879","targetHints":{"allow":["GET"]}}],"collection":[{"href":"https:\/\/aconteceunovale.com.br\/portal\/index.php?rest_route=\/wp\/v2\/posts"}],"about":[{"href":"https:\/\/aconteceunovale.com.br\/portal\/index.php?rest_route=\/wp\/v2\/types\/post"}],"author":[{"embeddable":true,"href":"https:\/\/aconteceunovale.com.br\/portal\/index.php?rest_route=\/wp\/v2\/users\/1"}],"replies":[{"embeddable":true,"href":"https:\/\/aconteceunovale.com.br\/portal\/index.php?rest_route=%2Fwp%2Fv2%2Fcomments&post=101879"}],"version-history":[{"count":0,"href":"https:\/\/aconteceunovale.com.br\/portal\/index.php?rest_route=\/wp\/v2\/posts\/101879\/revisions"}],"wp:featuredmedia":[{"embeddable":true,"href":"https:\/\/aconteceunovale.com.br\/portal\/index.php?rest_route=\/wp\/v2\/media\/101880"}],"wp:attachment":[{"href":"https:\/\/aconteceunovale.com.br\/portal\/index.php?rest_route=%2Fwp%2Fv2%2Fmedia&parent=101879"}],"wp:term":[{"taxonomy":"category","embeddable":true,"href":"https:\/\/aconteceunovale.com.br\/portal\/index.php?rest_route=%2Fwp%2Fv2%2Fcategories&post=101879"},{"taxonomy":"post_tag","embeddable":true,"href":"https:\/\/aconteceunovale.com.br\/portal\/index.php?rest_route=%2Fwp%2Fv2%2Ftags&post=101879"}],"curies":[{"name":"wp","href":"https:\/\/api.w.org\/{rel}","templated":true}]}}