{"id":101873,"date":"2016-11-15T16:26:19","date_gmt":"2016-11-15T19:26:19","guid":{"rendered":"http:\/\/aconteceunovale.com.br\/portal\/?p=101873"},"modified":"2016-11-15T16:26:19","modified_gmt":"2016-11-15T19:26:19","slug":"produtores-de-banana-se-reunem-em-workshop-no-norte-de-minas","status":"publish","type":"post","link":"https:\/\/aconteceunovale.com.br\/portal\/?p=101873","title":{"rendered":"Produtores de banana se re\u00fanem em workshop no Norte de Minas"},"content":{"rendered":"<p>Uma iniciativa de produtores do Norte de Minas promete levar ao campo novas t\u00e9cnicas e pesquisas relacionadas \u00e0 produ\u00e7\u00e3o de banana. A Associa\u00e7\u00e3o Central dos Fruticultores do Norte de Minas (Abanorte), em parceria com a Empresa Brasileira de Pesquisa Agropecu\u00e1ria (Embrapa), promove em Jana\u00faba (MG) o Workshop sobre Bananicultura no Norte de Minas. O evento acontece na pr\u00f3xima quarta-feira (16\/11\/2016), e vai discutir sobre a produ\u00e7\u00e3o da fruta na regi\u00e3o.<\/p>\n<p>\u00c9 a primeira vez que uma proposta de debate sobre a banana vai acontecer na regi\u00e3o. O evento \u00e9 voltado para produtores, associados e t\u00e9cnicos da cadeia produtiva da banana. Al\u00e9m das entidades organizadoras, institui\u00e7\u00f5es de pesquisa da regi\u00e3o, como Emater, IMA, universidades p\u00fablicas tamb\u00e9m devem participar. Cerca de 40 representantes da fruticultura da regi\u00e3o j\u00e1 confirmaram presen\u00e7a.<\/p>\n<p>De acordo com o presidente da Abanorte, Saulo Lage, o grande objetivo \u00e9 aproximar as pesquisas desenvolvidas na \u00e1rea da fruticultura dos produtores e, sobretudo, das planta\u00e7\u00f5es. \u201cA Embrapa \u00e9 hoje a maior entidade nacional de apoio \u00e0 fruticultura, dividida por \u00e1reas. Fiz um pedido para que a entidade se aproximasse mais da nossa regi\u00e3o. Muitas vezes, no Brasil, a pesquisa fica afastada da viv\u00eancia. Nosso objetivo maior com o workshop \u00e9 de aliar a teoria \u00e0 pratica\u201d, explica.<\/p>\n<p>Segundo dados da Abanorte, o Norte de Minas \u00e9 o maior polo de produ\u00e7\u00e3o de banana prata do pa\u00eds. As discuss\u00f5es durante o evento v\u00e3o apresentar desafios da bananicultura na regi\u00e3o, e como o espa\u00e7o da regi\u00e3o dialoga com o Brasil.<\/p>\n<p>O workshop ser\u00e1 dividido em dois momentos; pela manh\u00e3, uma oficina de prospec\u00e7\u00e3o de demandas voltada para os representantes das entidades de pesquisa e t\u00e9cnicos da regi\u00e3o. Depois, ser\u00e1 a vez dos produtores apresentarem um retrospecto da bananicultura no Norte de Minas, atrav\u00e9s de uma mesa redonda, que vai tratar das demandas da bananicultura, incluindo pre\u00e7o, doen\u00e7as, plantio.<\/p>\n<p>Saulo Lage acredita que atrav\u00e9s de um planejamento estrat\u00e9gico, a produ\u00e7\u00e3o da banana pode crescer ainda mais. \u201cNa regi\u00e3o, temos mais de 20 mil hectares de banana. Os pesquisadores v\u00e3o apresentar o que t\u00eam e vamos promover um debate, onde os produtores v\u00e3o poder levantar as demandas sobre as produ\u00e7\u00f5es. Vamos sintonizar os pesquisadores com a realidade de nossa regi\u00e3o e sintonizar os produtores com a pesquisa da Embrapa. Tra\u00e7ar um plano de a\u00e7\u00e3o para desenvolver o trabalho pode ser um caminho\u201d, afirma.<\/p>\n<p>Para mais informa\u00e7\u00f5es sobre o workshop, o telefone da Abanorte \u00e9 (38) 3821-2936. O <a href=\"http:\/\/www.abanorte.com.br\/web\/app.php\/\" target=\"_blank\">site da entidade (www.abanorte.com.br)<\/a> tamb\u00e9m disponibiliza mais detalhes sobre o evento.<\/p>\n<p><strong>Abanorte<\/strong><\/p>\n<p>Mais de 2000 produtores est\u00e3o cadastrados na Associa\u00e7\u00e3o Central dos Fruticultores do Norte de Minas (Abanorte). S\u00e3o 23 anos de exist\u00eancia voltados para assuntos relacionados \u00e0s planta\u00e7\u00f5es de diversas frutas do Norte de Minas. A entidade come\u00e7ou vinculada \u00e0 bananicultura, mas foi expandida e realiza um trabalho voltado a dezenas de culturas.<\/p>\n<p>O trabalho \u00e9 realizado atrav\u00e9s de parcerias com entidades p\u00fablicas e privadas, buscando integrar atua\u00e7\u00f5es com os parceiros de outros sindicatos e cooperativas. A Abanorte tem sede em Jana\u00faba e atua sem fins lucrativos. O objetivo \u00e9 congregar os produtores de frutas \u201cin natura\u201d, associa\u00e7\u00f5es, cooperativas, sindicatos e outras institui\u00e7\u00f5es representativas da categoria para promover o desenvolvimento socioecon\u00f4mico desse setor agr\u00edcola.<\/p>\n<p>Para o presidente, Saulo Lage, eventos de integra\u00e7\u00e3o entre os fruticultores s\u00e3o importantes para que haja um di\u00e1logo e coes\u00e3o entre eles. \u201cO objetivo da Abanorte enquanto entidade \u00e9 afinar o di\u00e1logo, afinar os instrumentos da orquestra e unir a atua\u00e7\u00e3o. Temos muitos m\u00fasicos competentes que tem tocado separados, queremos que todo mundo toque a mesma musica para que todos possam chegar ao fim da partitura\u201d, conclui.<\/p>\n<p><img decoding=\"async\" src=\"http:\/\/aconteceunovale.com.br\/portal\/wp-content\/uploads\/2016\/11\/banana_nm.jpg\" alt=\"\" \/><em>Produtores de banana v\u00e3o discutir sobre desafios e oportunidades (Foto: Divulga\u00e7\u00e3o\/Abanorte)<\/em><br \/>\n<\/br><\/p>\n<p><em>(Fonte: G1 Grande Minas)<\/em><\/p>\n","protected":false},"excerpt":{"rendered":"<p>Uma iniciativa de produtores do Norte de Minas promete levar ao campo novas t\u00e9cnicas e pesquisas relacionadas \u00e0 produ\u00e7\u00e3o de banana. A Associa\u00e7\u00e3o Central dos Fruticultores do Norte de Minas (Abanorte), em parceria com a Empresa Brasileira de Pesquisa Agropecu\u00e1ria (Embrapa), promove em Jana\u00faba (MG) o Workshop sobre Bananicultura no Norte de Minas. O evento [&hellip;]<\/p>\n","protected":false},"author":1,"featured_media":101874,"comment_status":"open","ping_status":"closed","sticky":false,"template":"","format":"standard","meta":{"amp_status":"","footnotes":""},"categories":[125,1236],"tags":[26684,62353,125916,1018,29596,33498,125917,204,125920,125918,125921,75308,125919,125915],"class_list":["post-101873","post","type-post","status-publish","format-standard","has-post-thumbnail","hentry","category-noticias","category-norte_de_minas","tag-abanorte","tag-associacao-central-dos-fruticultores-do-norte-de-minas","tag-bananicultura-no-norte-de-minas-gerais","tag-destaque","tag-embrapa","tag-empresa-brasileira-de-pesquisa-agropecuaria","tag-iniciativa-de-produtores-do-norte-de-minas-promete-levar-ao-campo-novas-tecnicas-e-pesquisas-relacionadas-a-producao-de-banana","tag-janauba","tag-presidente-da-abanorte","tag-producao-de-bananas-no-norte-de-minas","tag-produtores-de-banana-se-reunem-em-workshop-no-norte-de-minas","tag-saulo-lage","tag-site-da-abanorte","tag-workshop-sobre-bananicultura-no-norte-de-minas-gerais"],"_links":{"self":[{"href":"https:\/\/aconteceunovale.com.br\/portal\/index.php?rest_route=\/wp\/v2\/posts\/101873","targetHints":{"allow":["GET"]}}],"collection":[{"href":"https:\/\/aconteceunovale.com.br\/portal\/index.php?rest_route=\/wp\/v2\/posts"}],"about":[{"href":"https:\/\/aconteceunovale.com.br\/portal\/index.php?rest_route=\/wp\/v2\/types\/post"}],"author":[{"embeddable":true,"href":"https:\/\/aconteceunovale.com.br\/portal\/index.php?rest_route=\/wp\/v2\/users\/1"}],"replies":[{"embeddable":true,"href":"https:\/\/aconteceunovale.com.br\/portal\/index.php?rest_route=%2Fwp%2Fv2%2Fcomments&post=101873"}],"version-history":[{"count":0,"href":"https:\/\/aconteceunovale.com.br\/portal\/index.php?rest_route=\/wp\/v2\/posts\/101873\/revisions"}],"wp:featuredmedia":[{"embeddable":true,"href":"https:\/\/aconteceunovale.com.br\/portal\/index.php?rest_route=\/wp\/v2\/media\/101874"}],"wp:attachment":[{"href":"https:\/\/aconteceunovale.com.br\/portal\/index.php?rest_route=%2Fwp%2Fv2%2Fmedia&parent=101873"}],"wp:term":[{"taxonomy":"category","embeddable":true,"href":"https:\/\/aconteceunovale.com.br\/portal\/index.php?rest_route=%2Fwp%2Fv2%2Fcategories&post=101873"},{"taxonomy":"post_tag","embeddable":true,"href":"https:\/\/aconteceunovale.com.br\/portal\/index.php?rest_route=%2Fwp%2Fv2%2Ftags&post=101873"}],"curies":[{"name":"wp","href":"https:\/\/api.w.org\/{rel}","templated":true}]}}