{"id":101870,"date":"2016-11-15T15:57:55","date_gmt":"2016-11-15T18:57:55","guid":{"rendered":"http:\/\/aconteceunovale.com.br\/portal\/?p=101870"},"modified":"2016-11-15T15:57:55","modified_gmt":"2016-11-15T18:57:55","slug":"dois-ipatinguenses-morrem-em-explosao-na-usina-da-gerdau-em-ouro-branco","status":"publish","type":"post","link":"https:\/\/aconteceunovale.com.br\/portal\/?p=101870","title":{"rendered":"Dois ipatinguenses morrem em explos\u00e3o na usina da Gerdau em Ouro Branco"},"content":{"rendered":"<p>Uma explos\u00e3o no fim da tarde de ontem (14\/11\/2016) na usina da Gerdau em Ouro Branco, regi\u00e3o Central de Minas Gerais, deixou tr\u00eas mortos e um ferido. Segundo a sider\u00fargica, os trabalhadores mortos \u2013 Douglas Eduardo Neto, 24, Allan Roger Prado, 23, e Jos\u00e9 Cezar Miguel, 51 \u2013 eram prestadores de servi\u00e7o da empresa Conva\u00e7o e davam manuten\u00e7\u00e3o em uma torre de g\u00e1s no momento do acidente. Eles foram socorridos e levados para o Hospital Funda\u00e7\u00e3o Ouro Branco, mas n\u00e3o resistiram aos ferimentos.<\/p>\n<p>Eli Carlos Almeida Fernandes, 36, que tamb\u00e9m trabalhava na manuten\u00e7\u00e3o do equipamento, ficou ferido e tamb\u00e9m foi levado para o hospital. Ele teve alta esta manh\u00e3.<\/p>\n<p>Segundo informa\u00e7\u00f5es de funcion\u00e1rios da empresa, a equipe fazia um trabalho de solda num dos gas\u00f4metros da usina, no Alto Forno, quando houve a explos\u00e3o, por volta das 16h30.<\/p>\n<p>Em nota, a Gerdau e a Conva\u00e7o afirmam que est\u00e3o prestando toda a assist\u00eancia \u00e0s fam\u00edlias das v\u00edtimas e trabalhando para apurar as causas do acidente.<\/p>\n<p>Douglas e Allan eram primos e moravam em Ipatinga. Douglas era rec\u00e9m casado e Allan estava noivo. As companheiros dos dois jovens ficaram inconsol\u00e1veis com a perda. <\/p>\n<p>Nas redes sociais, a noiva de Allan, Francieli Moreira,  fez uma homenagem ao namorado com quem estava h\u00e1 cinco anos. &#8220;N\u00e3o tenho palavras pra descrever o que sinto. \u00danica coisa que sei \u00e9 que te amarei para sempre e voc\u00ea foi a melhor coisa que me aconteceu na vida. Te amo pra sempre minha Vida. Saudades eternas&#8221;, escreveu Francieli.<\/p>\n<p>Douglas tamb\u00e9m fi homenageado pela mulher, Isabela Silva, e por amigos e parentes.<\/p>\n<p><img decoding=\"async\" src=\"http:\/\/aconteceunovale.com.br\/portal\/wp-content\/uploads\/2016\/11\/ipatinguenses_gerdau.jpg\" alt=\"\" \/><em>Allan Roger Prado, de 23 anos, e Douglas Eduardo Neto, de 24, n\u00e3o resistiram \u00e0 explos\u00e3o usina da Gerdau em Ouro Branco (Foto: Reprodu\u00e7\u00e3o da internet\/Facebook)<\/em><br \/>\n<\/br><\/p>\n<p><em>(Fonte: Estado de Minas)<\/em><\/p>\n","protected":false},"excerpt":{"rendered":"<p>Uma explos\u00e3o no fim da tarde de ontem (14\/11\/2016) na usina da Gerdau em Ouro Branco, regi\u00e3o Central de Minas Gerais, deixou tr\u00eas mortos e um ferido. Segundo a sider\u00fargica, os trabalhadores mortos \u2013 Douglas Eduardo Neto, 24, Allan Roger Prado, 23, e Jos\u00e9 Cezar Miguel, 51 \u2013 eram prestadores de servi\u00e7o da empresa Conva\u00e7o [&hellip;]<\/p>\n","protected":false},"author":1,"featured_media":101871,"comment_status":"open","ping_status":"closed","sticky":false,"template":"","format":"standard","meta":{"amp_status":"","footnotes":""},"categories":[121,123],"tags":[125909,125910,125906,125908,125914,125913,125905,125911,125904,125912,201,125907,125903,125902],"class_list":["post-101870","post","type-post","status-publish","format-standard","has-post-thumbnail","hentry","category-leste","category-gerais","tag-acidente-com-funcionarios-da-convaco","tag-acidente-com-funcionarios-da-gerdau","tag-allan-roger-prado","tag-convaco","tag-dois-ipatinguenses-morrem-em-explosao-na-usina-da-gerdau-em-ouro-branco","tag-dois-moradores-de-ipatinga-morrem-em-explosao-na-usina-da-gerdau-em-ouro-branco","tag-douglas-eduardo-neto","tag-eli-carlos-almeida-fernandes","tag-explosao-na-usina-da-gerdau-em-ouro-branco","tag-francieli-moreira","tag-ipatinga","tag-jose-cezar-miguel","tag-mortos-na-usina-da-gerdau-em-ouro-branco","tag-usina-da-gerdau-em-ouro-branco"],"_links":{"self":[{"href":"https:\/\/aconteceunovale.com.br\/portal\/index.php?rest_route=\/wp\/v2\/posts\/101870","targetHints":{"allow":["GET"]}}],"collection":[{"href":"https:\/\/aconteceunovale.com.br\/portal\/index.php?rest_route=\/wp\/v2\/posts"}],"about":[{"href":"https:\/\/aconteceunovale.com.br\/portal\/index.php?rest_route=\/wp\/v2\/types\/post"}],"author":[{"embeddable":true,"href":"https:\/\/aconteceunovale.com.br\/portal\/index.php?rest_route=\/wp\/v2\/users\/1"}],"replies":[{"embeddable":true,"href":"https:\/\/aconteceunovale.com.br\/portal\/index.php?rest_route=%2Fwp%2Fv2%2Fcomments&post=101870"}],"version-history":[{"count":0,"href":"https:\/\/aconteceunovale.com.br\/portal\/index.php?rest_route=\/wp\/v2\/posts\/101870\/revisions"}],"wp:featuredmedia":[{"embeddable":true,"href":"https:\/\/aconteceunovale.com.br\/portal\/index.php?rest_route=\/wp\/v2\/media\/101871"}],"wp:attachment":[{"href":"https:\/\/aconteceunovale.com.br\/portal\/index.php?rest_route=%2Fwp%2Fv2%2Fmedia&parent=101870"}],"wp:term":[{"taxonomy":"category","embeddable":true,"href":"https:\/\/aconteceunovale.com.br\/portal\/index.php?rest_route=%2Fwp%2Fv2%2Fcategories&post=101870"},{"taxonomy":"post_tag","embeddable":true,"href":"https:\/\/aconteceunovale.com.br\/portal\/index.php?rest_route=%2Fwp%2Fv2%2Ftags&post=101870"}],"curies":[{"name":"wp","href":"https:\/\/api.w.org\/{rel}","templated":true}]}}