{"id":101859,"date":"2016-11-14T20:28:40","date_gmt":"2016-11-14T23:28:40","guid":{"rendered":"http:\/\/aconteceunovale.com.br\/portal\/?p=101859"},"modified":"2016-11-14T20:28:40","modified_gmt":"2016-11-14T23:28:40","slug":"apos-ataque-contra-quartel-da-pm-nove-pessoas-sao-detidas-em-antonio-dias","status":"publish","type":"post","link":"https:\/\/aconteceunovale.com.br\/portal\/?p=101859","title":{"rendered":"Ap\u00f3s ataque contra quartel da PM, nove pessoas s\u00e3o detidas em Ant\u00f4nio Dias"},"content":{"rendered":"<p>Nove indiv\u00edduos do sexo masculino foram detidos na tarde desta segunda-feira, 14 de novembro de 2016, em Ant\u00f4nio Dias (MG), suspeitos de terem atirado contra o Quartel da Pol\u00edcia Militar (PM) da cidade. Segundo a PM, os autores efetuarem v\u00e1rios disparos em dire\u00e7\u00e3o ao pr\u00e9dio da corpora\u00e7\u00e3o, contra resid\u00eancias e um estabelecimento comercial nesse domingo (13).<\/p>\n<p>As pris\u00f5es ocorreram ap\u00f3s opera\u00e7\u00e3o montada pela PM em v\u00e1rios pontos da cidade. Durante as buscas a pol\u00edcia apreendeu armas, muni\u00e7\u00f5es e coletes usados pelos criminosos durante a a\u00e7\u00e3o no domingo. Foram apreendidos tamb\u00e9m toucas ninja, uma algema e cerca de R$ 2 mil em dinheiro. <\/p>\n<p>Os suspeitos foram encaminhados para a delegacia de Ipatinga. A motiva\u00e7\u00e3o dos ataques ainda \u00e9 investigada.<\/p>\n<p><img decoding=\"async\" src=\"http:\/\/aconteceunovale.com.br\/portal\/wp-content\/uploads\/2016\/11\/presos_antonio_dias.jpeg\" alt=\"\" \/><em>Material apreendido em Ant\u00f4nio Dias (Foto: Pol\u00edcia Militar\/Divulga\u00e7\u00e3o)<\/em><br \/>\n<\/br><\/p>\n<p><em>(Fonte: G1 dos Vales)<\/em><\/p>\n","protected":false},"excerpt":{"rendered":"<p>Nove indiv\u00edduos do sexo masculino foram detidos na tarde desta segunda-feira, 14 de novembro de 2016, em Ant\u00f4nio Dias (MG), suspeitos de terem atirado contra o Quartel da Pol\u00edcia Militar (PM) da cidade. Segundo a PM, os autores efetuarem v\u00e1rios disparos em dire\u00e7\u00e3o ao pr\u00e9dio da corpora\u00e7\u00e3o, contra resid\u00eancias e um estabelecimento comercial nesse domingo [&hellip;]<\/p>\n","protected":false},"author":1,"featured_media":101860,"comment_status":"open","ping_status":"closed","sticky":false,"template":"","format":"standard","meta":{"amp_status":"","footnotes":""},"categories":[121],"tags":[1740,125870,125871,125872,125874,125873,125875,125876],"class_list":["post-101859","post","type-post","status-publish","format-standard","has-post-thumbnail","hentry","category-leste","tag-antonio-dias","tag-apos-ataque-contra-quartel-da-pm","tag-nove-pessoas-sao-detidas-em-antonio-dias","tag-nove-pessoas-sao-detidas-em-antonio-dias-apos-ataque-contra-quartel-da-pm","tag-operacao-em-antonio-dias","tag-presos-em-antonio-dias","tag-presos-pela-pm-em-antonio-dias","tag-tiros-no-quartel-da-pm-em-antonio-dias"],"_links":{"self":[{"href":"https:\/\/aconteceunovale.com.br\/portal\/index.php?rest_route=\/wp\/v2\/posts\/101859","targetHints":{"allow":["GET"]}}],"collection":[{"href":"https:\/\/aconteceunovale.com.br\/portal\/index.php?rest_route=\/wp\/v2\/posts"}],"about":[{"href":"https:\/\/aconteceunovale.com.br\/portal\/index.php?rest_route=\/wp\/v2\/types\/post"}],"author":[{"embeddable":true,"href":"https:\/\/aconteceunovale.com.br\/portal\/index.php?rest_route=\/wp\/v2\/users\/1"}],"replies":[{"embeddable":true,"href":"https:\/\/aconteceunovale.com.br\/portal\/index.php?rest_route=%2Fwp%2Fv2%2Fcomments&post=101859"}],"version-history":[{"count":0,"href":"https:\/\/aconteceunovale.com.br\/portal\/index.php?rest_route=\/wp\/v2\/posts\/101859\/revisions"}],"wp:featuredmedia":[{"embeddable":true,"href":"https:\/\/aconteceunovale.com.br\/portal\/index.php?rest_route=\/wp\/v2\/media\/101860"}],"wp:attachment":[{"href":"https:\/\/aconteceunovale.com.br\/portal\/index.php?rest_route=%2Fwp%2Fv2%2Fmedia&parent=101859"}],"wp:term":[{"taxonomy":"category","embeddable":true,"href":"https:\/\/aconteceunovale.com.br\/portal\/index.php?rest_route=%2Fwp%2Fv2%2Fcategories&post=101859"},{"taxonomy":"post_tag","embeddable":true,"href":"https:\/\/aconteceunovale.com.br\/portal\/index.php?rest_route=%2Fwp%2Fv2%2Ftags&post=101859"}],"curies":[{"name":"wp","href":"https:\/\/api.w.org\/{rel}","templated":true}]}}