{"id":101851,"date":"2016-11-14T19:01:12","date_gmt":"2016-11-14T22:01:12","guid":{"rendered":"http:\/\/aconteceunovale.com.br\/portal\/?p=101851"},"modified":"2016-11-14T19:01:12","modified_gmt":"2016-11-14T22:01:12","slug":"duas-pessoas-morrem-em-acidentes-na-regiao-central-de-minas","status":"publish","type":"post","link":"https:\/\/aconteceunovale.com.br\/portal\/?p=101851","title":{"rendered":"Duas pessoas morrem em acidentes na regi\u00e3o Central de Minas"},"content":{"rendered":"<p>Um homem morreu em um acidente na noite deste s\u00e1bado (12\/11\/2016) na altura do quil\u00f4metro 642 da BR-135, em Curvelo, regi\u00e3o Central de Minas. Segundo informa\u00e7\u00f5es do Corpo de Bombeiros, o acidente envolveu um carro de passeio e um caminh\u00e3o tanque.<\/p>\n<p>Ainda segundo os bombeiros, a v\u00edtima estava no carro de passeio que seguia no sentido Belo Horizonte\/Curvelo, e bateu no caminh\u00e3o que seguia no sentido contr\u00e1rio. O condutor do caminh\u00e3o, segundo os militares, estava em estado de choque e n\u00e3o conseguiu passar detalhes do acidente. Ele n\u00e3o se feriu.<\/p>\n<p><strong>Colis\u00e3o entre ve\u00edculos na MGT-496<\/strong><\/p>\n<p>Um homem morreu e tr\u00eas pessoas ficaram feridas em um acidente envolvendo um Fiat Siena (de Sete Lagoas) e um Honda Civic (de V\u00e1rzea da Palma) na rodovia MGT-496, na tarde de s\u00e1bado (12\/11\/2016), entre Corinto\/MG e Contria\/MG. De acordo com informa\u00e7\u00f5es do Corpo de Bombeiros, a suspeita inicial \u00e9 que um dos ve\u00edculos tenha rodado na pista ap\u00f3s uma aquaplanagem. O passageiro do Civic, identificado como Paulo C\u00e9lio Veloso, de 64 anos, veio a \u00f3bito no local. Os tr\u00eas feridos foram socorridos ao hospital de Curvelo.<\/p>\n<p><img decoding=\"async\" src=\"http:\/\/aconteceunovale.com.br\/portal\/wp-content\/uploads\/2016\/11\/acidente_corinto_1.jpg\" alt=\"\" \/><em>Acidente aconteceu na MGT-496, perto de Corinto (Foto: Divulga\u00e7\u00e3o\/Corpo de Bombeiros)<\/em><br \/>\n<\/br><\/p>\n<p><img decoding=\"async\" src=\"http:\/\/aconteceunovale.com.br\/portal\/wp-content\/uploads\/2016\/11\/acidente_corinto_2.jpg\" alt=\"\" \/><em>Acidente aconteceu na MGT-496, perto de Corinto (Foto: Divulga\u00e7\u00e3o\/Corpo de Bombeiros)<\/em><br \/>\n<\/br><\/p>\n<p><em>(Com informa\u00e7\u00f5es do G1 Grande Minas)<\/em><\/p>\n","protected":false},"excerpt":{"rendered":"<p>Um homem morreu em um acidente na noite deste s\u00e1bado (12\/11\/2016) na altura do quil\u00f4metro 642 da BR-135, em Curvelo, regi\u00e3o Central de Minas. Segundo informa\u00e7\u00f5es do Corpo de Bombeiros, o acidente envolveu um carro de passeio e um caminh\u00e3o tanque. Ainda segundo os bombeiros, a v\u00edtima estava no carro de passeio que seguia no [&hellip;]<\/p>\n","protected":false},"author":1,"featured_media":101852,"comment_status":"open","ping_status":"closed","sticky":false,"template":"","format":"standard","meta":{"amp_status":"","footnotes":""},"categories":[123],"tags":[125858,125857,125856,19375,125864,125860,125859,19374,12518,125855,32604,1247,125853,125861,1534,197,125863,125854,125862,1532,1340],"class_list":["post-101851","post","type-post","status-publish","format-standard","has-post-thumbnail","hentry","category-gerais","tag-acidente-com-carro-de-varzea-da-palma","tag-acidente-com-honda-civic-de-varzea-da-palma","tag-acidente-com-siena-de-sete-lagoas","tag-acidente-em-curvelo","tag-acidente-entre-carro-e-caminhao-tanque-em-curvelo","tag-acidente-entre-contria-e-corinto","tag-acidente-entre-corinto-e-contria","tag-acidente-na-br-135","tag-acidente-na-br-135-em-curvelo","tag-acidente-na-mgt-496","tag-acidente-perto-de-corinto","tag-br-135","tag-colisao-entre-veiculos-na-mgt-496","tag-contria","tag-corinto","tag-curvelo","tag-duas-pessoas-morrem-em-acidentes-na-regiao-central-de-minas","tag-mgt-496","tag-paulo-celio-veloso","tag-sete-lagoas","tag-varzea-da-palma"],"_links":{"self":[{"href":"https:\/\/aconteceunovale.com.br\/portal\/index.php?rest_route=\/wp\/v2\/posts\/101851","targetHints":{"allow":["GET"]}}],"collection":[{"href":"https:\/\/aconteceunovale.com.br\/portal\/index.php?rest_route=\/wp\/v2\/posts"}],"about":[{"href":"https:\/\/aconteceunovale.com.br\/portal\/index.php?rest_route=\/wp\/v2\/types\/post"}],"author":[{"embeddable":true,"href":"https:\/\/aconteceunovale.com.br\/portal\/index.php?rest_route=\/wp\/v2\/users\/1"}],"replies":[{"embeddable":true,"href":"https:\/\/aconteceunovale.com.br\/portal\/index.php?rest_route=%2Fwp%2Fv2%2Fcomments&post=101851"}],"version-history":[{"count":0,"href":"https:\/\/aconteceunovale.com.br\/portal\/index.php?rest_route=\/wp\/v2\/posts\/101851\/revisions"}],"wp:featuredmedia":[{"embeddable":true,"href":"https:\/\/aconteceunovale.com.br\/portal\/index.php?rest_route=\/wp\/v2\/media\/101852"}],"wp:attachment":[{"href":"https:\/\/aconteceunovale.com.br\/portal\/index.php?rest_route=%2Fwp%2Fv2%2Fmedia&parent=101851"}],"wp:term":[{"taxonomy":"category","embeddable":true,"href":"https:\/\/aconteceunovale.com.br\/portal\/index.php?rest_route=%2Fwp%2Fv2%2Fcategories&post=101851"},{"taxonomy":"post_tag","embeddable":true,"href":"https:\/\/aconteceunovale.com.br\/portal\/index.php?rest_route=%2Fwp%2Fv2%2Ftags&post=101851"}],"curies":[{"name":"wp","href":"https:\/\/api.w.org\/{rel}","templated":true}]}}