{"id":101764,"date":"2016-11-14T09:14:54","date_gmt":"2016-11-14T12:14:54","guid":{"rendered":"http:\/\/aconteceunovale.com.br\/portal\/?p=101764"},"modified":"2016-11-14T09:14:54","modified_gmt":"2016-11-14T12:14:54","slug":"um-em-cada-dois-adultos-com-diabetes-nao-esta-diagnosticado-alerta-federacao-internacional","status":"publish","type":"post","link":"https:\/\/aconteceunovale.com.br\/portal\/?p=101764","title":{"rendered":"Um em cada dois adultos com diabetes n\u00e3o est\u00e1 diagnosticado, alerta Federa\u00e7\u00e3o Internacional"},"content":{"rendered":"<p>No Dia Mundial do Diabetes, lembrado hoje (14\/11\/2016), a Federa\u00e7\u00e3o Internacional do Diabetes faz um alerta: um em cada dois adultos com a doen\u00e7a n\u00e3o est\u00e1 diagnosticado e, portanto, n\u00e3o tem ci\u00eancia de sua condi\u00e7\u00e3o e n\u00e3o toma os devidos cuidados.<\/p>\n<p>O tema da campanha este ano \u00e9 De olho no diabetes, com foco em promover a import\u00e2ncia do rastreamento e garantir o diagn\u00f3stico precoce, o tratamento e a redu\u00e7\u00e3o do risco de complica\u00e7\u00f5es mais s\u00e9rias \u2013 sobretudo em casos de diabetes tipo 2.<\/p>\n<p>Dados da entidade mostram que a doen\u00e7a segue crescendo em todo o mundo: ao todo, 415 milh\u00f5es de adultos viviam com diabetes em 2015. A previs\u00e3o \u00e9 de que esse n\u00famero chegue a 642 milh\u00f5es em 2040 \u2013 uma propor\u00e7\u00e3o de um adulto diab\u00e9tico para cada dez adultos no planeta.<\/p>\n<p>\u201cMuitas pessoas vivem com diabetes tipo 2 por muito tempo sem que tenham ci\u00eancia de sua condi\u00e7\u00e3o. Quando recebem o diagn\u00f3stico, as complica\u00e7\u00f5es provocadas pela doen\u00e7a podem j\u00e1 estar presentes\u201d, destaca a federa\u00e7\u00e3o.<\/p>\n<p>Os n\u00fameros mostram ainda que at\u00e9 70% dos casos de diabetes tipo 2 podem ser prevenidos por meio da ado\u00e7\u00e3o de h\u00e1bitos mais saud\u00e1veis. A quantia deve representar cerca de 160 milh\u00f5es de pacientes at\u00e9 2040.<\/p>\n<p>\u201cDiante de \u00edndices crescentes de subnutri\u00e7\u00e3o e de baixa atividade f\u00edsica entre crian\u00e7as de diversos pa\u00edses, o diabetes tipo 2 na inf\u00e2ncia tem potencial para se tornar um problema de sa\u00fade p\u00fablica global, provocando s\u00e9rias consequ\u00eancias\u201d, acrescenta a entidade.<\/p>\n<p>Em diversas localidades do mundo, o diabetes figura como a principal causa de cegueira, doen\u00e7as cardiovasculares, fal\u00eancia renal e amputa\u00e7\u00e3o de membros inferiores.<\/p>\n<p><strong>Sinais e sintomas<\/strong><\/p>\n<p>De acordo com a Sociedade Brasileira de Endocrinologia e Metabologia, o desencadeamento do diabetes tipo 1 \u00e9 geralmente repentino e dram\u00e1tico e pode incluir sintomas como:<\/p>\n<p>&#8211; sede excessiva;<\/p>\n<p>&#8211; r\u00e1pida perda de peso;<\/p>\n<p>&#8211; fome exagerada;<\/p>\n<p>&#8211; cansa\u00e7o inexplic\u00e1vel;<\/p>\n<p>&#8211; muita vontade de urinar;<\/p>\n<p>&#8211; m\u00e1 cicatriza\u00e7\u00e3o;<\/p>\n<p>&#8211; vis\u00e3o emba\u00e7ada;<\/p>\n<p>&#8211; falta de interesse e de concentra\u00e7\u00e3o;<\/p>\n<p>&#8211; v\u00f4mitos e dores estomacais, frequentemente diagnosticados como gripe.<\/p>\n<p>Ainda segundo a entidade, os mesmos sinais podem ser observados em pessoas com diabetes tipo 2, mas, geralmente, eles se apresentam de forma menos evidente. Em crian\u00e7as com diabetes tipo 2, os sintomas podem ser moderados ou at\u00e9 mesmo ausentes.<\/p>\n<p><strong>Programa\u00e7\u00e3o no Brasil<\/strong><\/p>\n<p>No Brasil, a Sociedade Brasileira de Endocrinologia e Metabologia preparou uma s\u00e9rie de atividades em alus\u00e3o \u00e0 data. Est\u00e3o previstos\u00a0<em>shows<\/em>\u00a0e atividades educativas em diversas cidades do pa\u00eds para chamar a aten\u00e7\u00e3o da popula\u00e7\u00e3o para a detec\u00e7\u00e3o precoce do diabetes.<\/p>\n<p>A programa\u00e7\u00e3o completa pode ser acessada por meio do site\u00a0<a href=\"http:\/\/www.diamundialdodiabetes.org.br\/\" target=\"_blank\">http:\/\/diamundialdodiabetes.org.br\/<\/a>.<\/p>\n<p><strong>A data<\/strong><\/p>\n<p>O Dia Mundial do Diabetes foi criado em 1991 pela Federa\u00e7\u00e3o Internacional do Diabetes em conjunto com a Organiza\u00e7\u00e3o Mundial da Sa\u00fade (OMS), em resposta \u00e0s preocupa\u00e7\u00f5es sobre os crescentes n\u00fameros de diagn\u00f3stico no mundo.<\/p>\n<p>A data tornou-se oficial pela Organiza\u00e7\u00e3o das Na\u00e7\u00f5es Unidas (ONU) a partir de 2007, com a aprova\u00e7\u00e3o da Resolu\u00e7\u00e3o das Na\u00e7\u00f5es Unidas 61\/225. O dia 14 de novembro foi escolhido por marcar o anivers\u00e1rio de Frederick Banting que, junto com Charles Best, concebeu a ideia que levou \u00e0 descoberta da insulina em 1921. (Ag\u00eancia Brasil)<\/p>\n","protected":false},"excerpt":{"rendered":"<p>No Dia Mundial do Diabetes, lembrado hoje (14\/11\/2016), a Federa\u00e7\u00e3o Internacional do Diabetes faz um alerta: um em cada dois adultos com a doen\u00e7a n\u00e3o est\u00e1 diagnosticado e, portanto, n\u00e3o tem ci\u00eancia de sua condi\u00e7\u00e3o e n\u00e3o toma os devidos cuidados. O tema da campanha este ano \u00e9 De olho no diabetes, com foco em [&hellip;]<\/p>\n","protected":false},"author":1,"featured_media":45262,"comment_status":"open","ping_status":"closed","sticky":false,"template":"","format":"standard","meta":{"amp_status":"","footnotes":""},"categories":[6,28848,40242],"tags":[125731,125733,125738,22838,59802,125734,112809,66147,125732,125736,125735,125737,125730],"class_list":["post-101764","post","type-post","status-publish","format-standard","has-post-thumbnail","hentry","category-br","category-mundo","category-saude-2","tag-alerta-federacao","tag-de-olho-no-diabetes","tag-deteccao-precoce-do-diabetes","tag-dia-mundial-do-diabetes","tag-diagnostico","tag-diagnostico-do-diabetes","tag-doenca","tag-federacao-internacional-do-diabetes","tag-federacao-internacional-do-diabetes-faz-um-alerta","tag-sinais-do-diabetes","tag-sintomas-do-diabetes","tag-sociedade-brasileira-de-endocrinologia-e-metabologia","tag-um-em-cada-dois-adultos-com-diabetes-nao-esta-diagnosticado"],"_links":{"self":[{"href":"https:\/\/aconteceunovale.com.br\/portal\/index.php?rest_route=\/wp\/v2\/posts\/101764","targetHints":{"allow":["GET"]}}],"collection":[{"href":"https:\/\/aconteceunovale.com.br\/portal\/index.php?rest_route=\/wp\/v2\/posts"}],"about":[{"href":"https:\/\/aconteceunovale.com.br\/portal\/index.php?rest_route=\/wp\/v2\/types\/post"}],"author":[{"embeddable":true,"href":"https:\/\/aconteceunovale.com.br\/portal\/index.php?rest_route=\/wp\/v2\/users\/1"}],"replies":[{"embeddable":true,"href":"https:\/\/aconteceunovale.com.br\/portal\/index.php?rest_route=%2Fwp%2Fv2%2Fcomments&post=101764"}],"version-history":[{"count":0,"href":"https:\/\/aconteceunovale.com.br\/portal\/index.php?rest_route=\/wp\/v2\/posts\/101764\/revisions"}],"wp:featuredmedia":[{"embeddable":true,"href":"https:\/\/aconteceunovale.com.br\/portal\/index.php?rest_route=\/wp\/v2\/media\/45262"}],"wp:attachment":[{"href":"https:\/\/aconteceunovale.com.br\/portal\/index.php?rest_route=%2Fwp%2Fv2%2Fmedia&parent=101764"}],"wp:term":[{"taxonomy":"category","embeddable":true,"href":"https:\/\/aconteceunovale.com.br\/portal\/index.php?rest_route=%2Fwp%2Fv2%2Fcategories&post=101764"},{"taxonomy":"post_tag","embeddable":true,"href":"https:\/\/aconteceunovale.com.br\/portal\/index.php?rest_route=%2Fwp%2Fv2%2Ftags&post=101764"}],"curies":[{"name":"wp","href":"https:\/\/api.w.org\/{rel}","templated":true}]}}