{"id":101657,"date":"2016-11-10T19:50:19","date_gmt":"2016-11-10T22:50:19","guid":{"rendered":"http:\/\/aconteceunovale.com.br\/portal\/?p=101657"},"modified":"2016-11-10T19:50:19","modified_gmt":"2016-11-10T22:50:19","slug":"irmaos-de-13-e-15-anos-sao-detidos-durante-assalto-em-montes-claros","status":"publish","type":"post","link":"https:\/\/aconteceunovale.com.br\/portal\/?p=101657","title":{"rendered":"Irm\u00e3os de 13 e 15 anos s\u00e3o detidos durante assalto em Montes Claros"},"content":{"rendered":"<p>Dois irm\u00e3os, de 13 e 15 anos, foram apreendidos enquanto tentavam roubar a moto de uma mulher no Bairro Universit\u00e1rio, em Montes Claros, nessa quarta-feira (09\/11\/2016). Um policial militar passava pelo local e conseguiu impedir o crime.<\/p>\n<p>A motociclista, de 33 anos, disse para a Pol\u00edcia Militar que parou em um sem\u00e1foro na Avenida Perimetral e foi abordada pelos dois adolescentes, que estavam de bicicleta.<\/p>\n<p>A mulher contou ainda que o jovem de 15 anos a amea\u00e7ou com uma arma e ordenou para que ela entregasse a moto. O PM fez a abordagem dele e apreendeu a arma e as muni\u00e7\u00f5es. O outro menor foi apreendido ap\u00f3s buscas.<\/p>\n<p>Os dois jovens foram levados para a  delegacia. Eles t\u00eam as mesmas caracter\u00edsticas f\u00edsicas de assaltantes que est\u00e3o agindo na regi\u00e3o.<\/p>\n<p><img decoding=\"async\" src=\"http:\/\/aconteceunovale.com.br\/portal\/wp-content\/uploads\/2016\/11\/apreendidos_irmaos_moc.jpeg\" alt=\"\" \/><em>Irm\u00e3os de 13 e 15 anos foram apreendidos em Montes Claros (Foto: Pol\u00edcia Militar\/Divulga\u00e7\u00e3o)<\/em><br \/>\n<\/br><\/p>\n<p><em>(Fonte: G1 Grande Minas)<\/em><\/p>\n","protected":false},"excerpt":{"rendered":"<p>Dois irm\u00e3os, de 13 e 15 anos, foram apreendidos enquanto tentavam roubar a moto de uma mulher no Bairro Universit\u00e1rio, em Montes Claros, nessa quarta-feira (09\/11\/2016). Um policial militar passava pelo local e conseguiu impedir o crime. A motociclista, de 33 anos, disse para a Pol\u00edcia Militar que parou em um sem\u00e1foro na Avenida Perimetral [&hellip;]<\/p>\n","protected":false},"author":1,"featured_media":101658,"comment_status":"open","ping_status":"closed","sticky":false,"template":"","format":"standard","meta":{"amp_status":"","footnotes":""},"categories":[1236],"tags":[73279,125551,125552,210,125553,61641],"class_list":["post-101657","post","type-post","status-publish","format-standard","has-post-thumbnail","hentry","category-norte_de_minas","tag-assalto-montes-claros","tag-irmaos-de-13-e-15-anos-sao-detidos-durante-assalto-em-montes-claros","tag-irmaos-presos-em-montes-claros","tag-montes-claros","tag-prisao-de-irmaos-em-montes-claros","tag-roubo-montes-claros"],"_links":{"self":[{"href":"https:\/\/aconteceunovale.com.br\/portal\/index.php?rest_route=\/wp\/v2\/posts\/101657","targetHints":{"allow":["GET"]}}],"collection":[{"href":"https:\/\/aconteceunovale.com.br\/portal\/index.php?rest_route=\/wp\/v2\/posts"}],"about":[{"href":"https:\/\/aconteceunovale.com.br\/portal\/index.php?rest_route=\/wp\/v2\/types\/post"}],"author":[{"embeddable":true,"href":"https:\/\/aconteceunovale.com.br\/portal\/index.php?rest_route=\/wp\/v2\/users\/1"}],"replies":[{"embeddable":true,"href":"https:\/\/aconteceunovale.com.br\/portal\/index.php?rest_route=%2Fwp%2Fv2%2Fcomments&post=101657"}],"version-history":[{"count":0,"href":"https:\/\/aconteceunovale.com.br\/portal\/index.php?rest_route=\/wp\/v2\/posts\/101657\/revisions"}],"wp:featuredmedia":[{"embeddable":true,"href":"https:\/\/aconteceunovale.com.br\/portal\/index.php?rest_route=\/wp\/v2\/media\/101658"}],"wp:attachment":[{"href":"https:\/\/aconteceunovale.com.br\/portal\/index.php?rest_route=%2Fwp%2Fv2%2Fmedia&parent=101657"}],"wp:term":[{"taxonomy":"category","embeddable":true,"href":"https:\/\/aconteceunovale.com.br\/portal\/index.php?rest_route=%2Fwp%2Fv2%2Fcategories&post=101657"},{"taxonomy":"post_tag","embeddable":true,"href":"https:\/\/aconteceunovale.com.br\/portal\/index.php?rest_route=%2Fwp%2Fv2%2Ftags&post=101657"}],"curies":[{"name":"wp","href":"https:\/\/api.w.org\/{rel}","templated":true}]}}