{"id":101648,"date":"2016-11-10T19:45:34","date_gmt":"2016-11-10T22:45:34","guid":{"rendered":"http:\/\/aconteceunovale.com.br\/portal\/?p=101648"},"modified":"2016-11-10T19:45:34","modified_gmt":"2016-11-10T22:45:34","slug":"colisao-entre-dois-veiculos-deixa-tres-feridos-no-norte-de-minas","status":"publish","type":"post","link":"https:\/\/aconteceunovale.com.br\/portal\/?p=101648","title":{"rendered":"Colis\u00e3o entre dois ve\u00edculos deixa tr\u00eas feridos no Norte de Minas"},"content":{"rendered":"<p>Tr\u00eas pessoas ficaram feridas em um acidente nesta quinta-feira (10\/11\/2016) na altura do quil\u00f4metro 240 da MG-122, no Norte de Minas. De acordo com informa\u00e7\u00f5es do Corpo de Bombeiros, o condutor de um Chevrolet\/Astra, que transitava no sentido Jana\u00faba\/Montes Claros, perdeu o controle da dire\u00e7\u00e3o, rodou na pista e colidiu contra um Fiat\/Siena, que seguia no sentido contrario.<\/p>\n<p>O condutor do Astra n\u00e3o sofreu nenhum ferimento. J\u00e1 no Siena, tr\u00eas dos cinco ocupantes sofreram pequenas escoria\u00e7\u00f5es pelo corpo e se queixavam de dores. O Samu foi acionado e encaminhou as v\u00edtimas para um hospital.<\/p>\n<p><img decoding=\"async\" src=\"http:\/\/aconteceunovale.com.br\/portal\/wp-content\/uploads\/2016\/11\/acidente_nm_astra_siena_1.jpg\" alt=\"\" \/><em>Acidente aconteceu no km 240 da MG-122 (Foto: Corpo de Bombeiros\/Divulga\u00e7\u00e3o)<\/em><br \/>\n<\/br><\/p>\n<p><img decoding=\"async\" src=\"http:\/\/aconteceunovale.com.br\/portal\/wp-content\/uploads\/2016\/11\/acidente_nm_astra_siena_2.jpg\" alt=\"\" \/><em>Acidente aconteceu no km 240 da MG-122 (Foto: Corpo de Bombeiros\/Divulga\u00e7\u00e3o)<\/em><br \/>\n<\/br><\/p>\n<p><img decoding=\"async\" src=\"http:\/\/aconteceunovale.com.br\/portal\/wp-content\/uploads\/2016\/11\/acidente_nm_astra_siena_3.jpg\" alt=\"\" \/><em>Acidente aconteceu no km 240 da MG-122 (Foto: Corpo de Bombeiros\/Divulga\u00e7\u00e3o)<\/em><br \/>\n<\/br><\/p>\n<p><img decoding=\"async\" src=\"http:\/\/aconteceunovale.com.br\/portal\/wp-content\/uploads\/2016\/11\/acidente_nm_astra_siena_4.jpg\" alt=\"\" \/><em>Acidente aconteceu no km 240 da MG-122 (Foto: Corpo de Bombeiros\/Divulga\u00e7\u00e3o)<\/em><br \/>\n<\/br><\/p>\n<h4><strong>Outro Acidente<\/strong><\/h4>\n<p>Um caminh\u00e3o da Tambasa Atacadista tombou na tarde desta quinta-feira (10) na BR-135, no trevo para Bocaiuva, em Montes Claros. O Corpo de Bombeiros n\u00e3o informou a situa\u00e7\u00e3o do condutor.<\/p>\n<p><img decoding=\"async\" src=\"http:\/\/aconteceunovale.com.br\/portal\/wp-content\/uploads\/2016\/11\/acidente_tambasa_moc_1.jpg\" alt=\"\" \/><em>Caminh\u00e3o tombou na sa\u00edda para Bocaiuva (Foto: Corpo de Bombeiros\/Divulga\u00e7\u00e3o)<\/em><br \/>\n<\/br><\/p>\n<p><img decoding=\"async\" src=\"http:\/\/aconteceunovale.com.br\/portal\/wp-content\/uploads\/2016\/11\/acidente_tambasa_moc_2.jpg\" alt=\"\" \/><em>Caminh\u00e3o tombou na sa\u00edda para Bocaiuva (Foto: Corpo de Bombeiros\/Divulga\u00e7\u00e3o)<\/em><br \/>\n<\/br><\/p>\n<p><img decoding=\"async\" src=\"http:\/\/aconteceunovale.com.br\/portal\/wp-content\/uploads\/2016\/11\/acidente_tambasa_moc_3.jpg\" alt=\"\" \/><em>Caminh\u00e3o tombou na sa\u00edda para Bocaiuva (Foto: Corpo de Bombeiros\/Divulga\u00e7\u00e3o)<\/em><br \/>\n<\/br><\/p>\n<p><em>(Com informa\u00e7\u00f5es do Corpo de Bombeiros e G1)<\/em><\/p>\n","protected":false},"excerpt":{"rendered":"<p>Tr\u00eas pessoas ficaram feridas em um acidente nesta quinta-feira (10\/11\/2016) na altura do quil\u00f4metro 240 da MG-122, no Norte de Minas. De acordo com informa\u00e7\u00f5es do Corpo de Bombeiros, o condutor de um Chevrolet\/Astra, que transitava no sentido Jana\u00faba\/Montes Claros, perdeu o controle da dire\u00e7\u00e3o, rodou na pista e colidiu contra um Fiat\/Siena, que seguia [&hellip;]<\/p>\n","protected":false},"author":1,"featured_media":101649,"comment_status":"open","ping_status":"closed","sticky":false,"template":"","format":"standard","meta":{"amp_status":"","footnotes":""},"categories":[1236],"tags":[125549,125550,125547,125546,125544,125545,38509,125548,125543,204,210],"class_list":["post-101648","post","type-post","status-publish","format-standard","has-post-thumbnail","hentry","category-norte_de_minas","tag-acidente-caminhao-da-tambasa-atacadista-em-montes-claros","tag-acidente-caminhao-da-tambasa-atacadista-na-br-135","tag-acidente-com-astra-norte-de-minas","tag-acidente-com-siena-norte-de-minas","tag-acidente-entre-janauba-e-montes-claros","tag-acidente-entre-montes-claros-e-janauba","tag-acidente-na-mg-122","tag-caminhao-da-tambasa-atacadista","tag-colisao-entre-dois-veiculos-deixa-tres-feridos-no-norte-de-minas","tag-janauba","tag-montes-claros"],"_links":{"self":[{"href":"https:\/\/aconteceunovale.com.br\/portal\/index.php?rest_route=\/wp\/v2\/posts\/101648","targetHints":{"allow":["GET"]}}],"collection":[{"href":"https:\/\/aconteceunovale.com.br\/portal\/index.php?rest_route=\/wp\/v2\/posts"}],"about":[{"href":"https:\/\/aconteceunovale.com.br\/portal\/index.php?rest_route=\/wp\/v2\/types\/post"}],"author":[{"embeddable":true,"href":"https:\/\/aconteceunovale.com.br\/portal\/index.php?rest_route=\/wp\/v2\/users\/1"}],"replies":[{"embeddable":true,"href":"https:\/\/aconteceunovale.com.br\/portal\/index.php?rest_route=%2Fwp%2Fv2%2Fcomments&post=101648"}],"version-history":[{"count":0,"href":"https:\/\/aconteceunovale.com.br\/portal\/index.php?rest_route=\/wp\/v2\/posts\/101648\/revisions"}],"wp:featuredmedia":[{"embeddable":true,"href":"https:\/\/aconteceunovale.com.br\/portal\/index.php?rest_route=\/wp\/v2\/media\/101649"}],"wp:attachment":[{"href":"https:\/\/aconteceunovale.com.br\/portal\/index.php?rest_route=%2Fwp%2Fv2%2Fmedia&parent=101648"}],"wp:term":[{"taxonomy":"category","embeddable":true,"href":"https:\/\/aconteceunovale.com.br\/portal\/index.php?rest_route=%2Fwp%2Fv2%2Fcategories&post=101648"},{"taxonomy":"post_tag","embeddable":true,"href":"https:\/\/aconteceunovale.com.br\/portal\/index.php?rest_route=%2Fwp%2Fv2%2Ftags&post=101648"}],"curies":[{"name":"wp","href":"https:\/\/api.w.org\/{rel}","templated":true}]}}