{"id":101640,"date":"2016-11-10T18:41:20","date_gmt":"2016-11-10T21:41:20","guid":{"rendered":"http:\/\/aconteceunovale.com.br\/portal\/?p=101640"},"modified":"2016-11-10T18:41:20","modified_gmt":"2016-11-10T21:41:20","slug":"focos-do-aedes-aegypti-aumentam-79-em-governador-valadares-mostra-liraa","status":"publish","type":"post","link":"https:\/\/aconteceunovale.com.br\/portal\/?p=101640","title":{"rendered":"Focos do Aedes aegypti aumentam 7,9% em Governador Valadares, mostra LIRAa"},"content":{"rendered":"<p>Aumentou para 7,9% o n\u00famero de focos do mosquito da dengue em Governador Valadares (MG). \u00c9 o que aponta o Levantamento de \u00cdndice R\u00e1pido por Infesta\u00e7\u00e3o de Aedes aegypti (LIRAa) divulgado pela Prefeitura na tarde desta quinta-feira (10). No levantamento anterior, realizado em mar\u00e7o de 2015, o  \u00edndice era de 4,9%. Segundo a Organiza\u00e7\u00e3o Mundial de Sa\u00fade (OMS), o \u00edndice considerado satisfat\u00f3rio \u00e9 de no m\u00e1ximo 1% das resid\u00eancias apresentarem focos da doen\u00e7a. Acima de 3,9% \u00e9 considerado como alto risco de transmiss\u00e3o.<\/p>\n<p>Ainda segundo o LIRAa divulgado, os focos de mosquito s\u00e3o encontrados especialmente nas casas, sendo a mais encontrados em ralos (44,6%), seguidos de reservat\u00f3rios de \u00e1gua no ch\u00e3o (31%), pratos de vasos de plantas (10,5%), lixo (5,7%), caixas d\u2019\u00e1gua (5,5%), brom\u00e9lias (1,8%) e pneus (0,8%).<\/p>\n<p>Segundo os dados divulgados pela Prefeitura, nenhum bairro atingiu \u00edndice menor que 1%. Dentre os locais com maior infesta\u00e7\u00e3o est\u00e3o os bairros Ilha dos Ara\u00fajos, Jardim Alice, S\u00e3o Paulo, Santa Terezinha e S\u00e3o Tarc\u00edsio, que possuem 16% dos im\u00f3veis com focos.<\/p>\n<p>De acordo com a Prefeitura, por meio dos resultados obtidos o munic\u00edpio intensifica as a\u00e7\u00f5es de combate \u00e0 dengue nos locais com maior presen\u00e7a de mosquito Aedes aegypti por meio de mutir\u00f5es, vistorias, bomba costal, entre outras medidas. Tamb\u00e9m possibilita que a popula\u00e7\u00e3o saiba se o bairro onde mora est\u00e1 com infesta\u00e7\u00e3o do vetor e ajude a combat\u00ea-lo, colocando areia nos pratos de plantas, telas ou \u00e1gua fervendo uma vez por semana nos ralos, entre outros cuidados.<\/p>\n<p><strong>Notifica\u00e7\u00f5es<\/strong><\/p>\n<p>A Prefeitura divulgou ainda dados de notifica\u00e7\u00f5es de doen\u00e7as provocadas pelo mosquito Aedes aegypti em 2016. At\u00e9 o momento, foram notificados 3.150 casos de zika, sendo 18 confirmados pela Secretaria de Sa\u00fade do Estado de Minas Gerais. Em 2015 foram 54 notifica\u00e7\u00f5es da doen\u00e7a.<\/p>\n<p>Em rela\u00e7\u00e3o \u00e0 dengue, foram 1.526 casos notificados, sendo confirmados 244 casos at\u00e9 agora. O n\u00famero de notifica\u00e7\u00f5es at\u00e9 o momento j\u00e1 \u00e9 superior a todo o ano passado, quando foram notificados 1.369 casos. Em 2014, foram 1.148 notifica\u00e7\u00f5es de dengue<\/p>\n<p>Al\u00e9m disso, em 2016 foram notificados 113 casos de chikungunya. Em 2015, foram 20 notifica\u00e7\u00f5es da doen\u00e7a. (G1 dos Vales)<\/p>\n","protected":false},"excerpt":{"rendered":"<p>Aumentou para 7,9% o n\u00famero de focos do mosquito da dengue em Governador Valadares (MG). \u00c9 o que aponta o Levantamento de \u00cdndice R\u00e1pido por Infesta\u00e7\u00e3o de Aedes aegypti (LIRAa) divulgado pela Prefeitura na tarde desta quinta-feira (10). No levantamento anterior, realizado em mar\u00e7o de 2015, o \u00edndice era de 4,9%. Segundo a Organiza\u00e7\u00e3o Mundial [&hellip;]<\/p>\n","protected":false},"author":1,"featured_media":90580,"comment_status":"open","ping_status":"closed","sticky":false,"template":"","format":"standard","meta":{"amp_status":"","footnotes":""},"categories":[121],"tags":[77531,77528,125533,125534,125532,247,21831,125535,77529],"class_list":["post-101640","post","type-post","status-publish","format-standard","has-post-thumbnail","hentry","category-leste","tag-chikungunya-governador-valadares","tag-dengue-governador-valadares","tag-focos-aedes-aegupti-governador-valadares","tag-focos-do-aedes-aegypti-aumentam-7-9-em-governador-valadares-mostra-liraa","tag-focos-mosquito-da-dengue-em-governador-valadares","tag-governador-valadares","tag-liraa","tag-liraa-governador-valadares","tag-zika-governador-valadares"],"_links":{"self":[{"href":"https:\/\/aconteceunovale.com.br\/portal\/index.php?rest_route=\/wp\/v2\/posts\/101640","targetHints":{"allow":["GET"]}}],"collection":[{"href":"https:\/\/aconteceunovale.com.br\/portal\/index.php?rest_route=\/wp\/v2\/posts"}],"about":[{"href":"https:\/\/aconteceunovale.com.br\/portal\/index.php?rest_route=\/wp\/v2\/types\/post"}],"author":[{"embeddable":true,"href":"https:\/\/aconteceunovale.com.br\/portal\/index.php?rest_route=\/wp\/v2\/users\/1"}],"replies":[{"embeddable":true,"href":"https:\/\/aconteceunovale.com.br\/portal\/index.php?rest_route=%2Fwp%2Fv2%2Fcomments&post=101640"}],"version-history":[{"count":0,"href":"https:\/\/aconteceunovale.com.br\/portal\/index.php?rest_route=\/wp\/v2\/posts\/101640\/revisions"}],"wp:featuredmedia":[{"embeddable":true,"href":"https:\/\/aconteceunovale.com.br\/portal\/index.php?rest_route=\/wp\/v2\/media\/90580"}],"wp:attachment":[{"href":"https:\/\/aconteceunovale.com.br\/portal\/index.php?rest_route=%2Fwp%2Fv2%2Fmedia&parent=101640"}],"wp:term":[{"taxonomy":"category","embeddable":true,"href":"https:\/\/aconteceunovale.com.br\/portal\/index.php?rest_route=%2Fwp%2Fv2%2Fcategories&post=101640"},{"taxonomy":"post_tag","embeddable":true,"href":"https:\/\/aconteceunovale.com.br\/portal\/index.php?rest_route=%2Fwp%2Fv2%2Ftags&post=101640"}],"curies":[{"name":"wp","href":"https:\/\/api.w.org\/{rel}","templated":true}]}}