{"id":101637,"date":"2016-11-10T18:34:44","date_gmt":"2016-11-10T21:34:44","guid":{"rendered":"http:\/\/aconteceunovale.com.br\/portal\/?p=101637"},"modified":"2016-11-10T18:34:51","modified_gmt":"2016-11-10T21:34:51","slug":"vereadores-afastados-pela-operacao-mar-de-lama-conseguem-liminares-e-interrompem-julgamentos","status":"publish","type":"post","link":"https:\/\/aconteceunovale.com.br\/portal\/?p=101637","title":{"rendered":"Vereadores afastados pela Opera\u00e7\u00e3o Mar de Lama conseguem liminares e interrompem julgamentos"},"content":{"rendered":"<p>A C\u00e2mara Municipal de Governador Valadares n\u00e3o realizar\u00e1 o julgamento de vereadores afastados que estava marcado para esta quinta-feira (10\/11\/2016). O motivo \u00e9 que todos os 10 investigados por quebra de decoro parlamentar conseguiram liminares judiciais que interrompem o processo de cassa\u00e7\u00e3o.<\/p>\n<p>Segundo a assessoria de comunica\u00e7\u00e3o da C\u00e2mara, o \u00f3rg\u00e3o pretende recorrer das liminares ainda nesta quinta-feira, para que os vereadores investigados possam ser julgados no plen\u00e1rio. Em outubro foi divulgado cronograma que previa a realiza\u00e7\u00e3o dos julgamentos durante toda esta semana. Por\u00e9m, nova data foi marcada ap\u00f3s as primeiras liminares chegarem \u00e0 Casa Legislativa.<\/p>\n<p>Caso os vereadores sejam cassados por quebra decoro, eles ficar\u00e3o ineleg\u00edveis por oito anos e tamb\u00e9m n\u00e3o poder\u00e3o ocupar nenhum cargo p\u00fablico. Apesar da suspens\u00e3o do julgamento, a C\u00e2mara Municipal ter\u00e1 reuni\u00e3o ordin\u00e1ria na noite desta quinta-feira.<\/p>\n<p><img decoding=\"async\" src=\"http:\/\/aconteceunovale.com.br\/portal\/wp-content\/uploads\/2015\/08\/camara_gv.jpg\" alt=\"\" \/><em>Pr\u00e9dio da C\u00e2mara Municipal de Governador Valadares (Divulga\u00e7\u00e3o)<\/em><br \/>\n<\/br><\/p>\n<p><em>(Fonte: G1 dos Vales)<\/em><\/p>\n","protected":false},"excerpt":{"rendered":"<p>A C\u00e2mara Municipal de Governador Valadares n\u00e3o realizar\u00e1 o julgamento de vereadores afastados que estava marcado para esta quinta-feira (10\/11\/2016). O motivo \u00e9 que todos os 10 investigados por quebra de decoro parlamentar conseguiram liminares judiciais que interrompem o processo de cassa\u00e7\u00e3o. Segundo a assessoria de comunica\u00e7\u00e3o da C\u00e2mara, o \u00f3rg\u00e3o pretende recorrer das liminares [&hellip;]<\/p>\n","protected":false},"author":1,"featured_media":65931,"comment_status":"open","ping_status":"closed","sticky":false,"template":"","format":"standard","meta":{"amp_status":"","footnotes":""},"categories":[121,40240],"tags":[88221,125530,247],"class_list":["post-101637","post","type-post","status-publish","format-standard","has-post-thumbnail","hentry","category-leste","category-politica-2","tag-camara-municipal-de-governador-valadares","tag-camara-municipal-de-governador-valadares-nao-realizara-o-julgamento-de-vereadores-afastados","tag-governador-valadares"],"_links":{"self":[{"href":"https:\/\/aconteceunovale.com.br\/portal\/index.php?rest_route=\/wp\/v2\/posts\/101637","targetHints":{"allow":["GET"]}}],"collection":[{"href":"https:\/\/aconteceunovale.com.br\/portal\/index.php?rest_route=\/wp\/v2\/posts"}],"about":[{"href":"https:\/\/aconteceunovale.com.br\/portal\/index.php?rest_route=\/wp\/v2\/types\/post"}],"author":[{"embeddable":true,"href":"https:\/\/aconteceunovale.com.br\/portal\/index.php?rest_route=\/wp\/v2\/users\/1"}],"replies":[{"embeddable":true,"href":"https:\/\/aconteceunovale.com.br\/portal\/index.php?rest_route=%2Fwp%2Fv2%2Fcomments&post=101637"}],"version-history":[{"count":0,"href":"https:\/\/aconteceunovale.com.br\/portal\/index.php?rest_route=\/wp\/v2\/posts\/101637\/revisions"}],"wp:featuredmedia":[{"embeddable":true,"href":"https:\/\/aconteceunovale.com.br\/portal\/index.php?rest_route=\/wp\/v2\/media\/65931"}],"wp:attachment":[{"href":"https:\/\/aconteceunovale.com.br\/portal\/index.php?rest_route=%2Fwp%2Fv2%2Fmedia&parent=101637"}],"wp:term":[{"taxonomy":"category","embeddable":true,"href":"https:\/\/aconteceunovale.com.br\/portal\/index.php?rest_route=%2Fwp%2Fv2%2Fcategories&post=101637"},{"taxonomy":"post_tag","embeddable":true,"href":"https:\/\/aconteceunovale.com.br\/portal\/index.php?rest_route=%2Fwp%2Fv2%2Ftags&post=101637"}],"curies":[{"name":"wp","href":"https:\/\/api.w.org\/{rel}","templated":true}]}}