{"id":101634,"date":"2016-11-10T18:06:41","date_gmt":"2016-11-10T21:06:41","guid":{"rendered":"http:\/\/aconteceunovale.com.br\/portal\/?p=101634"},"modified":"2016-11-10T18:06:41","modified_gmt":"2016-11-10T21:06:41","slug":"gestantes-do-bolsa-familia-devem-passar-a-receber-repelentes-em-dezembro","status":"publish","type":"post","link":"https:\/\/aconteceunovale.com.br\/portal\/?p=101634","title":{"rendered":"Gestantes do Bolsa Fam\u00edlia devem passar a receber repelentes em dezembro"},"content":{"rendered":"<p>O Minist\u00e9rio da Sa\u00fade deve realizar no pr\u00f3ximo dia 1\u00ba de dezembro preg\u00e3o para a compra de repelentes que ser\u00e3o distribu\u00eddos a gestantes benefici\u00e1rias do Programa Bolsa Fam\u00edlia. A expectativa da pasta \u00e9 que, no prazo de 15 dias a contar da homologa\u00e7\u00e3o da compra, o produto comece a ser entregue pela rede de aten\u00e7\u00e3o b\u00e1sica a cerca de 484 mil mulheres.<\/p>\n<p>A aposta do governo \u00e9 reduzir os casos de infec\u00e7\u00e3o de v\u00edrus Zika, transmitido pelo mosquito Aedes aegypti e associado ao aumento de casos de microcefalia em beb\u00eas. <\/p>\n<p>\u201cSe n\u00e3o houver problema no preg\u00e3o, [a distribui\u00e7\u00e3o] est\u00e1 para 15 dias ap\u00f3s a homologa\u00e7\u00e3o. Em dezembro ainda teremos a primeira entrega\u201d, disse o ministro da Sa\u00fade, Ricardo Barros. Segundo ele, o plano do governo \u00e9 seguir com a distribui\u00e7\u00e3o de repelentes apenas para quem recebe o benef\u00edcio e, posteriormente, avaliar a amplia\u00e7\u00e3o da estrat\u00e9gia.<\/p>\n<p>Questionado sobre os subsequentes atrasos na entrega dos repelentes, anunciada em fevereiro deste ano e ainda n\u00e3o concretizada, Barros garantiu que n\u00e3o h\u00e1 possibilidade de novos adiamentos para o preg\u00e3o. O \u00fanico atraso poss\u00edvel \u00e9 se houver recursos ao processo de compra, que atrasem a homologa\u00e7\u00e3o. \u201cHomologada a compra, em 15 dias eles fazem a entrega. Estamos comprando repelente para o ano inteiro. Ser\u00e3o 12 entregas mensais\u201d, disse. <\/p>\n<p><strong>Embalagem<\/strong><\/p>\n<p>O ministro lembrou que, no edital de compra dos repelentes, a pasta definiu que o produto teria embalagem especial do pr\u00f3prio minist\u00e9rio com os dizeres \u201cProibida a venda\u201d. Entretanto, a embalagem precisa de aprova\u00e7\u00e3o da Ag\u00eancia Nacional de Vigil\u00e2ncia Sanit\u00e1ria (Anvisa), processo que pode levar at\u00e9 60 dias para ser conclu\u00eddo.<\/p>\n<p>\u201cQuem vai pedir o registro da embalagem \u00e9 o vencedor da licita\u00e7\u00e3o. Temos que esperar o vencedor, para ele pedir o registro, para da\u00ed ser liberado pela Anvisa. Ent\u00e3o, dispensamos essa exig\u00eancia de uma embalagem especial nas primeiras entregas, pra gente poder atender com urg\u00eancia\u201d, detalhou.<\/p>\n<p>Sobre a possibilidade de desvios e venda inapropriada dos repelentes, Barros admitiu que h\u00e1 esse risco. \u201cOu a gente corre atr\u00e1s de atender as pessoas ou a gente corre atr\u00e1s de evitar desvios. N\u00e3o deu pra fazer as duas coisas desta vez\u201d.<\/p>\n<p>O minist\u00e9rio informou que ser\u00e3o adquiridas, ao todo, tr\u00eas bilh\u00f5es de horas de prote\u00e7\u00e3o, por meio de repasse de R$ 300 milh\u00f5es provenientes do Minist\u00e9rio do Desenvolvimento Social e Agr\u00e1rio. Cada marca de repelente apresenta um per\u00edodo de prote\u00e7\u00e3o distinto e, por isso, a pasta definiu a quantidade de horas de prote\u00e7\u00e3o, em vez da quantidade exata de unidades do produto.<\/p>\n<p>(Ag\u00eancia Brasil)<\/p>\n","protected":false},"excerpt":{"rendered":"<p>O Minist\u00e9rio da Sa\u00fade deve realizar no pr\u00f3ximo dia 1\u00ba de dezembro preg\u00e3o para a compra de repelentes que ser\u00e3o distribu\u00eddos a gestantes benefici\u00e1rias do Programa Bolsa Fam\u00edlia. A expectativa da pasta \u00e9 que, no prazo de 15 dias a contar da homologa\u00e7\u00e3o da compra, o produto comece a ser entregue pela rede de aten\u00e7\u00e3o [&hellip;]<\/p>\n","protected":false},"author":1,"featured_media":101635,"comment_status":"open","ping_status":"closed","sticky":false,"template":"","format":"standard","meta":{"amp_status":"","footnotes":""},"categories":[6,40242],"tags":[259,68934,125523,69549,19326,125524,39315,72978,125525,19152],"class_list":["post-101634","post","type-post","status-publish","format-standard","has-post-thumbnail","hentry","category-br","category-saude-2","tag-bolsa-familia","tag-gestantes","tag-gestantes-do-bolsa-familia-devem-passar-a-receber-repelentes-em-dezembro","tag-gravidez","tag-ministerio-da-saude","tag-ministerio-da-saude-deve-realizar-no-proximo-dia-1o-de-dezembro-pregao-para-a-compra-de-repelentes-que-serao-distribuidos-a-gestantes-beneficiarias-do-programa-bolsa-familia","tag-programa-bolsa-familia","tag-repelente","tag-repelentes-que-serao-distribuidos-a-gestantes-beneficiarias-do-programa-bolsa-familia","tag-saude"],"_links":{"self":[{"href":"https:\/\/aconteceunovale.com.br\/portal\/index.php?rest_route=\/wp\/v2\/posts\/101634","targetHints":{"allow":["GET"]}}],"collection":[{"href":"https:\/\/aconteceunovale.com.br\/portal\/index.php?rest_route=\/wp\/v2\/posts"}],"about":[{"href":"https:\/\/aconteceunovale.com.br\/portal\/index.php?rest_route=\/wp\/v2\/types\/post"}],"author":[{"embeddable":true,"href":"https:\/\/aconteceunovale.com.br\/portal\/index.php?rest_route=\/wp\/v2\/users\/1"}],"replies":[{"embeddable":true,"href":"https:\/\/aconteceunovale.com.br\/portal\/index.php?rest_route=%2Fwp%2Fv2%2Fcomments&post=101634"}],"version-history":[{"count":0,"href":"https:\/\/aconteceunovale.com.br\/portal\/index.php?rest_route=\/wp\/v2\/posts\/101634\/revisions"}],"wp:featuredmedia":[{"embeddable":true,"href":"https:\/\/aconteceunovale.com.br\/portal\/index.php?rest_route=\/wp\/v2\/media\/101635"}],"wp:attachment":[{"href":"https:\/\/aconteceunovale.com.br\/portal\/index.php?rest_route=%2Fwp%2Fv2%2Fmedia&parent=101634"}],"wp:term":[{"taxonomy":"category","embeddable":true,"href":"https:\/\/aconteceunovale.com.br\/portal\/index.php?rest_route=%2Fwp%2Fv2%2Fcategories&post=101634"},{"taxonomy":"post_tag","embeddable":true,"href":"https:\/\/aconteceunovale.com.br\/portal\/index.php?rest_route=%2Fwp%2Fv2%2Ftags&post=101634"}],"curies":[{"name":"wp","href":"https:\/\/api.w.org\/{rel}","templated":true}]}}