{"id":101629,"date":"2016-11-10T17:59:53","date_gmt":"2016-11-10T20:59:53","guid":{"rendered":"http:\/\/aconteceunovale.com.br\/portal\/?p=101629"},"modified":"2016-11-10T17:59:53","modified_gmt":"2016-11-10T20:59:53","slug":"operacao-proclamacao-da-republica-comeca-nesta-sexta-feira-nas-rodovias-federais","status":"publish","type":"post","link":"https:\/\/aconteceunovale.com.br\/portal\/?p=101629","title":{"rendered":"Opera\u00e7\u00e3o Proclama\u00e7\u00e3o da Rep\u00fablica come\u00e7a nesta sexta-feira nas rodovias federais"},"content":{"rendered":"<p>A Pol\u00edcia Rodovi\u00e1ria Federal (PRF) inicia \u00e0 0h desta sexta-feira (11) a Opera\u00e7\u00e3o Proclama\u00e7\u00e3o da Rep\u00fablica nas rodovias federais de todo o Brasil. At\u00e9 as 24h da pr\u00f3xima ter\u00e7a-feira (15), os agentes far\u00e3o o policiamento refor\u00e7ado em trechos estrat\u00e9gicos, com maior \u00edndice de acidentes.<\/p>\n<p>Segundo a PRF, o n\u00famero de mortes e acidentes graves em rodovias federais do pa\u00eds caiu, mas ainda \u00e9 considerado \u201cpreocupante\u201d, j\u00e1 que s\u00e3o quase 6 mil mortes por ano, somente por acidentes nas estradas.<\/p>\n<p>O planejamento da opera\u00e7\u00e3o, de acordo com a PRF, levou em conta a an\u00e1lise de cada regi\u00e3o neste per\u00edodo e de dados como os de acidentes fatais ou com v\u00edtimas feridas gravemente. A partir das avalia\u00e7\u00f5es dos dados, a PRF definiu o tipo de infra\u00e7\u00f5es que mais ser\u00e3o coibidas durante a opera\u00e7\u00e3o, como dirigir em excesso de velocidade ou sob efeito de \u00e1lcool, n\u00e3o usar cinto de seguran\u00e7a e cadeirinhas infantis, fazer ultrapassagens indevidas e usar telefone celular na dire\u00e7\u00e3o.<\/p>\n<p><img decoding=\"async\" src=\"http:\/\/aconteceunovale.com.br\/portal\/wp-content\/uploads\/2016\/11\/operacao_prf_15nv.jpg\" alt=\"\" \/><em>PRF refor\u00e7ar\u00e1 a fiscaliza\u00e7\u00e3o nas rodovias federais (Valter Campanato\/Ag\u00eancia Brasil)<\/em><br \/>\n<\/br><\/p>\n<p><strong>Recomenda\u00e7\u00f5es<\/strong><\/p>\n<p>Antes de sair de casa para viajar durante o feriado, a PRF recomenda algumas medidas que aumentam a seguran\u00e7a no trajeto como providenciar a revis\u00e3o do ve\u00edculo (principalmente de limpadores, far\u00f3is, pneus, buzina e estepe), programar paradas em locais seguros e adequados, assegurar que os documentos dos passageiros e do ve\u00edculo estejam em dia, usar cinto de seguran\u00e7a, evitar viajar \u00e0 noite por causa da pouca visibilidade e da ocorr\u00eancia de assaltos. A PRF tamb\u00e9m lembra que os motoristas n\u00e3o devem se esquecer de acender os far\u00f3is nas rodovias, mesmo durante o dia. Caso alguma situa\u00e7\u00e3o de emerg\u00eancia ocorra, a PRF deve ser acionada pelo telefone 191.<\/p>\n<p>No dia 1\u00ba deste m\u00eas, entrou em vigor a lei que altera o C\u00f3digo de Tr\u00e2nsito Brasileiro. Com isso, a Lei Seca sofreu altera\u00e7\u00f5es. A PRF alerta que \u201cn\u00e3o haver\u00e1 mais toler\u00e2ncia para a quantidade de \u00e1lcool no organismo de quem dirige&#8221;. Segundo a Pol\u00edcia Rodovi\u00e1ria Federal, &#8220;qualquer tra\u00e7o et\u00edlico verificado \u00e9 suficiente para o motorista pagar uma multa de R$ 2.934,70 9novo valor) , ter a carteira suspensa e ser impedido de seguir viagem\u201d.<\/p>\n<p><strong>Restri\u00e7\u00f5es<\/strong><\/p>\n<p>Como existe a possibilidade de congestinamento em per\u00edodos espec\u00edficos, devido ao aumento no fluxo de carros nas estradas, o tr\u00e1fego de caminh\u00f5es bitrens, ve\u00edculos com dimens\u00f5es excedentes e caminh\u00f5es-cegonhas ser\u00e1 limitado nas rodovias federais de pista simples, na sexta-feira, no s\u00e1bado (12) e na ter\u00e7a-feira. Na sexta e na ter\u00e7a, os ve\u00edculos de grande porte n\u00e3o poder\u00e3o transitar nessas rodovias entre as 16h e as 24h. No s\u00e1bado, a restri\u00e7\u00e3o vai das 6h \u00e0s 12h. Nesses per\u00edodos, ve\u00edculos de carga n\u00e3o poder\u00e3o transitar, independentemente de estarem carregados ou n\u00e3o. O descumprimento dessa determina\u00e7\u00e3o \u00e9 uma infra\u00e7\u00e3o m\u00e9dia que pode gerar multa de R$ 130,16 e quatro pontos na Carteira de Habilita\u00e7\u00e3o, al\u00e9m de o ve\u00edculo ter de ficar estacionado at\u00e9 o fim do per\u00edodo de restri\u00e7\u00e3o.<\/p>\n<p>(Ag\u00eancia Brasil)<\/p>\n","protected":false},"excerpt":{"rendered":"<p>A Pol\u00edcia Rodovi\u00e1ria Federal (PRF) inicia \u00e0 0h desta sexta-feira (11) a Opera\u00e7\u00e3o Proclama\u00e7\u00e3o da Rep\u00fablica nas rodovias federais de todo o Brasil. At\u00e9 as 24h da pr\u00f3xima ter\u00e7a-feira (15), os agentes far\u00e3o o policiamento refor\u00e7ado em trechos estrat\u00e9gicos, com maior \u00edndice de acidentes. Segundo a PRF, o n\u00famero de mortes e acidentes graves em [&hellip;]<\/p>\n","protected":false},"author":1,"featured_media":101630,"comment_status":"open","ping_status":"closed","sticky":false,"template":"","format":"standard","meta":{"amp_status":"","footnotes":""},"categories":[6],"tags":[50901,125516,125515,125517,125518,239,27371],"class_list":["post-101629","post","type-post","status-publish","format-standard","has-post-thumbnail","hentry","category-br","tag-lei-seca","tag-operacao-proclamacao-da-republica","tag-operacao-proclamacao-da-republica-comeca-nesta-sexta-feira-nas-rodovias-federais","tag-operacao-proclamacao-da-republica-nas-rodovias-federais","tag-operacao-proclamacao-da-republica-nas-rodovias-federais-de-todo-o-brasil","tag-prf","tag-rodovias-federais"],"_links":{"self":[{"href":"https:\/\/aconteceunovale.com.br\/portal\/index.php?rest_route=\/wp\/v2\/posts\/101629","targetHints":{"allow":["GET"]}}],"collection":[{"href":"https:\/\/aconteceunovale.com.br\/portal\/index.php?rest_route=\/wp\/v2\/posts"}],"about":[{"href":"https:\/\/aconteceunovale.com.br\/portal\/index.php?rest_route=\/wp\/v2\/types\/post"}],"author":[{"embeddable":true,"href":"https:\/\/aconteceunovale.com.br\/portal\/index.php?rest_route=\/wp\/v2\/users\/1"}],"replies":[{"embeddable":true,"href":"https:\/\/aconteceunovale.com.br\/portal\/index.php?rest_route=%2Fwp%2Fv2%2Fcomments&post=101629"}],"version-history":[{"count":0,"href":"https:\/\/aconteceunovale.com.br\/portal\/index.php?rest_route=\/wp\/v2\/posts\/101629\/revisions"}],"wp:featuredmedia":[{"embeddable":true,"href":"https:\/\/aconteceunovale.com.br\/portal\/index.php?rest_route=\/wp\/v2\/media\/101630"}],"wp:attachment":[{"href":"https:\/\/aconteceunovale.com.br\/portal\/index.php?rest_route=%2Fwp%2Fv2%2Fmedia&parent=101629"}],"wp:term":[{"taxonomy":"category","embeddable":true,"href":"https:\/\/aconteceunovale.com.br\/portal\/index.php?rest_route=%2Fwp%2Fv2%2Fcategories&post=101629"},{"taxonomy":"post_tag","embeddable":true,"href":"https:\/\/aconteceunovale.com.br\/portal\/index.php?rest_route=%2Fwp%2Fv2%2Ftags&post=101629"}],"curies":[{"name":"wp","href":"https:\/\/api.w.org\/{rel}","templated":true}]}}