{"id":101461,"date":"2016-11-09T09:32:26","date_gmt":"2016-11-09T12:32:26","guid":{"rendered":"http:\/\/aconteceunovale.com.br\/portal\/?p=101461"},"modified":"2016-11-09T09:43:58","modified_gmt":"2016-11-09T12:43:58","slug":"tres-universitarios-morrem-em-colisao-entre-carro-e-caminhao-na-mgc-120","status":"publish","type":"post","link":"https:\/\/aconteceunovale.com.br\/portal\/?p=101461","title":{"rendered":"Tr\u00eas universit\u00e1rios morrem em colis\u00e3o entre carro e caminh\u00e3o na MGC-120"},"content":{"rendered":"<p>Tr\u00eas jovens morreram em um grave acidente, no fim da noite dessa ter\u00e7a-feira (08\/11\/2016), na altura do quil\u00f4metro 460 da MGC-120, zona rural de Itabira, na regi\u00e3o Central de Minas Gerais. Tiago Alvarenga Andrade, de 24 anos, Paulo Em\u00edlio de Figueiredo, de 20, e Pollyana Duarte Moura Sim\u00f5es, de 21, estavam no Honda Fit LX Flex, placa HCH-9010, licenciado em Itabira (MG), que colidiu contra um caminh\u00e3o Mercedes Bens L1618, placa GVT-3555, de S\u00e3o Gon\u00e7alo do Par\u00e1 (MG).<\/p>\n<p>De acordo com informa\u00e7\u00f5es da Pol\u00edcia Militar Rodovi\u00e1ria (PMRv), o motorista Leandro Augusto dos Santos, de 25 anos, relatou que conduzia o caminh\u00e3o no sentido Itabira\/Nova Era, quando em uma curva ascendente \u00e0 direita, deparou com o carro de passeio rodando na pista, no sentido contr\u00e1rio. O caminhoneiro informou tamb\u00e9m que chovia muito no momento do acidente e o Honda Fit ficou sem controle, vindo a colidir no lado direito do seu ve\u00edculo. O autom\u00f3vel ficou prensado entre o caminh\u00e3o e um barranco.<\/p>\n<p>Com o impacto do acidente, o condutor Tiago Alvarenga e os dois passageiros ficaram gravemente feridos. O condutor do caminh\u00e3o disse que ainda tentou socorrer as v\u00edtimas, mas elas n\u00e3o resistiram e faleceram presas \u00e0s ferragens. <\/p>\n<p>Equipes do Corpo de Bombeiros Militar, do Servi\u00e7o de Atendimento M\u00f3vel de Urg\u00eancia (SAMU) e do Grupo de Atendimento Volunt\u00e1rio de Emerg\u00eancia (Gave) compareceram ao local, mas apenas puderam constatar o \u00f3bito dos tr\u00eas ocupantes do carro. <\/p>\n<p>A Per\u00edcia T\u00e9cnica da Pol\u00edcia Civil foi acionada e ap\u00f3s os trabalhos de praxe, as v\u00edtimas foram desencarceradas e encaminhadas para o Instituto M\u00e9dico Legal (IML) em Itabira.<\/p>\n<p>Ainda segundo a Pol\u00edcia Rodovi\u00e1ria, o caminh\u00e3o foi liberado para o condutor. J\u00e1 o carro, que ficou completamente destru\u00eddo, foi removido para um p\u00e1tio credenciado. O caminhoneiro foi apresentado na Delegacia de Pol\u00edcia Civil para esclarecimento dos fatos e demais provid\u00eancias. As tr\u00eas v\u00edtimas em \u00f3bito residiam em Itabira e, segundo informa\u00e7\u00f5es, retornavam para casa ap\u00f3s assistirem aula em uma faculdade de Ipatinga.<\/p>\n<p><img decoding=\"async\" src=\"http:\/\/aconteceunovale.com.br\/portal\/wp-content\/uploads\/2016\/11\/vitimas_itabira_ipatinga_1.jpg\" alt=\"\" \/><em>V\u00edtimas residiam em Itabira (Foto: Reprodu\u00e7\u00e3o\/WhatsApp)<\/em><br \/>\n<\/br><\/p>\n<p><img decoding=\"async\" src=\"http:\/\/aconteceunovale.com.br\/portal\/wp-content\/uploads\/2016\/11\/vitimas_itabira_ipatinga_2.jpg\" alt=\"\" \/><em>Acidente aconteceu no km 460 da MGC-120 (Foto: Site \u00c1tila Lemos)<\/em><br \/>\n<\/br><\/p>\n<p><img decoding=\"async\" src=\"http:\/\/aconteceunovale.com.br\/portal\/wp-content\/uploads\/2016\/11\/vitimas_itabira_ipatinga_3.jpg\" alt=\"\" \/><em>Acidente aconteceu no km 460 da MGC-120 (Foto: Site \u00c1tila Lemos)<\/em><br \/>\n<\/br><\/p>\n<h4><strong>Outro acidente<\/strong><\/h4>\n<p>Na madrugada de domingo (06\/11), uma pessoa morreu e tr\u00eas ficaram feridas em um acidente na zona rural de Itabira. De acordo com a Pol\u00edcia Militar, o condutor de um Fiat Palio, placa GLL-8181, relatou que seguia sentido ao distrito de Senhora do Carmo, quando em uma curva e devido \u00e0 estrada ser cascalhada, perdeu o controle direcional do ve\u00edculo, vindo a sair da estrada e tombar em uma ribanceira. <\/p>\n<p>Com o impacto do acidente, o passageiro J\u00falio C\u00e9sar da Silva, de 36 anos, ficou gravemente ferido e veio a \u00f3bito no local. O motorista e outros duas pessoas sofreram escoria\u00e7\u00f5es.<\/p>\n","protected":false},"excerpt":{"rendered":"<p>Tr\u00eas jovens morreram em um grave acidente, no fim da noite dessa ter\u00e7a-feira (08\/11\/2016), na altura do quil\u00f4metro 460 da MGC-120, zona rural de Itabira, na regi\u00e3o Central de Minas Gerais. Tiago Alvarenga Andrade, de 24 anos, Paulo Em\u00edlio de Figueiredo, de 20, e Pollyana Duarte Moura Sim\u00f5es, de 21, estavam no Honda Fit LX [&hellip;]<\/p>\n","protected":false},"author":1,"featured_media":101462,"comment_status":"open","ping_status":"closed","sticky":false,"template":"","format":"standard","meta":{"amp_status":"","footnotes":""},"categories":[121,1236],"tags":[125180,125175,72106,125174,125173,28837,98073,201,202,125179,125177,125178,1655,125176,125171,125172],"class_list":["post-101461","post","type-post","status-publish","format-standard","has-post-thumbnail","hentry","category-leste","category-norte_de_minas","tag-acidente-com-caminhao-de-sao-goncalo-do-para","tag-acidente-com-jovens-de-itabira","tag-acidente-com-moradores-de-itabira","tag-acidente-com-universitarios-de-ipatinga","tag-acidente-com-universitarios-de-itabira","tag-acidente-em-itabira","tag-acidente-perto-de-itabira","tag-ipatinga","tag-itabira","tag-leandro-augusto-dos-santos","tag-paulo-emilio-de-figueiredo","tag-pollyana-duarte-moura-simoes","tag-sao-goncalo-do-para","tag-tiago-alvarenga-andrade","tag-tres-universitarios-morrem-em-colisao-entre-carro-e-caminhao-na-mgc-120","tag-tres-universitarios-morrem-em-colisao-entre-carro-e-caminhao-na-mgc-120-em-itabira"],"_links":{"self":[{"href":"https:\/\/aconteceunovale.com.br\/portal\/index.php?rest_route=\/wp\/v2\/posts\/101461","targetHints":{"allow":["GET"]}}],"collection":[{"href":"https:\/\/aconteceunovale.com.br\/portal\/index.php?rest_route=\/wp\/v2\/posts"}],"about":[{"href":"https:\/\/aconteceunovale.com.br\/portal\/index.php?rest_route=\/wp\/v2\/types\/post"}],"author":[{"embeddable":true,"href":"https:\/\/aconteceunovale.com.br\/portal\/index.php?rest_route=\/wp\/v2\/users\/1"}],"replies":[{"embeddable":true,"href":"https:\/\/aconteceunovale.com.br\/portal\/index.php?rest_route=%2Fwp%2Fv2%2Fcomments&post=101461"}],"version-history":[{"count":0,"href":"https:\/\/aconteceunovale.com.br\/portal\/index.php?rest_route=\/wp\/v2\/posts\/101461\/revisions"}],"wp:featuredmedia":[{"embeddable":true,"href":"https:\/\/aconteceunovale.com.br\/portal\/index.php?rest_route=\/wp\/v2\/media\/101462"}],"wp:attachment":[{"href":"https:\/\/aconteceunovale.com.br\/portal\/index.php?rest_route=%2Fwp%2Fv2%2Fmedia&parent=101461"}],"wp:term":[{"taxonomy":"category","embeddable":true,"href":"https:\/\/aconteceunovale.com.br\/portal\/index.php?rest_route=%2Fwp%2Fv2%2Fcategories&post=101461"},{"taxonomy":"post_tag","embeddable":true,"href":"https:\/\/aconteceunovale.com.br\/portal\/index.php?rest_route=%2Fwp%2Fv2%2Ftags&post=101461"}],"curies":[{"name":"wp","href":"https:\/\/api.w.org\/{rel}","templated":true}]}}