{"id":101459,"date":"2016-11-09T08:24:55","date_gmt":"2016-11-09T11:24:55","guid":{"rendered":"http:\/\/aconteceunovale.com.br\/portal\/?p=101459"},"modified":"2016-11-09T08:24:55","modified_gmt":"2016-11-09T11:24:55","slug":"previsao-do-tempo-para-minas-gerais-nesta-quarta-feira-9-de-novembro","status":"publish","type":"post","link":"https:\/\/aconteceunovale.com.br\/portal\/?p=101459","title":{"rendered":"Previs\u00e3o do tempo para Minas Gerais, nesta quarta-feira, 9 de novembro"},"content":{"rendered":"<h4><strong><em>Instabilidade perde for\u00e7a, mas ainda h\u00e1 previs\u00e3o de chuva em boa parte do estado. Na capital, temperatura m\u00e1xima chega a 28 graus.<\/em><\/strong><\/h4>\n<p>Nesta quarta-feira (9\/11) \u00e1reas de instabilidade atmosf\u00e9ricas perdem for\u00e7a sobre o Sudeste brasileiro, mas o c\u00e9u ainda fica nublado a parcialmente nublado.<\/p>\n<p>Em Minas Gerais h\u00e1 previs\u00e3o de pancadas de chuva em \u00e1reas do Noroeste, Norte, Jequitinhonha e Mucuri. No Centro, Oeste e Metropolitana de Belo Horizonte o dia ser\u00e1 de parcialmente nublado, com possibilidade de chuva em \u00e1reas isoladas a partir da tarde. No Vale do Rio Doce e Zona da Mata o c\u00e9u fica nublado a parcialmente nublado, com possibilidade de chuva fraca.<\/p>\n<p>Nas outras regi\u00f5es do estado o c\u00e9u deve ficar claro a parcialmente nublado, com possibilidade de chuva r\u00e1pida \u00e0 tarde em \u00e1reas isoladas.<\/p>\n<p>Na Regi\u00e3o Metropolitana de Belo Horizonte e na capital mineira o c\u00e9u fica parcialmente nublado, com possibilidade de chuva, principalmente no per\u00edodo da tarde. Em Belo Horizonte a temperatura deve variar entre 15\u00b0C e 28\u00b0C, com umidade relativa do ar \u00e0 tarde na casa dos 45%.<\/p>\n","protected":false},"excerpt":{"rendered":"<p>Instabilidade perde for\u00e7a, mas ainda h\u00e1 previs\u00e3o de chuva em boa parte do estado. Na capital, temperatura m\u00e1xima chega a 28 graus. Nesta quarta-feira (9\/11) \u00e1reas de instabilidade atmosf\u00e9ricas perdem for\u00e7a sobre o Sudeste brasileiro, mas o c\u00e9u ainda fica nublado a parcialmente nublado. Em Minas Gerais h\u00e1 previs\u00e3o de pancadas de chuva em \u00e1reas [&hellip;]<\/p>\n","protected":false},"author":1,"featured_media":101017,"comment_status":"open","ping_status":"closed","sticky":false,"template":"","format":"standard","meta":{"amp_status":"","footnotes":""},"categories":[123],"tags":[65542,194,131,47774,1956,27340,125170,87201,125169,1839,65543,29094,125167,125168],"class_list":["post-101459","post","type-post","status-publish","format-standard","has-post-thumbnail","hentry","category-gerais","tag-9-de-novembro","tag-belo-horizonte","tag-minas-gerais","tag-nesta-quarta-feira","tag-previsao-do-tempo","tag-previsao-do-tempo-para-belo-horizonte","tag-previsao-do-tempo-para-belo-horizonte-9-de-novembro","tag-previsao-do-tempo-para-belo-horizonte-nesta-quarta-feira","tag-previsao-do-tempo-para-belo-horizonte-nesta-quarta-feira-9-de-novembro","tag-previsao-do-tempo-para-minas-gerais","tag-previsao-do-tempo-para-minas-gerais-9-de-novembro","tag-previsao-do-tempo-para-minas-gerais-nesta-quarta-feira","tag-previsao-do-tempo-para-minas-gerais-nesta-quarta-feira-9-de-novembro","tag-quarta-feira-9-de-novembro"],"_links":{"self":[{"href":"https:\/\/aconteceunovale.com.br\/portal\/index.php?rest_route=\/wp\/v2\/posts\/101459","targetHints":{"allow":["GET"]}}],"collection":[{"href":"https:\/\/aconteceunovale.com.br\/portal\/index.php?rest_route=\/wp\/v2\/posts"}],"about":[{"href":"https:\/\/aconteceunovale.com.br\/portal\/index.php?rest_route=\/wp\/v2\/types\/post"}],"author":[{"embeddable":true,"href":"https:\/\/aconteceunovale.com.br\/portal\/index.php?rest_route=\/wp\/v2\/users\/1"}],"replies":[{"embeddable":true,"href":"https:\/\/aconteceunovale.com.br\/portal\/index.php?rest_route=%2Fwp%2Fv2%2Fcomments&post=101459"}],"version-history":[{"count":0,"href":"https:\/\/aconteceunovale.com.br\/portal\/index.php?rest_route=\/wp\/v2\/posts\/101459\/revisions"}],"wp:featuredmedia":[{"embeddable":true,"href":"https:\/\/aconteceunovale.com.br\/portal\/index.php?rest_route=\/wp\/v2\/media\/101017"}],"wp:attachment":[{"href":"https:\/\/aconteceunovale.com.br\/portal\/index.php?rest_route=%2Fwp%2Fv2%2Fmedia&parent=101459"}],"wp:term":[{"taxonomy":"category","embeddable":true,"href":"https:\/\/aconteceunovale.com.br\/portal\/index.php?rest_route=%2Fwp%2Fv2%2Fcategories&post=101459"},{"taxonomy":"post_tag","embeddable":true,"href":"https:\/\/aconteceunovale.com.br\/portal\/index.php?rest_route=%2Fwp%2Fv2%2Ftags&post=101459"}],"curies":[{"name":"wp","href":"https:\/\/api.w.org\/{rel}","templated":true}]}}