{"id":101430,"date":"2016-11-08T20:15:49","date_gmt":"2016-11-08T23:15:49","guid":{"rendered":"http:\/\/aconteceunovale.com.br\/portal\/?p=101430"},"modified":"2016-11-08T20:15:49","modified_gmt":"2016-11-08T23:15:49","slug":"familia-procura-crianca-de-cinco-anos-desaparecida-em-aracuai","status":"publish","type":"post","link":"https:\/\/aconteceunovale.com.br\/portal\/?p=101430","title":{"rendered":"Fam\u00edlia procura crian\u00e7a de cinco anos desaparecida em Ara\u00e7ua\u00ed"},"content":{"rendered":"<p>A m\u00e3e de uma menina de cinco anos, moradora da cidade de Ara\u00e7ua\u00ed, no Vale do Jequitinhonha, denuncia que o ex-marido sumiu com a filha desde s\u00e1bado (05\/11\/2016) e at\u00e9 o momento, ela n\u00e3o sabe o paradeiro dos dois. O caso j\u00e1 foi comunicado \u00e0 Pol\u00edcia Militar e a Pol\u00edcia Civil dever\u00e1 investigar.<\/p>\n<p>A m\u00e3e da menina, a faxineira Rutmera Paiva Santos, de 39 anos, conta que tinha um acordo informal com o ex-companheiro, em que compartilhavam os cuidados com a crian\u00e7a. A garota , segundo ela, saiu com o pai na tarde de s\u00e1bado para ir ao cinema e n\u00e3o foi mais vista.<\/p>\n<p>\u201cAcreditamos que ele tenha viajado na madrugada de domingo (6). N\u00e3o levou roupa da menina e deixou pouqu\u00edssimas roupas dele\u201d, informou uma enteada do homem.<\/p>\n<p><img decoding=\"async\" src=\"http:\/\/aconteceunovale.com.br\/portal\/wp-content\/uploads\/2016\/11\/desaparecimento_ara_1.jpg\" alt=\"\" \/><em>O pai Nicodemos com a filha, em foto de fam\u00edlia (Divulga\u00e7\u00e3o)<\/em><br \/>\n<\/br><\/p>\n<p>O suspeito tem passagens pela pol\u00edcia por crime contra o patrim\u00f4nio e chegou a ser condenado.<\/p>\n<p>De acordo com a lei, ele poder\u00e1 ser investigado por &#8220;subtra\u00e7\u00e3o de incapaz&#8221;, crime previsto no artigo 249 do C\u00f3digo Penal. &#8220;N\u00e3o \u00e9 rapto porque ele \u00e9 pai da crian\u00e7a&#8221;, explica um advogado.<\/p>\n<p>A fam\u00edlia da m\u00e3e da crian\u00e7a diz que o pai, identificado como Nicodemos  Monteiro de Barros Sobrinho, de 55 anos, \u00e9 natural da cidade de Itaip\u00e9, na regi\u00e3o do Vale do Mucuri e que ele possui parentes em S\u00e3o Paulo, Bahia e Esp\u00edrito Santo.<\/p>\n<p>&#8220;Todos aqui desconhecem o paradeiro dele. Estamos aguardando alguma not\u00edcia para poder tomar uma provid\u00eancia. Deve ser providenciado um mandado de busca contra ele e a fam\u00edlia  vai buscar isso na Justi\u00e7a&#8221;, afirma uma das filhas da faxineira.<\/p>\n<p>A m\u00e3e da menina, que procurou o Minist\u00e9rio P\u00fablico na tarde desta ter\u00e7a-feira (8) disse que o ex-companheiro tem dois filhos com outra mulher e que eles j\u00e1 s\u00e3o casados. Um mora na Bahia e outro no Esp\u00edrito Santo.<\/p>\n<p>\u201cConsegui falar hoje (ter\u00e7a-feira) com o que mora na Bahia. Ele disse que h\u00e1 10 dias n\u00e3o fala com o pai. Liguei ontem (segunda-feira) para uma irm\u00e3 dele em S\u00e3o Paulo. Ela falou que ele n\u00e3o havia aparecido por l\u00e1. Hoje j\u00e1 n\u00e3o consigo mais falar com ela, porque o celular est\u00e1 dando a mensagem que o n\u00famero n\u00e3o existe. Estou desesperada. N\u00e3o tenho mais cabe\u00e7a para trabalhar, estou perdendo servi\u00e7o\u201d, diz a m\u00e3e da crian\u00e7a.<\/p>\n<p><img decoding=\"async\" src=\"http:\/\/aconteceunovale.com.br\/portal\/wp-content\/uploads\/2016\/11\/desaparecimento_ara_2.jpg\" alt=\"\" \/><em>Nicodemos Monteiro, natural de Itaip\u00e9 (Divulga\u00e7\u00e3o)<\/em><br \/>\n<\/br><\/p>\n<p><strong>Entenda<\/strong><\/p>\n<p>Os pais da menina mantiveram um relacionamento est\u00e1vel por 8 anos e se separaram h\u00e1 . Com a separa\u00e7\u00e3o, o homem saiu da casa onde eles moravam, na Rua Gentil de Castro, e foi morar em um pequeno s\u00edtio, na regi\u00e3o do Gravat\u00e1, zona rural do munic\u00edpio.<\/p>\n<p>\u201cEle retornou h\u00e1 2 meses para Ara\u00e7ua\u00ed e alugou um barzinho, nas proximidades daqui de casa mas, antes dele desaparecer com a menina, j\u00e1 havia devolvido o im\u00f3vel para o dono. Fui l\u00e1 no s\u00edtio onde ele morava. Est\u00e1 tudo fechado. N\u00e3o tem ningu\u00e9m\u201d, disse a m\u00e3e da crian\u00e7a.<\/p>\n<p>Ela contou que na tarde de s\u00e1bado (5), ele foi buscar a filha e pediu para lev\u00e1-la ao cinema. \u201cEu permiti. Foi a \u00faltima vez que vi a menina\u201d,  conta a m\u00e3e.<\/p>\n<p>Ela disse que agora vai pedir  a guarda definitiva da filha \u00e0 Justi\u00e7a, porque antes, possu\u00eda apenas um  acordo informal para que o pai tamb\u00e9m pudesse ficar com a crian\u00e7a. &#8220;Ela [a menina] sempre morou comigo. Passava apenas o fim de semana com ele. Nunca teve problema. N\u00e3o sei por que ele fez isso. Quero minha filha de volta\u201d diz a m\u00e3e que possui outros 5 filhos, j\u00e1 maiores de idade.<\/p>\n<p>&#8220;Com ele eu s\u00f3 tive a menina. Meus outros filhos j\u00e1 n\u00e3o moram mais comigo. J\u00e1 s\u00e3o casados&#8221;, lembra Rutmera.<\/p>\n<p>Pelas redes sociais, uma tia da menina faz apelo para quem souber de alguma informa\u00e7\u00e3o avisar a fam\u00edlia.<\/p>\n<p><img decoding=\"async\" src=\"http:\/\/aconteceunovale.com.br\/portal\/wp-content\/uploads\/2016\/11\/desaparecimento_ara_3.jpg\" alt=\"\" \/><em>A pequena Hanna, com a m\u00e3e Rutmera Paiva (Divulga\u00e7\u00e3o)<\/em><br \/>\n<\/br><\/p>\n<p><em>(Fonte: Gazeta de Ara\u00e7ua\u00ed\/S\u00e9rgio Vasconcelos)<\/em><\/p>\n","protected":false},"excerpt":{"rendered":"<p>A m\u00e3e de uma menina de cinco anos, moradora da cidade de Ara\u00e7ua\u00ed, no Vale do Jequitinhonha, denuncia que o ex-marido sumiu com a filha desde s\u00e1bado (05\/11\/2016) e at\u00e9 o momento, ela n\u00e3o sabe o paradeiro dos dois. O caso j\u00e1 foi comunicado \u00e0 Pol\u00edcia Militar e a Pol\u00edcia Civil dever\u00e1 investigar. A m\u00e3e [&hellip;]<\/p>\n","protected":false},"author":1,"featured_media":101431,"comment_status":"open","ping_status":"closed","sticky":false,"template":"","format":"standard","meta":{"amp_status":"","footnotes":""},"categories":[120],"tags":[186,125109,42004,125110,191,125107,125108],"class_list":["post-101430","post","type-post","status-publish","format-standard","has-post-thumbnail","hentry","category-jequi","tag-aracuai","tag-crianca-desaparecida-em-aracuai","tag-desaparecimento-em-aracuai","tag-familia-procura-crianca-de-cinco-anos-desaparecida-em-aracuai","tag-itaipe","tag-nicodemos-monteiro-de-barros-sobrinho","tag-rutmera-paiva-santos"],"_links":{"self":[{"href":"https:\/\/aconteceunovale.com.br\/portal\/index.php?rest_route=\/wp\/v2\/posts\/101430","targetHints":{"allow":["GET"]}}],"collection":[{"href":"https:\/\/aconteceunovale.com.br\/portal\/index.php?rest_route=\/wp\/v2\/posts"}],"about":[{"href":"https:\/\/aconteceunovale.com.br\/portal\/index.php?rest_route=\/wp\/v2\/types\/post"}],"author":[{"embeddable":true,"href":"https:\/\/aconteceunovale.com.br\/portal\/index.php?rest_route=\/wp\/v2\/users\/1"}],"replies":[{"embeddable":true,"href":"https:\/\/aconteceunovale.com.br\/portal\/index.php?rest_route=%2Fwp%2Fv2%2Fcomments&post=101430"}],"version-history":[{"count":0,"href":"https:\/\/aconteceunovale.com.br\/portal\/index.php?rest_route=\/wp\/v2\/posts\/101430\/revisions"}],"wp:featuredmedia":[{"embeddable":true,"href":"https:\/\/aconteceunovale.com.br\/portal\/index.php?rest_route=\/wp\/v2\/media\/101431"}],"wp:attachment":[{"href":"https:\/\/aconteceunovale.com.br\/portal\/index.php?rest_route=%2Fwp%2Fv2%2Fmedia&parent=101430"}],"wp:term":[{"taxonomy":"category","embeddable":true,"href":"https:\/\/aconteceunovale.com.br\/portal\/index.php?rest_route=%2Fwp%2Fv2%2Fcategories&post=101430"},{"taxonomy":"post_tag","embeddable":true,"href":"https:\/\/aconteceunovale.com.br\/portal\/index.php?rest_route=%2Fwp%2Fv2%2Ftags&post=101430"}],"curies":[{"name":"wp","href":"https:\/\/api.w.org\/{rel}","templated":true}]}}