{"id":101427,"date":"2016-11-08T20:01:17","date_gmt":"2016-11-08T23:01:17","guid":{"rendered":"http:\/\/aconteceunovale.com.br\/portal\/?p=101427"},"modified":"2016-11-08T20:01:17","modified_gmt":"2016-11-08T23:01:17","slug":"imoveis-comerciais-sao-alvos-de-vandalos-em-aracuai","status":"publish","type":"post","link":"https:\/\/aconteceunovale.com.br\/portal\/?p=101427","title":{"rendered":"Im\u00f3veis comerciais s\u00e3o alvos de v\u00e2ndalos em Ara\u00e7ua\u00ed"},"content":{"rendered":"<p>Dois im\u00f3veis comerciais amanheceram neste domingo (06\/11\/2016) com suas portas de vidro quebradas. Os im\u00f3veis, localizados no Centro da cidade, est\u00e3o desocupados e com an\u00fancios para aluguel.<\/p>\n<p>Um dos im\u00f3veis atingidos est\u00e1 localizado na Rua do Cruzeiro, onde funcionava um laborat\u00f3rio de fotografia. O outro fica a poucos metros, na Rua Aimor\u00e9s, esquina da Rua do Cruzeiro, e tamb\u00e9m est\u00e1 desocupado.<\/p>\n<p>Nas \u00faltimas semanas a popula\u00e7\u00e3o de Ara\u00e7ua\u00ed viveu uma onda de viol\u00eancia, principalmente assaltos e furtos. \u201c\u00c9 muito triste ver tudo isso e, o que \u00e9 pior, ningu\u00e9m \u00e9 punido\u201d, lamenta uma moradora da Rua do Cruzeiro.<\/p>\n<p>N\u00e3o h\u00e1 suspeitos dos atos de vandalismo.<\/p>\n<p><img decoding=\"async\" src=\"http:\/\/aconteceunovale.com.br\/portal\/wp-content\/uploads\/2016\/11\/ataque_imoveis_aracuai.jpg\" alt=\"\" \/><em>Os dois im\u00f3veis atacados est\u00e3o desocupados (Foto: Reprodu\u00e7\u00e3o\/WhatsApp)<\/em><br \/>\n<\/br><\/p>\n<p><em>(Com informa\u00e7\u00f5es do Gazeta de Ara\u00e7ua\u00ed)<\/em><\/p>\n","protected":false},"excerpt":{"rendered":"<p>Dois im\u00f3veis comerciais amanheceram neste domingo (06\/11\/2016) com suas portas de vidro quebradas. Os im\u00f3veis, localizados no Centro da cidade, est\u00e3o desocupados e com an\u00fancios para aluguel. Um dos im\u00f3veis atingidos est\u00e1 localizado na Rua do Cruzeiro, onde funcionava um laborat\u00f3rio de fotografia. O outro fica a poucos metros, na Rua Aimor\u00e9s, esquina da Rua [&hellip;]<\/p>\n","protected":false},"author":1,"featured_media":101428,"comment_status":"open","ping_status":"closed","sticky":false,"template":"","format":"standard","meta":{"amp_status":"","footnotes":""},"categories":[120],"tags":[186,125106,125105,125104,73748],"class_list":["post-101427","post","type-post","status-publish","format-standard","has-post-thumbnail","hentry","category-jequi","tag-aracuai","tag-ataque-de-vandalos-em-aracuai","tag-imoveis-com-vidros-quebrados-em-aracuai","tag-imoveis-comerciais-sao-alvos-de-vandalos-em-aracuai","tag-vandalismo-aracuai"],"_links":{"self":[{"href":"https:\/\/aconteceunovale.com.br\/portal\/index.php?rest_route=\/wp\/v2\/posts\/101427","targetHints":{"allow":["GET"]}}],"collection":[{"href":"https:\/\/aconteceunovale.com.br\/portal\/index.php?rest_route=\/wp\/v2\/posts"}],"about":[{"href":"https:\/\/aconteceunovale.com.br\/portal\/index.php?rest_route=\/wp\/v2\/types\/post"}],"author":[{"embeddable":true,"href":"https:\/\/aconteceunovale.com.br\/portal\/index.php?rest_route=\/wp\/v2\/users\/1"}],"replies":[{"embeddable":true,"href":"https:\/\/aconteceunovale.com.br\/portal\/index.php?rest_route=%2Fwp%2Fv2%2Fcomments&post=101427"}],"version-history":[{"count":0,"href":"https:\/\/aconteceunovale.com.br\/portal\/index.php?rest_route=\/wp\/v2\/posts\/101427\/revisions"}],"wp:featuredmedia":[{"embeddable":true,"href":"https:\/\/aconteceunovale.com.br\/portal\/index.php?rest_route=\/wp\/v2\/media\/101428"}],"wp:attachment":[{"href":"https:\/\/aconteceunovale.com.br\/portal\/index.php?rest_route=%2Fwp%2Fv2%2Fmedia&parent=101427"}],"wp:term":[{"taxonomy":"category","embeddable":true,"href":"https:\/\/aconteceunovale.com.br\/portal\/index.php?rest_route=%2Fwp%2Fv2%2Fcategories&post=101427"},{"taxonomy":"post_tag","embeddable":true,"href":"https:\/\/aconteceunovale.com.br\/portal\/index.php?rest_route=%2Fwp%2Fv2%2Ftags&post=101427"}],"curies":[{"name":"wp","href":"https:\/\/api.w.org\/{rel}","templated":true}]}}