{"id":101407,"date":"2016-11-08T12:00:10","date_gmt":"2016-11-08T15:00:10","guid":{"rendered":"http:\/\/aconteceunovale.com.br\/portal\/?p=101407"},"modified":"2016-11-08T12:00:10","modified_gmt":"2016-11-08T15:00:10","slug":"michel-temer-critica-ocupacoes-e-diz-que-se-divulga-muita-ladainha","status":"publish","type":"post","link":"https:\/\/aconteceunovale.com.br\/portal\/?p=101407","title":{"rendered":"Michel Temer critica ocupa\u00e7\u00f5es e diz que se divulga muita \u201cladainha\u201d"},"content":{"rendered":"<p>O presidente Michel Temer classificou como \u201cladainha\u201d algumas das cr\u00edticas que t\u00eam sido feitas a seu governo, em especial \u00e0s medidas de defini\u00e7\u00e3o de teto para os gastos p\u00fablicos e os efeitos que elas trariam para os setores de educa\u00e7\u00e3o e sa\u00fade. Ao citar as ocupa\u00e7\u00f5es em escolas e universidades p\u00fablicas e manifesta\u00e7\u00f5es nas quais se coloca fogo em pneus para parar o tr\u00e2nsito, ele fez cr\u00edticas ao que chama \u201cargumentos f\u00edsicos\u201d \u2013 tipo de argumenta\u00e7\u00e3o que foge do campo das ideias. As declara\u00e7\u00f5es de Temer foram feitas hoje (08\/11\/2016) durante a abertura de um semin\u00e1rio sobre infraestrutura, promovido pela Confedera\u00e7\u00e3o Nacional da Ind\u00fastria (CNI).<\/p>\n<p>\u201cDizem que isso [a PEC Teto dos gastos p\u00fablicos] vai prejudicar setores important\u00edssimos do pa\u00eds, como sa\u00fade e educa\u00e7\u00e3o. Foi a\u00ed que o [ministro da Fazenda, Henrique] Meirelles organizou o or\u00e7amento para 2017, aplicando [o que est\u00e1 previsto na] PEC. E, ao faz\u00ea-lo, vimos que aumentamos as verbas para sa\u00fade e educa\u00e7\u00e3o. Divulga-se muita ladainha, por mais que se fale\u201d, disse o presidente.<\/p>\n<p>Segundo Temer, situa\u00e7\u00e3o similar ocorreu durante a tramita\u00e7\u00e3o da Medida Provis\u00f3ria (MP) que trata da reforma do ensino m\u00e9dio. Entre as cr\u00edticas feitas \u00e0 MP est\u00e1 a de que ela n\u00e3o foi debatida com a sociedade. O presidente ressaltou, no entanto, que a medida teve por base projetos de lei que j\u00e1 tramitavam no Congresso e que, se o Congresso Nacional assim desejar, a MP pode ser substitu\u00edda por algum desses projetos de lei.<\/p>\n<p>\u201cSempre se falava na necessidade da reforma do ensino m\u00e9dio, mas nunca se fazia\u201d, disse ele. \u201cAs pessoas debatem sem ler o texto. Mas se quiserem votar um projeto de lei, n\u00e3o h\u00e1 problema nisso. Se for necess\u00e1rio aprovar o projeto de lei, n\u00f3s votaremos\u201d.<\/p>\n<p>Na avalia\u00e7\u00e3o do presidente, ao dar condi\u00e7\u00f5es para que, no ensino m\u00e9dio, se valorize tamb\u00e9m a forma\u00e7\u00e3o t\u00e9cnica dos alunos, a MP proporciona mais alternativas aos alunos. Da forma como est\u00e1, acrescentou o presidente, o estudante se forma sem condi\u00e7\u00f5es de fazer sequer c\u00e1lculos matem\u00e1ticos b\u00e1sicos. \u201cAl\u00e9m disso, a pessoa fala um idioma que n\u00e3o sabe de onde vem\u201d, disse em tom cr\u00edtico \u00e0 forma como a l\u00edngua portuguesa \u00e9 ensinada.<\/p>\n<p>Ao comentar alguns dos programas sociais desenvolvidos pelo governo federal, Temer destacou a relev\u00e2ncia de alguns deles para o aquecimento de setores da economia, como o da constru\u00e7\u00e3o civil. Ele, no entanto, disse que, com o crescimento do pa\u00eds, alguns deles poder\u00e3o se tornar desnecess\u00e1rios, caso o pa\u00eds consiga gerar empregos.<\/p>\n<p>\u201cOs programas [sociais] s\u00e3o \u00fateis par o Brasil. O Bolsa Fam\u00edlia, por exemplo. Para gente paup\u00e9rrima, verificou-se que o Bolsa Fam\u00edlia \u00e9 importante. N\u00e3o \u00e9 para ser eterno, porque o pa\u00eds dever\u00e1 crescer com o tempo, de tal maneira que n\u00e3o seja necess\u00e1rio o Bolsa Fam\u00edlia\u201d, disse ele ao destacar que o reajuste desse benef\u00edcio, j\u00e1 durante seu governo, chegou a 12%.<\/p>\n<p>Outro programa citado pelo presidente Temer foi o Minha Casa, Minha Vida (MCMV). \u201cH\u00e1 nele v\u00e1rias vantagens. Uma, que ajuda os pobres. Outra, que mobiliza a constru\u00e7\u00e3o civil e o setor de materiais de constru\u00e7\u00e3o. Vamos inclusive lan\u00e7ar nesta semana o Cart\u00e3o Reforma, que \u00e9 a possibilidade de a pessoa receber um financiamento de R$ 5 mil da Caixa para reformar sua casa. \u00c9 mais uma coisa voltada aos mais pobres e tamb\u00e9m \u00e0 constru\u00e7\u00e3o civil, que gerar\u00e1 emprego. Este \u00e9 o t\u00f3pico do nosso governo\u201d.<\/p>\n<p><img decoding=\"async\" src=\"http:\/\/aconteceunovale.com.br\/portal\/wp-content\/uploads\/2016\/11\/temer_ocupacoes.jpg\" alt=\"\" \/><em>Temer criticou ocupa\u00e7\u00f5es (Foto: Jos\u00e9 Cruz\/Ag\u00eancia Brasil)<\/em><br \/>\n<\/br><\/p>\n<p><em>(Ag\u00eancia Brasil)<\/em><\/p>\n","protected":false},"excerpt":{"rendered":"<p>O presidente Michel Temer classificou como \u201cladainha\u201d algumas das cr\u00edticas que t\u00eam sido feitas a seu governo, em especial \u00e0s medidas de defini\u00e7\u00e3o de teto para os gastos p\u00fablicos e os efeitos que elas trariam para os setores de educa\u00e7\u00e3o e sa\u00fade. Ao citar as ocupa\u00e7\u00f5es em escolas e universidades p\u00fablicas e manifesta\u00e7\u00f5es nas quais [&hellip;]<\/p>\n","protected":false},"author":1,"featured_media":101408,"comment_status":"open","ping_status":"closed","sticky":false,"template":"","format":"standard","meta":{"amp_status":"","footnotes":""},"categories":[6,40240],"tags":[122864,125049,20181,125050,121679,123792,125048,125047,82405,110244,124244,121968,125051,116451,125045,125046],"class_list":["post-101407","post","type-post","status-publish","format-standard","has-post-thumbnail","hentry","category-br","category-politica-2","tag-escola-sem-partido","tag-escolas-ocupadas-no-brasil","tag-michel-temer","tag-michel-temer-critica-ocupacoes-e-diz-que-se-divulga-muita-ladainha","tag-ocupacoes","tag-ocupacoes-de-escolas","tag-ocupacoes-de-escolas-no-brasil","tag-opiniao-de-temer-sobre-ocupacoes","tag-oposicao","tag-pec-241","tag-pec-55","tag-pec-do-teto","tag-pec-teto-dos-gastos-publicos","tag-reforma-do-ensino-medio","tag-temer-critica-ocupacoes-e-diz-que-estudantes-divulgam-muita-ladainha","tag-temer-critica-ocupacoes-e-diz-que-manifestantes-divulgam-muita-ladainha"],"_links":{"self":[{"href":"https:\/\/aconteceunovale.com.br\/portal\/index.php?rest_route=\/wp\/v2\/posts\/101407","targetHints":{"allow":["GET"]}}],"collection":[{"href":"https:\/\/aconteceunovale.com.br\/portal\/index.php?rest_route=\/wp\/v2\/posts"}],"about":[{"href":"https:\/\/aconteceunovale.com.br\/portal\/index.php?rest_route=\/wp\/v2\/types\/post"}],"author":[{"embeddable":true,"href":"https:\/\/aconteceunovale.com.br\/portal\/index.php?rest_route=\/wp\/v2\/users\/1"}],"replies":[{"embeddable":true,"href":"https:\/\/aconteceunovale.com.br\/portal\/index.php?rest_route=%2Fwp%2Fv2%2Fcomments&post=101407"}],"version-history":[{"count":0,"href":"https:\/\/aconteceunovale.com.br\/portal\/index.php?rest_route=\/wp\/v2\/posts\/101407\/revisions"}],"wp:featuredmedia":[{"embeddable":true,"href":"https:\/\/aconteceunovale.com.br\/portal\/index.php?rest_route=\/wp\/v2\/media\/101408"}],"wp:attachment":[{"href":"https:\/\/aconteceunovale.com.br\/portal\/index.php?rest_route=%2Fwp%2Fv2%2Fmedia&parent=101407"}],"wp:term":[{"taxonomy":"category","embeddable":true,"href":"https:\/\/aconteceunovale.com.br\/portal\/index.php?rest_route=%2Fwp%2Fv2%2Fcategories&post=101407"},{"taxonomy":"post_tag","embeddable":true,"href":"https:\/\/aconteceunovale.com.br\/portal\/index.php?rest_route=%2Fwp%2Fv2%2Ftags&post=101407"}],"curies":[{"name":"wp","href":"https:\/\/api.w.org\/{rel}","templated":true}]}}