{"id":101394,"date":"2016-11-08T06:52:07","date_gmt":"2016-11-08T09:52:07","guid":{"rendered":"http:\/\/aconteceunovale.com.br\/portal\/?p=101394"},"modified":"2016-11-08T06:52:07","modified_gmt":"2016-11-08T09:52:07","slug":"previsao-do-tempo-para-minas-gerais-nesta-terca-feira-8-de-novembro","status":"publish","type":"post","link":"https:\/\/aconteceunovale.com.br\/portal\/?p=101394","title":{"rendered":"Previs\u00e3o do tempo para Minas Gerais, nesta ter\u00e7a-feira, 8 de novembro"},"content":{"rendered":"<h4><strong><em>C\u00e9u nublado a parcialmente nublado, com pancadas de chuva e trovoadas em boa parte do estado. Na capital, umidade do ar chega a 50%.<\/em><\/strong><\/h4>\n<p>Nesta ter\u00e7a-feira (8\/11) \u00e1reas de instabilidade atmosf\u00e9ricas mant\u00eam o c\u00e9u com muitas nuvens e ocorr\u00eancia de pancadas de chuva em \u00e1reas do Sudeste brasileiro.<\/p>\n<p>Em Minas Gerais o dia ser\u00e1 de c\u00e9u nublado a parcialmente nublado, com pancadas de chuva e trovoadas ocasionais no Noroeste, Centro, Norte, Jequitinhonha, Mucuri, Rio Doce e boa parte da Regi\u00e3o Metropolitana de Belo Horizonte.<\/p>\n<p>Na Zona da Mata o c\u00e9u fica nublado a parcialmente nublado, com possibilidade de chuva fraca. Nas outras regi\u00f5es do estado o c\u00e9u deve ficar claro a parcialmente nublado, com possibilidade de chuva r\u00e1pida em \u00e1reas isoladas \u00e0 tarde.<\/p>\n<p>Na Regi\u00e3o Metropolitana e na capital mineira o c\u00e9u deve ficar nublado a parcialmente nublado, com pancadas de chuva e trovoadas ocasionais no per\u00edodo da tarde e \u00e0 noite. Em Belo Horizonte a temperatura deve variar entre 16\u00b0C e 27\u00b0C, com umidade relativa do ar \u00e0 tarde na casa dos 50%.<\/p>\n","protected":false},"excerpt":{"rendered":"<p>C\u00e9u nublado a parcialmente nublado, com pancadas de chuva e trovoadas em boa parte do estado. Na capital, umidade do ar chega a 50%. Nesta ter\u00e7a-feira (8\/11) \u00e1reas de instabilidade atmosf\u00e9ricas mant\u00eam o c\u00e9u com muitas nuvens e ocorr\u00eancia de pancadas de chuva em \u00e1reas do Sudeste brasileiro. Em Minas Gerais o dia ser\u00e1 de [&hellip;]<\/p>\n","protected":false},"author":1,"featured_media":101017,"comment_status":"open","ping_status":"closed","sticky":false,"template":"","format":"standard","meta":{"amp_status":"","footnotes":""},"categories":[123],"tags":[125001,194,131,36891,1956,27340,125006,87017,125005,1839,125003,28255,125002,125004],"class_list":["post-101394","post","type-post","status-publish","format-standard","has-post-thumbnail","hentry","category-gerais","tag-8-de-novembro","tag-belo-horizonte","tag-minas-gerais","tag-nesta-terca-feira","tag-previsao-do-tempo","tag-previsao-do-tempo-para-belo-horizonte","tag-previsao-do-tempo-para-belo-horizonte-8-de-novembro","tag-previsao-do-tempo-para-belo-horizonte-nesta-terca-feira","tag-previsao-do-tempo-para-belo-horizonte-nesta-terca-feira-8-de-novembro","tag-previsao-do-tempo-para-minas-gerais","tag-previsao-do-tempo-para-minas-gerais-8-de-novembro","tag-previsao-do-tempo-para-minas-gerais-nesta-terca-feira","tag-previsao-do-tempo-para-minas-gerais-nesta-terca-feira-8-de-novembro","tag-terca-feira-8-de-novembro"],"_links":{"self":[{"href":"https:\/\/aconteceunovale.com.br\/portal\/index.php?rest_route=\/wp\/v2\/posts\/101394","targetHints":{"allow":["GET"]}}],"collection":[{"href":"https:\/\/aconteceunovale.com.br\/portal\/index.php?rest_route=\/wp\/v2\/posts"}],"about":[{"href":"https:\/\/aconteceunovale.com.br\/portal\/index.php?rest_route=\/wp\/v2\/types\/post"}],"author":[{"embeddable":true,"href":"https:\/\/aconteceunovale.com.br\/portal\/index.php?rest_route=\/wp\/v2\/users\/1"}],"replies":[{"embeddable":true,"href":"https:\/\/aconteceunovale.com.br\/portal\/index.php?rest_route=%2Fwp%2Fv2%2Fcomments&post=101394"}],"version-history":[{"count":0,"href":"https:\/\/aconteceunovale.com.br\/portal\/index.php?rest_route=\/wp\/v2\/posts\/101394\/revisions"}],"wp:featuredmedia":[{"embeddable":true,"href":"https:\/\/aconteceunovale.com.br\/portal\/index.php?rest_route=\/wp\/v2\/media\/101017"}],"wp:attachment":[{"href":"https:\/\/aconteceunovale.com.br\/portal\/index.php?rest_route=%2Fwp%2Fv2%2Fmedia&parent=101394"}],"wp:term":[{"taxonomy":"category","embeddable":true,"href":"https:\/\/aconteceunovale.com.br\/portal\/index.php?rest_route=%2Fwp%2Fv2%2Fcategories&post=101394"},{"taxonomy":"post_tag","embeddable":true,"href":"https:\/\/aconteceunovale.com.br\/portal\/index.php?rest_route=%2Fwp%2Fv2%2Ftags&post=101394"}],"curies":[{"name":"wp","href":"https:\/\/api.w.org\/{rel}","templated":true}]}}