{"id":101392,"date":"2016-11-08T06:46:06","date_gmt":"2016-11-08T09:46:06","guid":{"rendered":"http:\/\/aconteceunovale.com.br\/portal\/?p=101392"},"modified":"2016-11-08T06:46:06","modified_gmt":"2016-11-08T09:46:06","slug":"plantao-samu-macro-norte-terca-feira-08-de-novembro-de-2016","status":"publish","type":"post","link":"https:\/\/aconteceunovale.com.br\/portal\/?p=101392","title":{"rendered":"Plant\u00e3o Samu Macro Norte, ter\u00e7a-feira, 08 de novembro de 2016"},"content":{"rendered":"<h4><strong><em>Ter\u00e7a-feira, 08 de novembro de 2016 (6h do dia 07\/11 \u00e0s 6h do dia 08\/11)<\/em><\/strong><\/h4>\n<p>As unidades do SAMU realizaram 180 atendimentos em toda Macro Norte, 75 deles em Montes Claros. Foram 87 casos cl\u00ednicos, 19 acidentes de tr\u00e2nsito, 7 envolveram moto, 9 atendimentos psiqui\u00e1tricos, 7 pessoas  sofreram queda de pr\u00f3pria altura, 3 pessoas atendidas por agress\u00e3o e 1 pessoa ferida por arma branca, 8 atendimentos \u00e0 gestantes. <\/p>\n<p>Em Montes Claros foram 23 atendimentos cl\u00ednicos, 9 acidentes de tr\u00e2nsito, 5 envolvendo moto, 1 gestante atendida pelo SAMU, 3 pessoas sofreram queda de pr\u00f3pria altura e 4 atendimentos psiqui\u00e1tricos, 1 pessoa atendida por agress\u00e3o. At\u00e9 o momento do fechamento desse relat\u00f3rio nenhuma ocorr\u00eancia de tr\u00e2nsito em andamento. (Ascom Samu)<\/p>\n","protected":false},"excerpt":{"rendered":"<p>Ter\u00e7a-feira, 08 de novembro de 2016 (6h do dia 07\/11 \u00e0s 6h do dia 08\/11) As unidades do SAMU realizaram 180 atendimentos em toda Macro Norte, 75 deles em Montes Claros. Foram 87 casos cl\u00ednicos, 19 acidentes de tr\u00e2nsito, 7 envolveram moto, 9 atendimentos psiqui\u00e1tricos, 7 pessoas sofreram queda de pr\u00f3pria altura, 3 pessoas atendidas [&hellip;]<\/p>\n","protected":false},"author":1,"featured_media":100947,"comment_status":"open","ping_status":"closed","sticky":false,"template":"","format":"standard","meta":{"amp_status":"","footnotes":""},"categories":[1236],"tags":[124998,13996,210,120003,19864,13995,125000,123725,124999,84221],"class_list":["post-101392","post","type-post","status-publish","format-standard","has-post-thumbnail","hentry","category-norte_de_minas","tag-08-de-novembro-de-2016","tag-atendimentos-do-samu-em-montes-claros","tag-montes-claros","tag-ocorrencias-samu-montes-claros","tag-plantao-do-samu-em-montes-claros","tag-plantao-samu-macro-norte","tag-plantao-samu-macro-norte-08-de-novembro-de-2016","tag-plantao-samu-macro-norte-terca-feira","tag-plantao-samu-macro-norte-terca-feira-08-de-novembro-de-2016","tag-terca-feira"],"_links":{"self":[{"href":"https:\/\/aconteceunovale.com.br\/portal\/index.php?rest_route=\/wp\/v2\/posts\/101392","targetHints":{"allow":["GET"]}}],"collection":[{"href":"https:\/\/aconteceunovale.com.br\/portal\/index.php?rest_route=\/wp\/v2\/posts"}],"about":[{"href":"https:\/\/aconteceunovale.com.br\/portal\/index.php?rest_route=\/wp\/v2\/types\/post"}],"author":[{"embeddable":true,"href":"https:\/\/aconteceunovale.com.br\/portal\/index.php?rest_route=\/wp\/v2\/users\/1"}],"replies":[{"embeddable":true,"href":"https:\/\/aconteceunovale.com.br\/portal\/index.php?rest_route=%2Fwp%2Fv2%2Fcomments&post=101392"}],"version-history":[{"count":0,"href":"https:\/\/aconteceunovale.com.br\/portal\/index.php?rest_route=\/wp\/v2\/posts\/101392\/revisions"}],"wp:featuredmedia":[{"embeddable":true,"href":"https:\/\/aconteceunovale.com.br\/portal\/index.php?rest_route=\/wp\/v2\/media\/100947"}],"wp:attachment":[{"href":"https:\/\/aconteceunovale.com.br\/portal\/index.php?rest_route=%2Fwp%2Fv2%2Fmedia&parent=101392"}],"wp:term":[{"taxonomy":"category","embeddable":true,"href":"https:\/\/aconteceunovale.com.br\/portal\/index.php?rest_route=%2Fwp%2Fv2%2Fcategories&post=101392"},{"taxonomy":"post_tag","embeddable":true,"href":"https:\/\/aconteceunovale.com.br\/portal\/index.php?rest_route=%2Fwp%2Fv2%2Ftags&post=101392"}],"curies":[{"name":"wp","href":"https:\/\/api.w.org\/{rel}","templated":true}]}}