{"id":101382,"date":"2016-11-07T21:59:45","date_gmt":"2016-11-08T00:59:45","guid":{"rendered":"http:\/\/aconteceunovale.com.br\/portal\/?p=101382"},"modified":"2016-11-07T21:59:45","modified_gmt":"2016-11-08T00:59:45","slug":"numero-de-feriados-prolongados-em-2017-sera-o-maior-em-dez-anos-na-capital-mineira-2","status":"publish","type":"post","link":"https:\/\/aconteceunovale.com.br\/portal\/?p=101382","title":{"rendered":"N\u00famero de feriados prolongados em 2017 ser\u00e1 o maior em dez anos na Capital mineira"},"content":{"rendered":"<p>A Prefeitura de Belo Horizonte divulgou nesta segunda-feira (07\/11\/2016) as datas de recessos previstos para 2017. Isso porque o pr\u00f3ximo ano ter\u00e1 o maior n\u00famero de feriados registrado nos \u00faltimos dez anos.<\/p>\n<p>O comunicado foi publicado no Di\u00e1rio Oficial do Munic\u00edpio (DOM). Ao todo, ser\u00e3o 13 feriados, sendo seis deles em dias de ter\u00e7a-feira ou na quinta-feira. Per\u00edodo que deve favorecer reparti\u00e7\u00f5es p\u00fablicas a desfrutarem de folga prolongada. <\/p>\n<p>Acompanhe a tabela e programe-se: <\/p>\n<p><img decoding=\"async\" src=\"http:\/\/aconteceunovale.com.br\/portal\/wp-content\/uploads\/2016\/11\/feriados_bh_1.jpg\" alt=\"\" \/><br \/>\n<\/br><\/p>\n<p><em>(Com informa\u00e7\u00f5es da PBH e Hoje em Dia)<\/em><\/p>\n","protected":false},"excerpt":{"rendered":"<p>A Prefeitura de Belo Horizonte divulgou nesta segunda-feira (07\/11\/2016) as datas de recessos previstos para 2017. Isso porque o pr\u00f3ximo ano ter\u00e1 o maior n\u00famero de feriados registrado nos \u00faltimos dez anos. O comunicado foi publicado no Di\u00e1rio Oficial do Munic\u00edpio (DOM). Ao todo, ser\u00e3o 13 feriados, sendo seis deles em dias de ter\u00e7a-feira ou [&hellip;]<\/p>\n","protected":false},"author":1,"featured_media":101380,"comment_status":"open","ping_status":"closed","sticky":false,"template":"","format":"standard","meta":{"amp_status":"","footnotes":""},"categories":[123],"tags":[194,124984,124985,124979,124981,124980,124982,124983,124986,124987],"class_list":["post-101382","post","type-post","status-publish","format-standard","has-post-thumbnail","hentry","category-gerais","tag-belo-horizonte","tag-calendario-de-feriados-2017-em-belo-horizonte","tag-calendario-de-feriados-em-belo-horizonte","tag-feriados-2017-em-belo-horizonte","tag-feriados-em-belo-horizonte","tag-feriados-prolongados-2017-em-belo-horizonte","tag-lista-de-feriados-2017-belo-horizonte","tag-lista-de-feriados-em-belo-horizonte","tag-numero-de-feriados-prolongados-em-2017-e-o-maior-em-dez-anos-na-capital-mineira","tag-numero-de-feriados-prolongados-em-2017-sera-o-maior-em-dez-anos-na-capital-mineira"],"_links":{"self":[{"href":"https:\/\/aconteceunovale.com.br\/portal\/index.php?rest_route=\/wp\/v2\/posts\/101382","targetHints":{"allow":["GET"]}}],"collection":[{"href":"https:\/\/aconteceunovale.com.br\/portal\/index.php?rest_route=\/wp\/v2\/posts"}],"about":[{"href":"https:\/\/aconteceunovale.com.br\/portal\/index.php?rest_route=\/wp\/v2\/types\/post"}],"author":[{"embeddable":true,"href":"https:\/\/aconteceunovale.com.br\/portal\/index.php?rest_route=\/wp\/v2\/users\/1"}],"replies":[{"embeddable":true,"href":"https:\/\/aconteceunovale.com.br\/portal\/index.php?rest_route=%2Fwp%2Fv2%2Fcomments&post=101382"}],"version-history":[{"count":0,"href":"https:\/\/aconteceunovale.com.br\/portal\/index.php?rest_route=\/wp\/v2\/posts\/101382\/revisions"}],"wp:featuredmedia":[{"embeddable":true,"href":"https:\/\/aconteceunovale.com.br\/portal\/index.php?rest_route=\/wp\/v2\/media\/101380"}],"wp:attachment":[{"href":"https:\/\/aconteceunovale.com.br\/portal\/index.php?rest_route=%2Fwp%2Fv2%2Fmedia&parent=101382"}],"wp:term":[{"taxonomy":"category","embeddable":true,"href":"https:\/\/aconteceunovale.com.br\/portal\/index.php?rest_route=%2Fwp%2Fv2%2Fcategories&post=101382"},{"taxonomy":"post_tag","embeddable":true,"href":"https:\/\/aconteceunovale.com.br\/portal\/index.php?rest_route=%2Fwp%2Fv2%2Ftags&post=101382"}],"curies":[{"name":"wp","href":"https:\/\/api.w.org\/{rel}","templated":true}]}}