{"id":101376,"date":"2016-11-07T21:34:27","date_gmt":"2016-11-08T00:34:27","guid":{"rendered":"http:\/\/aconteceunovale.com.br\/portal\/?p=101376"},"modified":"2016-11-07T21:34:50","modified_gmt":"2016-11-08T00:34:50","slug":"minas-gerais-inaugura-rotas-aereas-ligando-bh-e-municipios-do-interior","status":"publish","type":"post","link":"https:\/\/aconteceunovale.com.br\/portal\/?p=101376","title":{"rendered":"Minas Gerais inaugura rotas a\u00e9reas ligando BH e munic\u00edpios do interior"},"content":{"rendered":"<p>O governo de Minas Gerais fez hoje (07\/11\/2016) dois voos inaugurais, interligando Belo Horizonte aos munic\u00edpios de Passos e Arax\u00e1. Na quarta-feira (2), foram inauguradas as rotas a\u00e9reas entre a capital mineira e mais tr\u00eas cidades do interior do estado: Lavras, Manhua\u00e7u e Pouso Alegre. As viagens s\u00e3o feitas em avi\u00e3o monomotor para at\u00e9 nove passageiros.<\/p>\n<p>Os novos voos fazem parte do Projeto de Integra\u00e7\u00e3o Regional \u2013 Modal A\u00e9reo (Pirma), desenvolvido e administrado pela Companhia de Desenvolvimento Econ\u00f4mico de Minas Gerais (Codemig), empresa p\u00fablica ligada \u00e0 Secretaria de Transportes e Obras P\u00fablicas de Minas Gerais. O objetivo \u00e9 promover o desenvolvimento econ\u00f4mico regionalizado, favorecer neg\u00f3cios e potencializar o turismo, aproveitando uma estrutura j\u00e1 existente. O estado tem 86 aer\u00f3dromos p\u00fablicos, muitos deles ociosos.<\/p>\n<p>A primeira etapa do projeto foi lan\u00e7ada em agosto, criando uma liga\u00e7\u00e3o a\u00e9rea direta entre Belo Horizonte e 12 munic\u00edpios do interior: S\u00e3o Jo\u00e3o del-Rei, Curvelo, Diamantina, Divin\u00f3polis, Juiz de Fora, Muria\u00e9, Patos de Minas, Ponte Nova, Te\u00f3filo Otoni, Ub\u00e1, Varginha e Vi\u00e7osa. Em Belo Horizonte, o projeto opera no Aeroporto da Pampulha.<\/p>\n<p>As vendas das passagens ocorrem pela internet, por meio da p\u00e1gina do projeto (<a href=\"http:\/\/www.voeminasgerais.com.br\/\" target=\"_blank\">www.voeminasgerais.com.br<\/a>). Os pre\u00e7os variam de acordo com a rota e v\u00e3o de R$100 a R$550. Entre 17 de agosto e 21 de outubro, o projeto ofereceu 350 voos. Segundo a Codemig, os destinos com maior procura neste per\u00edodo foram Te\u00f3filo Otoni, Vi\u00e7osa e S\u00e3o Jo\u00e3o del-Rei.<\/p>\n<p>Com a amplia\u00e7\u00e3o, agora s\u00e3o 17 cidades atendidas, al\u00e9m da capital mineira. A inclus\u00e3o dos novos munic\u00edpios n\u00e3o \u00e9 a \u00fanica novidade desta etapa do projeto. Os usu\u00e1rios poder\u00e3o agora fazer check-in online e escolher voos com escala. Se antes havia apenas viagens em que Belo Horizonte era a origem ou o destino, agora \u00e9 poss\u00edvel usar o Pirma para se deslocar entre duas cidades do interior. Al\u00e9m disso, o cliente dever\u00e1 criar uma conta de usu\u00e1rio, onde ter\u00e1 acesso ao seu hist\u00f3rico de compras e poder\u00e1 solicitar com mais facilidade reembolsos, reemiss\u00f5es, remarca\u00e7\u00f5es e cancelamentos.<\/p>\n<p>O transporte \u00e9 feito pela Two T\u00e1xi A\u00e9reo, empresa que venceu a licita\u00e7\u00e3o feita pelo estado. Por\u00e9m, o risco econ\u00f4mico \u00e9 da Codemig. A companhia espera que, a longo prazo, o mercado absorva todo o servi\u00e7o. Voos comerciais em avi\u00f5es monomotores s\u00e3o usados em alguns estados que integram a Amaz\u00f4nia Legal. <\/p>\n<p><img decoding=\"async\" src=\"http:\/\/aconteceunovale.com.br\/portal\/wp-content\/uploads\/2016\/11\/two_taxi_bh.jpg\" alt=\"\" \/><em>Transporte \u00e9 feito pela Two T\u00e1xi A\u00e9reo (Foto: Reprodu\u00e7\u00e3o\/Site Tudo Viagem)<\/em><br \/>\n<\/br><\/p>\n<p>(Ag\u00eancia Brasil)<\/p>\n","protected":false},"excerpt":{"rendered":"<p>O governo de Minas Gerais fez hoje (07\/11\/2016) dois voos inaugurais, interligando Belo Horizonte aos munic\u00edpios de Passos e Arax\u00e1. Na quarta-feira (2), foram inauguradas as rotas a\u00e9reas entre a capital mineira e mais tr\u00eas cidades do interior do estado: Lavras, Manhua\u00e7u e Pouso Alegre. As viagens s\u00e3o feitas em avi\u00e3o monomotor para at\u00e9 nove [&hellip;]<\/p>\n","protected":false},"author":1,"featured_media":101377,"comment_status":"open","ping_status":"closed","sticky":false,"template":"","format":"standard","meta":{"amp_status":"","footnotes":""},"categories":[123],"tags":[77881,1504,27549,194,28355,124977,124978,197,1018,198,199,206,207,209,131,124972,124971,1502,124975,213,214,105855,217,216,124973,218,124976,164,105857,219,223,18771,124974],"class_list":["post-101376","post","type-post","status-publish","format-standard","has-post-thumbnail","hentry","category-gerais","tag-aeroporto-da-pampulha","tag-araxa","tag-aviacao","tag-belo-horizonte","tag-codemig","tag-comprar-passagens-pirma","tag-comprar-passagens-voe-minas-gerais","tag-curvelo","tag-destaque","tag-diamantina","tag-divinopolis","tag-juiz-de-fora","tag-lavras","tag-manhuacu","tag-minas-gerais","tag-minas-gerais-inaugura-rotas-aereas-ligando-bh-e-municipios-do-interior","tag-minas-gerais-inaugura-rotas-aereas-ligando-bh-e-municipios-do-interior-do-estado","tag-muriae","tag-pagina-voe-minas-gerais","tag-passos","tag-patos-de-minas","tag-pirma","tag-ponte-nova","tag-pouso-alegre","tag-projeto-de-integracao-regional-modal-aereo","tag-sao-joao-del-rei","tag-site-voe-minas-gerais","tag-teofilo-otoni","tag-two-taxi-aereo","tag-uba","tag-varginha","tag-vicosa","tag-voe-minas-gerais"],"_links":{"self":[{"href":"https:\/\/aconteceunovale.com.br\/portal\/index.php?rest_route=\/wp\/v2\/posts\/101376","targetHints":{"allow":["GET"]}}],"collection":[{"href":"https:\/\/aconteceunovale.com.br\/portal\/index.php?rest_route=\/wp\/v2\/posts"}],"about":[{"href":"https:\/\/aconteceunovale.com.br\/portal\/index.php?rest_route=\/wp\/v2\/types\/post"}],"author":[{"embeddable":true,"href":"https:\/\/aconteceunovale.com.br\/portal\/index.php?rest_route=\/wp\/v2\/users\/1"}],"replies":[{"embeddable":true,"href":"https:\/\/aconteceunovale.com.br\/portal\/index.php?rest_route=%2Fwp%2Fv2%2Fcomments&post=101376"}],"version-history":[{"count":0,"href":"https:\/\/aconteceunovale.com.br\/portal\/index.php?rest_route=\/wp\/v2\/posts\/101376\/revisions"}],"wp:featuredmedia":[{"embeddable":true,"href":"https:\/\/aconteceunovale.com.br\/portal\/index.php?rest_route=\/wp\/v2\/media\/101377"}],"wp:attachment":[{"href":"https:\/\/aconteceunovale.com.br\/portal\/index.php?rest_route=%2Fwp%2Fv2%2Fmedia&parent=101376"}],"wp:term":[{"taxonomy":"category","embeddable":true,"href":"https:\/\/aconteceunovale.com.br\/portal\/index.php?rest_route=%2Fwp%2Fv2%2Fcategories&post=101376"},{"taxonomy":"post_tag","embeddable":true,"href":"https:\/\/aconteceunovale.com.br\/portal\/index.php?rest_route=%2Fwp%2Fv2%2Ftags&post=101376"}],"curies":[{"name":"wp","href":"https:\/\/api.w.org\/{rel}","templated":true}]}}