{"id":101372,"date":"2016-11-07T21:03:35","date_gmt":"2016-11-08T00:03:35","guid":{"rendered":"http:\/\/aconteceunovale.com.br\/portal\/?p=101372"},"modified":"2016-11-07T21:03:35","modified_gmt":"2016-11-08T00:03:35","slug":"medalha-santos-dumont-tera-112-agraciados-em-2016","status":"publish","type":"post","link":"https:\/\/aconteceunovale.com.br\/portal\/?p=101372","title":{"rendered":"Medalha Santos Dumont ter\u00e1 112 agraciados em 2016"},"content":{"rendered":"<p>Personalidades com atua\u00e7\u00e3o de destaque, em favor da sociedade civil, em Minas e no Brasil, e representantes dos poderes Executivo, Legislativo e Judici\u00e1rio est\u00e3o entre os grandes homenageados da Medalha Santos Dumont deste ano. A entrega da honraria est\u00e1 agendada para esta ter\u00e7a-feira (8\/11\/2016), \u00e0s 11h, na Fazenda Cabangu, no munic\u00edpio de Santos Dumont, no Territ\u00f3rio Mata. Na cerim\u00f4nia, que ser\u00e1 presidida pelo governador Fernando Pimentel, ser\u00e3o 112 agraciados, sendo 111 personalidades e uma entidade.<\/p>\n<p>Criada em 1956, a medalha \u00e9 concedida em quatro graus: Grande Colar, Ouro, Prata e Bronze. A honraria surgiu para comemorar os cinquenta anos do primeiro voo do brasileiro Alberto Santos Dumont em uma aeronave mais pesada que o ar &#8211; o 14-Bis -, em outubro de 1906, em Paris (Fran\u00e7a).  Em 2016, a comenda chega \u00e0 sua 60\u00aa edi\u00e7\u00e3o, mais uma vez com realiza\u00e7\u00e3o na Fazenda Cabangu, local onde nasceu o inventor do avi\u00e3o. <\/p>\n<p><embed src=\"http:\/\/agenciaminas.mg.gov.br\/ckeditor_assets\/attachments\/1946\/agraciados_2016.pdf\" width=\"600\" height=\"800\"><br \/>\n<\/br><\/p>\n<p>(Ag\u00eancia Minas)<\/p>\n","protected":false},"excerpt":{"rendered":"<p>Personalidades com atua\u00e7\u00e3o de destaque, em favor da sociedade civil, em Minas e no Brasil, e representantes dos poderes Executivo, Legislativo e Judici\u00e1rio est\u00e3o entre os grandes homenageados da Medalha Santos Dumont deste ano. A entrega da honraria est\u00e1 agendada para esta ter\u00e7a-feira (8\/11\/2016), \u00e0s 11h, na Fazenda Cabangu, no munic\u00edpio de Santos Dumont, no [&hellip;]<\/p>\n","protected":false},"author":1,"featured_media":101373,"comment_status":"open","ping_status":"closed","sticky":false,"template":"","format":"standard","meta":{"amp_status":"","footnotes":""},"categories":[123],"tags":[124963,124964,12826,124965,124966,29798,124960,124959,124967,124968,124961,124962,124969,1530],"class_list":["post-101372","post","type-post","status-publish","format-standard","has-post-thumbnail","hentry","category-gerais","tag-agraciados-com-a-medalha-santos-dumont","tag-agraciados-com-a-medalha-santos-dumont-2016","tag-fernando-pimentel","tag-ganhadores-da-medalha-santos-dumont","tag-ganhadores-da-medalha-santos-dumont-2016","tag-governador-fernando-pimentel","tag-homenageados-da-medalha-santos-dumont","tag-homenageados-da-medalha-santos-dumont-2016","tag-lista-de-agraciados-medalha-santos-dumont","tag-lista-de-agraciados-medalha-santos-dumont-2016","tag-medalha-santos-dumont","tag-medalha-santos-dumont-2016","tag-medalha-santos-dumont-tera-112-agraciados-em-2016","tag-santos-dumont"],"_links":{"self":[{"href":"https:\/\/aconteceunovale.com.br\/portal\/index.php?rest_route=\/wp\/v2\/posts\/101372","targetHints":{"allow":["GET"]}}],"collection":[{"href":"https:\/\/aconteceunovale.com.br\/portal\/index.php?rest_route=\/wp\/v2\/posts"}],"about":[{"href":"https:\/\/aconteceunovale.com.br\/portal\/index.php?rest_route=\/wp\/v2\/types\/post"}],"author":[{"embeddable":true,"href":"https:\/\/aconteceunovale.com.br\/portal\/index.php?rest_route=\/wp\/v2\/users\/1"}],"replies":[{"embeddable":true,"href":"https:\/\/aconteceunovale.com.br\/portal\/index.php?rest_route=%2Fwp%2Fv2%2Fcomments&post=101372"}],"version-history":[{"count":0,"href":"https:\/\/aconteceunovale.com.br\/portal\/index.php?rest_route=\/wp\/v2\/posts\/101372\/revisions"}],"wp:featuredmedia":[{"embeddable":true,"href":"https:\/\/aconteceunovale.com.br\/portal\/index.php?rest_route=\/wp\/v2\/media\/101373"}],"wp:attachment":[{"href":"https:\/\/aconteceunovale.com.br\/portal\/index.php?rest_route=%2Fwp%2Fv2%2Fmedia&parent=101372"}],"wp:term":[{"taxonomy":"category","embeddable":true,"href":"https:\/\/aconteceunovale.com.br\/portal\/index.php?rest_route=%2Fwp%2Fv2%2Fcategories&post=101372"},{"taxonomy":"post_tag","embeddable":true,"href":"https:\/\/aconteceunovale.com.br\/portal\/index.php?rest_route=%2Fwp%2Fv2%2Ftags&post=101372"}],"curies":[{"name":"wp","href":"https:\/\/api.w.org\/{rel}","templated":true}]}}