{"id":101363,"date":"2016-11-07T19:38:24","date_gmt":"2016-11-07T22:38:24","guid":{"rendered":"http:\/\/aconteceunovale.com.br\/portal\/?p=101363"},"modified":"2016-11-07T19:38:24","modified_gmt":"2016-11-07T22:38:24","slug":"camara-de-governador-valadares-remarca-julgamento-de-vereadores-afastados-na-operacao-mar-de-lama","status":"publish","type":"post","link":"https:\/\/aconteceunovale.com.br\/portal\/?p=101363","title":{"rendered":"C\u00e2mara de Governador Valadares remarca julgamento de vereadores afastados na Opera\u00e7\u00e3o Mar de Lama"},"content":{"rendered":"<p>Foi adiado o julgamento de vereadores afastados na Opera\u00e7\u00e3o Mar de Lama, em Governador Valadares (MG), que estava previsto para esta segunda-feira (07\/11\/2016). De acordo com o cronograma divulgado pela C\u00e2mara, seriam julgados Jos\u00e9 Iderlan (PPS) e Is\u00e1 Batista (PMN). O julgamento de Is\u00e1 ser\u00e1 remarcado e Jos\u00e9 Iderlan conseguiu uma decis\u00e3o na Justi\u00e7a interrompendo o processo dele.<\/p>\n<p>Segundo a assessoria da C\u00e2mara, o procedimento foi adiado porque os trabalhos de julgamento da Comiss\u00e3o de \u00c9tica e Decoro Parlamentar deveriam ter sido anunciados como &#8216;ordem do dia&#8217; na \u00faltima sexta-feira (4), por\u00e9m neste dia n\u00e3o houve reuni\u00e3o ordin\u00e1ria devido ao falecimento da esposa de um funcion\u00e1rio da casa.<\/p>\n<p>Ainda de acordo a assessoria, haver\u00e1 reuni\u00e3o nesta segunda-feira, por\u00e9m os julgamentos come\u00e7ar\u00e3o a partir desta ter\u00e7a-feira, mantendo o cronograma que estava previsto.<\/p>\n<p><strong>Confira o cronograma:<\/strong><br \/>\n&#8211; 08\/11: Adauto Carteiro e Chiquinho<br \/>\n&#8211; 09\/11: Leonardo Gl\u00f3ria e Milvinho<br \/>\n&#8211; 10\/11: Geovanne Hon\u00f3rio e Ananias Camel\u00f4<br \/>\n&#8211; 11\/11: Sezary Alvarenga e Ricardo Assun\u00e7\u00e3o<\/p>\n<p><img decoding=\"async\" src=\"http:\/\/aconteceunovale.com.br\/portal\/wp-content\/uploads\/2015\/08\/camara_gv.jpg\" alt=\"\" \/><em>Julgamentos na C\u00e2mara Municipal devem come\u00e7ar nessa ter\u00e7a-feira (Divulga\u00e7\u00e3o)<\/em><br \/>\n<\/br><\/p>\n<p><em>(G1 dos Vales)<\/em><\/p>\n","protected":false},"excerpt":{"rendered":"<p>Foi adiado o julgamento de vereadores afastados na Opera\u00e7\u00e3o Mar de Lama, em Governador Valadares (MG), que estava previsto para esta segunda-feira (07\/11\/2016). De acordo com o cronograma divulgado pela C\u00e2mara, seriam julgados Jos\u00e9 Iderlan (PPS) e Is\u00e1 Batista (PMN). O julgamento de Is\u00e1 ser\u00e1 remarcado e Jos\u00e9 Iderlan conseguiu uma decis\u00e3o na Justi\u00e7a interrompendo [&hellip;]<\/p>\n","protected":false},"author":1,"featured_media":65931,"comment_status":"open","ping_status":"closed","sticky":false,"template":"","format":"standard","meta":{"amp_status":"","footnotes":""},"categories":[121],"tags":[247,124938,124943,124939,124942,124940,124941,124944,121458],"class_list":["post-101363","post","type-post","status-publish","format-standard","has-post-thumbnail","hentry","category-leste","tag-governador-valadares","tag-julgamento-de-adauto-carteiro","tag-julgamento-de-ananias-camelo","tag-julgamento-de-chiquinho","tag-julgamento-de-geovanne-honorio","tag-julgamento-de-leonardo-gloria","tag-julgamento-de-milvinho","tag-julgamento-de-sezary-alvarenga","tag-julgamento-de-vereadores-em-governador-valadares"],"_links":{"self":[{"href":"https:\/\/aconteceunovale.com.br\/portal\/index.php?rest_route=\/wp\/v2\/posts\/101363","targetHints":{"allow":["GET"]}}],"collection":[{"href":"https:\/\/aconteceunovale.com.br\/portal\/index.php?rest_route=\/wp\/v2\/posts"}],"about":[{"href":"https:\/\/aconteceunovale.com.br\/portal\/index.php?rest_route=\/wp\/v2\/types\/post"}],"author":[{"embeddable":true,"href":"https:\/\/aconteceunovale.com.br\/portal\/index.php?rest_route=\/wp\/v2\/users\/1"}],"replies":[{"embeddable":true,"href":"https:\/\/aconteceunovale.com.br\/portal\/index.php?rest_route=%2Fwp%2Fv2%2Fcomments&post=101363"}],"version-history":[{"count":0,"href":"https:\/\/aconteceunovale.com.br\/portal\/index.php?rest_route=\/wp\/v2\/posts\/101363\/revisions"}],"wp:featuredmedia":[{"embeddable":true,"href":"https:\/\/aconteceunovale.com.br\/portal\/index.php?rest_route=\/wp\/v2\/media\/65931"}],"wp:attachment":[{"href":"https:\/\/aconteceunovale.com.br\/portal\/index.php?rest_route=%2Fwp%2Fv2%2Fmedia&parent=101363"}],"wp:term":[{"taxonomy":"category","embeddable":true,"href":"https:\/\/aconteceunovale.com.br\/portal\/index.php?rest_route=%2Fwp%2Fv2%2Fcategories&post=101363"},{"taxonomy":"post_tag","embeddable":true,"href":"https:\/\/aconteceunovale.com.br\/portal\/index.php?rest_route=%2Fwp%2Fv2%2Ftags&post=101363"}],"curies":[{"name":"wp","href":"https:\/\/api.w.org\/{rel}","templated":true}]}}