{"id":101360,"date":"2016-11-07T19:28:28","date_gmt":"2016-11-07T22:28:28","guid":{"rendered":"http:\/\/aconteceunovale.com.br\/portal\/?p=101360"},"modified":"2016-11-07T19:28:28","modified_gmt":"2016-11-07T22:28:28","slug":"policia-militar-vai-apertar-a-fiscalizacao-em-veiculos-com-som-alto-nos-vales-do-jequitinhonha-mucuri-e-sao-mateus","status":"publish","type":"post","link":"https:\/\/aconteceunovale.com.br\/portal\/?p=101360","title":{"rendered":"Pol\u00edcia Militar vai apertar a fiscaliza\u00e7\u00e3o em ve\u00edculos com som alto nos Vales do Jequitinhonha, Mucuri e S\u00e3o Mateus"},"content":{"rendered":"<p>A Pol\u00edcia Militar vai apertar a fiscaliza\u00e7\u00e3o em ve\u00edculos com som alto nos 60 munic\u00edpios dos Vales do Jequitinhonha, Mucuri e S\u00e3o Mateus, sob responsabilidade da 15\u00aa Regi\u00e3o da Pol\u00edcia Militar, com sede em Te\u00f3filo Otoni (MG). A informa\u00e7\u00e3o foi divulgada pelo comandante Coronel Aroldo Pinheiro de Ara\u00fajo.<\/p>\n<p>Atrav\u00e9s de nota, ele garante que a pol\u00edcia efetuar\u00e1 fiscaliza\u00e7\u00f5es rotineiras nos ve\u00edculos no tocante ao uso de som alto em todas as vias existentes nos  munic\u00edpios sob responsabilidade territorial do Comando.<\/p>\n<p>No \u00faltimo dia 21 de outubro, foi publicado pelo Conselho Nacional de Tr\u00e2nsito (CONTRAN), a Resolu\u00e7\u00e3o n\u00ba 624, que regulamenta a fiscaliza\u00e7\u00e3o de sons produzidos por equipamentos utilizados em ve\u00edculos, a que se refere o artigo  228, do C\u00f3digo de Tr\u00e2nsito Brasileiro (CTB).<\/p>\n<p>A novidade  na legisla\u00e7\u00e3o \u00e9  que n\u00e3o h\u00e1 mais necessidade de se utilizar o decibel\u00edmetro (medidor de n\u00edvel de press\u00e3o sonora) para a constata\u00e7\u00e3o da infra\u00e7\u00e3o do artigo 228 do CTB, bastando ao policial, registrar as observa\u00e7\u00f5es e a forma da constata\u00e7\u00e3o da infra\u00e7\u00e3o,  em campo pr\u00f3prio no auto de infra\u00e7\u00e3o de tr\u00e2nsito.<\/p>\n<p><strong>A Resolu\u00e7\u00e3o traz as seguintes considera\u00e7\u00f5es:<\/strong><\/p>\n<p>&#8211; Fica proibida a utiliza\u00e7\u00e3o, em ve\u00edculos de qualquer esp\u00e9cie, de equipamento que produza som aud\u00edvel pelo lado externo, independentemente do volume ou frequ\u00eancia, que perturbe o sossego p\u00fablico, nas vias terrestres abertas a circula\u00e7\u00e3o. A inobserv\u00e2ncia do disposto na resolu\u00e7\u00e3o constitui infra\u00e7\u00e3o de tr\u00e2nsito prevista no artigo 228 do CTB.<\/p>\n<p>&#8211; A infra\u00e7\u00e3o \u00e9 de natureza grave, com previs\u00e3o de 5 pontos, penalidade multa, no valor de R$195,23, medida administrativa reten\u00e7\u00e3o para sanar a irregularidade, podendo haver a constata\u00e7\u00e3o sem a abordagem.<\/p>\n<p>H\u00e1 de se ressaltar que se excetuam do disposto na resolu\u00e7\u00e3o os ru\u00eddos produzidos por:<\/p>\n<p>&#8211; Buzinas, alarmes, sinalizadores de marcha a r\u00e9, sirenes, pelo motor e demais componentes obrigat\u00f3rios do pr\u00f3prio ve\u00edculo;<\/p>\n<p>&#8211; Ve\u00edculos prestadores de servi\u00e7o com emiss\u00e3o sonora de publicidade, divulga\u00e7\u00e3o, entretenimento e comunica\u00e7\u00e3o, desde que estejam portando autoriza\u00e7\u00e3o emitida pelo \u00f3rg\u00e3o ou entidade local competente;<\/p>\n<p>&#8211; Ve\u00edculos de competi\u00e7\u00e3o e os de entretenimento p\u00fablico, somente nos locais de competi\u00e7\u00e3o ou de apresenta\u00e7\u00e3o devidamente estabelecidos e permitidos pelas autoridades competentes.<\/p>\n<p><img decoding=\"async\" src=\"http:\/\/aconteceunovale.com.br\/portal\/wp-content\/uploads\/2016\/11\/som_alto.jpg\" alt=\"\" \/><em>PM realizar\u00e1 fiscaliza\u00e7\u00f5es rotineiras (Foto: Reprodu\u00e7\u00e3o\/Gazeta de Ara\u00e7ua\u00ed)<\/em><br \/>\n<\/br><\/p>\n<p><em>(Via Gazeta de Ara\u00e7ua\u00ed)<\/em><\/p>\n","protected":false},"excerpt":{"rendered":"<p>A Pol\u00edcia Militar vai apertar a fiscaliza\u00e7\u00e3o em ve\u00edculos com som alto nos 60 munic\u00edpios dos Vales do Jequitinhonha, Mucuri e S\u00e3o Mateus, sob responsabilidade da 15\u00aa Regi\u00e3o da Pol\u00edcia Militar, com sede em Te\u00f3filo Otoni (MG). A informa\u00e7\u00e3o foi divulgada pelo comandante Coronel Aroldo Pinheiro de Ara\u00fajo. Atrav\u00e9s de nota, ele garante que a [&hellip;]<\/p>\n","protected":false},"author":1,"featured_media":101361,"comment_status":"open","ping_status":"closed","sticky":false,"template":"","format":"standard","meta":{"amp_status":"","footnotes":""},"categories":[120,122],"tags":[124933,48959,31722,48384,51933,124931,92462,92464,121530,124935,124934,124930,124932,164],"class_list":["post-101360","post","type-post","status-publish","format-standard","has-post-thumbnail","hentry","category-jequi","category-mucuri","tag-15a-regiao-da-policia-militar","tag-aroldo-pinheiro-de-araujo","tag-codigo-de-transito-brasileiro","tag-coronel-aroldo-pinheiro-de-araujo","tag-ctb","tag-mucuri-e-sao-mateus","tag-mudancas-codigo-de-transito-brasileiro","tag-mudancas-ctb","tag-multa-para-som-alto","tag-nova-legislacao-para-som-alto","tag-novas-regras-pra-som-alto","tag-policia-militar-vai-apertar-a-fiscalizacao-em-veiculos-com-som-alto-nos-vales-do-jequitinhonha","tag-policia-militar-vai-apertar-a-fiscalizacao-em-veiculos-com-som-alto-nos-vales-do-jequitinhonha-mucuri-e-sao-mateus","tag-teofilo-otoni"],"_links":{"self":[{"href":"https:\/\/aconteceunovale.com.br\/portal\/index.php?rest_route=\/wp\/v2\/posts\/101360","targetHints":{"allow":["GET"]}}],"collection":[{"href":"https:\/\/aconteceunovale.com.br\/portal\/index.php?rest_route=\/wp\/v2\/posts"}],"about":[{"href":"https:\/\/aconteceunovale.com.br\/portal\/index.php?rest_route=\/wp\/v2\/types\/post"}],"author":[{"embeddable":true,"href":"https:\/\/aconteceunovale.com.br\/portal\/index.php?rest_route=\/wp\/v2\/users\/1"}],"replies":[{"embeddable":true,"href":"https:\/\/aconteceunovale.com.br\/portal\/index.php?rest_route=%2Fwp%2Fv2%2Fcomments&post=101360"}],"version-history":[{"count":0,"href":"https:\/\/aconteceunovale.com.br\/portal\/index.php?rest_route=\/wp\/v2\/posts\/101360\/revisions"}],"wp:featuredmedia":[{"embeddable":true,"href":"https:\/\/aconteceunovale.com.br\/portal\/index.php?rest_route=\/wp\/v2\/media\/101361"}],"wp:attachment":[{"href":"https:\/\/aconteceunovale.com.br\/portal\/index.php?rest_route=%2Fwp%2Fv2%2Fmedia&parent=101360"}],"wp:term":[{"taxonomy":"category","embeddable":true,"href":"https:\/\/aconteceunovale.com.br\/portal\/index.php?rest_route=%2Fwp%2Fv2%2Fcategories&post=101360"},{"taxonomy":"post_tag","embeddable":true,"href":"https:\/\/aconteceunovale.com.br\/portal\/index.php?rest_route=%2Fwp%2Fv2%2Ftags&post=101360"}],"curies":[{"name":"wp","href":"https:\/\/api.w.org\/{rel}","templated":true}]}}