{"id":101344,"date":"2016-11-07T17:35:20","date_gmt":"2016-11-07T20:35:20","guid":{"rendered":"http:\/\/aconteceunovale.com.br\/portal\/?p=101344"},"modified":"2016-11-07T17:35:20","modified_gmt":"2016-11-07T20:35:20","slug":"padre-fabio-de-melo-revela-que-pulava-muro-do-seminario-para-namorar","status":"publish","type":"post","link":"https:\/\/aconteceunovale.com.br\/portal\/?p=101344","title":{"rendered":"Padre F\u00e1bio de Melo revela que pulava muro do semin\u00e1rio para &#8216;namorar&#8217;"},"content":{"rendered":"<p>Participando do programa Caldeir\u00e3o do Huck no \u00faltimo s\u00e1bado (05\/11\/2016), o padre F\u00e1bio de Melo fez uma revela\u00e7\u00e3o, no m\u00ednimo, surpreendente. O religioso contou que pulava o muro na \u00e9poca de semin\u00e1rio para namorar. &#8220;Namorei muito durante o semin\u00e1rio, pulava o muro mesmo. Fiquei padre aos 31 anos. Estudei 16 anos para isso&#8221;, disse ao apresentador Luciano Huck.<\/p>\n<p>O Padre F\u00e1bio de Melo foi o convidado do quadro &#8220;Visitando o Passado&#8221;, que relembrou sua antiga sala de aula em Formiga, no interior de Minas Gerais. O padre, que achava que tinha ido ao programa apenas para cantar, se emocionou ao rever o ambiente escolar e ao encontrar o seu irm\u00e3o, Camilo, que cuida da sua m\u00e3e de 79 anos.<\/p>\n<p>&#8220;Isto aqui me toca muito porque foi o que mudou a minha vida. Sempre me comovo muito com a oportunidade que tive de estudar por ter vindo de uma fam\u00edlia simples em que meus irm\u00e3os n\u00e3o tiveram a mesma oportunidade que eu. Tudo come\u00e7ou aqui&#8221;, falou o padre.<\/p>\n<p><img decoding=\"async\" src=\"http:\/\/aconteceunovale.com.br\/portal\/wp-content\/uploads\/2016\/11\/padre_fabio.jpg\" alt=\"\" \/><em>Padre F\u00e1bio de Melo participou do Caldeir\u00e3o do Huck (Reprodu\u00e7\u00e3o\/Globo)<\/em><br \/>\n<\/br><\/p>\n<p><em>(Fonte: Ag\u00eancia Estado)<\/em><\/p>\n","protected":false},"excerpt":{"rendered":"<p>Participando do programa Caldeir\u00e3o do Huck no \u00faltimo s\u00e1bado (05\/11\/2016), o padre F\u00e1bio de Melo fez uma revela\u00e7\u00e3o, no m\u00ednimo, surpreendente. O religioso contou que pulava o muro na \u00e9poca de semin\u00e1rio para namorar. &#8220;Namorei muito durante o semin\u00e1rio, pulava o muro mesmo. Fiquei padre aos 31 anos. Estudei 16 anos para isso&#8221;, disse ao [&hellip;]<\/p>\n","protected":false},"author":1,"featured_media":101346,"comment_status":"open","ping_status":"closed","sticky":false,"template":"","format":"standard","meta":{"amp_status":"","footnotes":""},"categories":[6],"tags":[124922,124921,124924,124925,124923,124926],"class_list":["post-101344","post","type-post","status-publish","format-standard","has-post-thumbnail","hentry","category-br","tag-fabio-de-melo","tag-padre-fabio-de-melo","tag-padre-fabio-de-melo-no-caldeirao","tag-padre-fabio-de-melo-no-caldeirao-do-huck","tag-padre-fabio-de-melo-pulava-o-muro-do-seminario-para-namorar","tag-padre-fabio-de-melo-revela-que-pulava-muro-do-seminario-para-namorar"],"_links":{"self":[{"href":"https:\/\/aconteceunovale.com.br\/portal\/index.php?rest_route=\/wp\/v2\/posts\/101344","targetHints":{"allow":["GET"]}}],"collection":[{"href":"https:\/\/aconteceunovale.com.br\/portal\/index.php?rest_route=\/wp\/v2\/posts"}],"about":[{"href":"https:\/\/aconteceunovale.com.br\/portal\/index.php?rest_route=\/wp\/v2\/types\/post"}],"author":[{"embeddable":true,"href":"https:\/\/aconteceunovale.com.br\/portal\/index.php?rest_route=\/wp\/v2\/users\/1"}],"replies":[{"embeddable":true,"href":"https:\/\/aconteceunovale.com.br\/portal\/index.php?rest_route=%2Fwp%2Fv2%2Fcomments&post=101344"}],"version-history":[{"count":0,"href":"https:\/\/aconteceunovale.com.br\/portal\/index.php?rest_route=\/wp\/v2\/posts\/101344\/revisions"}],"wp:featuredmedia":[{"embeddable":true,"href":"https:\/\/aconteceunovale.com.br\/portal\/index.php?rest_route=\/wp\/v2\/media\/101346"}],"wp:attachment":[{"href":"https:\/\/aconteceunovale.com.br\/portal\/index.php?rest_route=%2Fwp%2Fv2%2Fmedia&parent=101344"}],"wp:term":[{"taxonomy":"category","embeddable":true,"href":"https:\/\/aconteceunovale.com.br\/portal\/index.php?rest_route=%2Fwp%2Fv2%2Fcategories&post=101344"},{"taxonomy":"post_tag","embeddable":true,"href":"https:\/\/aconteceunovale.com.br\/portal\/index.php?rest_route=%2Fwp%2Fv2%2Ftags&post=101344"}],"curies":[{"name":"wp","href":"https:\/\/api.w.org\/{rel}","templated":true}]}}