{"id":101340,"date":"2016-11-07T17:26:20","date_gmt":"2016-11-07T20:26:20","guid":{"rendered":"http:\/\/aconteceunovale.com.br\/portal\/?p=101340"},"modified":"2016-11-07T17:28:49","modified_gmt":"2016-11-07T20:28:49","slug":"crianca-de-seis-meses-morre-asfixiada-por-cortinado-de-berco-em-governador-valadares","status":"publish","type":"post","link":"https:\/\/aconteceunovale.com.br\/portal\/?p=101340","title":{"rendered":"Crian\u00e7a de seis meses morre asfixiada por cortinado de ber\u00e7o em Governador Valadares"},"content":{"rendered":"<p>Uma crian\u00e7a de apenas 6 meses morreu asfixiada por um cortinado de ber\u00e7o, em Governador Valadares, na regi\u00e3o do Rio Doce, nesse domingo (06\/11\/2016). Em conversa com a Pol\u00edcia Militar, a m\u00e3e de Melissa Ven\u00e2ncio Gomes contou que, por volta das 21h30 de s\u00e1bado (5), colocou sua filha para dormir de bru\u00e7os, coberta com uma manta, e foi para o outro quarto da resid\u00eancia, localizada no bairro Sert\u00e3o do Rio Doce II.<\/p>\n<p>Durante a madrugada, a jovem de 29 anos afirmou que n\u00e3o escutou nenhum choro. Na manh\u00e3 do domingo, ao ir acordar a garotinha, a dona de casa percebeu que ela estava com o rosto coberto com o mosqueteiro e com o corpo gelado. A mulher ainda tentou tirar o cortinado, mas n\u00e3o conseguiu, uma vez que um peda\u00e7o dele estava muito enrolado no pesco\u00e7o da v\u00edtima.<\/p>\n<p>O Corpo de Bombeiros chegou a ser acionado, mas j\u00e1 encontrou o beb\u00ea sem vida. A m\u00e3e tamb\u00e9m explicou que, ao deixar a filha no ber\u00e7o, o cortinado estava completamente estendido e sem amarras ou n\u00f3s que pudessem ser alcan\u00e7ados pela menina. Ela e o pai da menor foram conduzidos \u00e0 delegacia para prestarem esclarecimentos. Segundo a Pol\u00edcia Civil, eles foram ouvidos e liberados.<\/p>\n<p><strong>Alerta<\/strong><\/p>\n<p>Conforme a tenente Andr\u00e9a Martins, da assessoria de imprensa do Corpo de Bombeiros de Belo Horizonte, pais e respons\u00e1veis  devem tomar alguns cuidados.<\/p>\n<p>\u201cOrientamos que esses protetores de ber\u00e7o sejam evitados, assim como almofadas dentro dos ber\u00e7os. Outro ponto importante \u00e9 realizar a vigil\u00e2ncia constante das crian\u00e7as\u201d, disse.<\/p>\n<p><em>(Fonte: O Tempo)<\/em><\/p>\n","protected":false},"excerpt":{"rendered":"<p>Uma crian\u00e7a de apenas 6 meses morreu asfixiada por um cortinado de ber\u00e7o, em Governador Valadares, na regi\u00e3o do Rio Doce, nesse domingo (06\/11\/2016). Em conversa com a Pol\u00edcia Militar, a m\u00e3e de Melissa Ven\u00e2ncio Gomes contou que, por volta das 21h30 de s\u00e1bado (5), colocou sua filha para dormir de bru\u00e7os, coberta com uma [&hellip;]<\/p>\n","protected":false},"author":1,"featured_media":101341,"comment_status":"open","ping_status":"closed","sticky":false,"template":"","format":"standard","meta":{"amp_status":"","footnotes":""},"categories":[121],"tags":[124918,124917,124915,124920,247,124919,124916],"class_list":["post-101340","post","type-post","status-publish","format-standard","has-post-thumbnail","hentry","category-leste","tag-asfixiada-por-um-cortinado-de-berco","tag-asfixiada-por-um-cortinado-de-berco-em-governador-valadares","tag-crianca-asfixiada-em-governador-valadares","tag-crianca-de-seis-meses-morre-asfixiada-por-cortinado-de-berco-em-governador-valadares","tag-governador-valadares","tag-melissa-venancio-gomes","tag-morte-de-crianca-asfixiada-em-governador-valadares"],"_links":{"self":[{"href":"https:\/\/aconteceunovale.com.br\/portal\/index.php?rest_route=\/wp\/v2\/posts\/101340","targetHints":{"allow":["GET"]}}],"collection":[{"href":"https:\/\/aconteceunovale.com.br\/portal\/index.php?rest_route=\/wp\/v2\/posts"}],"about":[{"href":"https:\/\/aconteceunovale.com.br\/portal\/index.php?rest_route=\/wp\/v2\/types\/post"}],"author":[{"embeddable":true,"href":"https:\/\/aconteceunovale.com.br\/portal\/index.php?rest_route=\/wp\/v2\/users\/1"}],"replies":[{"embeddable":true,"href":"https:\/\/aconteceunovale.com.br\/portal\/index.php?rest_route=%2Fwp%2Fv2%2Fcomments&post=101340"}],"version-history":[{"count":0,"href":"https:\/\/aconteceunovale.com.br\/portal\/index.php?rest_route=\/wp\/v2\/posts\/101340\/revisions"}],"wp:featuredmedia":[{"embeddable":true,"href":"https:\/\/aconteceunovale.com.br\/portal\/index.php?rest_route=\/wp\/v2\/media\/101341"}],"wp:attachment":[{"href":"https:\/\/aconteceunovale.com.br\/portal\/index.php?rest_route=%2Fwp%2Fv2%2Fmedia&parent=101340"}],"wp:term":[{"taxonomy":"category","embeddable":true,"href":"https:\/\/aconteceunovale.com.br\/portal\/index.php?rest_route=%2Fwp%2Fv2%2Fcategories&post=101340"},{"taxonomy":"post_tag","embeddable":true,"href":"https:\/\/aconteceunovale.com.br\/portal\/index.php?rest_route=%2Fwp%2Fv2%2Ftags&post=101340"}],"curies":[{"name":"wp","href":"https:\/\/api.w.org\/{rel}","templated":true}]}}