{"id":101319,"date":"2016-11-07T16:02:31","date_gmt":"2016-11-07T19:02:31","guid":{"rendered":"http:\/\/aconteceunovale.com.br\/portal\/?p=101319"},"modified":"2016-11-07T16:02:31","modified_gmt":"2016-11-07T19:02:31","slug":"minas-gerais-tem-solo-fertil-para-startups","status":"publish","type":"post","link":"https:\/\/aconteceunovale.com.br\/portal\/?p=101319","title":{"rendered":"Minas Gerais tem solo f\u00e9rtil para startups"},"content":{"rendered":"<p>A terra do trem, do feij\u00e3o-tropeiro e do p\u00e3o de queijo tamb\u00e9m quer se tornar conhecida pelas startups. Esses empreendimentos, conceituados como empresas iniciantes de tecnologia, na pr\u00e1tica s\u00e3o muito mais do que isso, e, em Minas Gerais, em especial em Belo Horizonte, parecem encontrar solo f\u00e9rtil para germinar e crescer exponencialmente, tal qual o p\u00e9 de feij\u00e3o das hist\u00f3rias infantis.<\/p>\n<p>Para discutir os desafios para o crescimento dessas iniciativas, a Assembleia Legislativa de Minas Gerais (ALMG) promove o F\u00f3rum T\u00e9cnico Startups em Minas &#8211; A Constru\u00e7\u00e3o de uma Nova Pol\u00edtica P\u00fablica.<\/p>\n<p>A etapa final do evento ser\u00e1 realizada entre os dias 23 e 25\/11\/16, mas j\u00e1 foram feitos encontros regionais em quatro cidades do interior do Estado: Santa Rita do Sapuca\u00ed (Sul de Minas), Uberl\u00e2ndia (Tri\u00e2ngulo Mineiro), Vi\u00e7osa (Zona da Mata) e Montes Claros (Norte de Minas).<\/p>\n<p>Pesquisa mundial feita pelo Global Entrepreneurship Monitor (GEM), considerado o maior estudo unificado de atividade empreendedora no mundo, aponta que o Brasil est\u00e1 entre os pa\u00edses que mais empreendem no mundo.<\/p>\n<p>S\u00e3o mais de 4 mil startups instaladas, sendo que em S\u00e3o Paulo localizam-se 31% do total das iniciativas brasileiras e 20 parques de tecnologia. Mas, se em Minas Gerais o ecossistema \u00e9 menor, a coes\u00e3o \u00e9 fator de maior peso.<\/p>\n<p>O Estado ocupa o 2\u00ba lugar no ranking, atualmente com mais de 350 startups. E San Pedro Valley, que fica em Belo Horizonte, ganhou por dois anos consecutivos o pr\u00eamio de melhor comunidade do setor no Pa\u00eds pelo Spark Awards, maior premia\u00e7\u00e3o para empreendedores da Am\u00e9rica Latina, organizada pela Associa\u00e7\u00e3o Brasileira de Startups, em parceria com a Microsoft Brasil.<\/p>\n<p>A diretora-geral do Startups and Entrepreneurship Ecosystem Development (Seed, ou semente, em ingl\u00eas), Silvana de Ara\u00fajo Marques Braga, aponta que o Estado destaca-se por ser um grande produtor de conhecimento, com v\u00e1rias universidades importantes. &#8220;Al\u00e9m disso, as reuni\u00f5es acontecem de forma org\u00e2nica, com todos se ajudando e colaborando ativamente&#8221;, lembra.<\/p>\n<p>Empreendedor e membro do San Pedro Valley, Matt Montenegro tamb\u00e9m destaca a harmonia e a sinergia entre os atores envolvidos no ecossistema mineiro. A San Pedro Valley, comunidade formada por mais de 200 startups de diversos setores, formou-se de maneira espont\u00e2nea no bairro de mesmo nome (S\u00e3o Pedro) e \u00e9 o principal ponto de encontro entre os empreendedores do Estado.<\/p>\n<p>&#8220;Come\u00e7ou como uma brincadeira com o Vale do Sil\u00edcio e agora \u00e9 uma rede de divulga\u00e7\u00e3o e encontros informais, sem representante, sem sede, nada formal&#8221;, conta Matt.<\/p>\n<p>A rede resultou na cria\u00e7\u00e3o de um site que possibilita aos empreendedores que cadastrem suas institui\u00e7\u00f5es e disponibiliza vagas de trabalho de integrantes do grupo.<\/p>\n<p><img decoding=\"async\" src=\"http:\/\/aconteceunovale.com.br\/portal\/wp-content\/uploads\/2016\/11\/san_pedro_valley.jpg\" alt=\"\" \/><em>Minas ocupa o 2\u00ba lugar no ranking nacional de startups, com mais de 350 empresas, e San Pedro Valley, em BH, foi considerada por dois anos a melhor comunidade do setor no Pa\u00eds &#8211; Foto: Guilherme Dardanhan\/ALMG<\/em><br \/>\n<\/br><\/p>\n<p><strong>Apoio em diversos programas<\/strong><\/p>\n<p>Segundo previs\u00e3o de Richard Foster e Sarah Kaplan no livro &#8220;Creative Destruction: Why companies that are built to last underperform the market&#8221; (em uma tradu\u00e7\u00e3o livre, Destrui\u00e7\u00e3o Criativa: Por que empresas que s\u00e3o constru\u00eddas para durar decepcionam o mercado), em 2020, mais de 75% das 500 maiores empresas do ranking feito pela Standard &#038; Poor\u2019s Dow Jones, que publica an\u00e1lises e pesquisas sobre bolsas de valores e t\u00edtulos, ser\u00e3o marcas que n\u00e3o conhecemos hoje.<\/p>\n<p>Quem destaca essa intrigante previs\u00e3o \u00e9 o coordenador executivo do Lemonade, Aluir Dias. O Lemonade \u00e9 uma iniciativa de p\u00f3s-acelera\u00e7\u00e3o, que tem como objetivo ajudar essas organiza\u00e7\u00f5es a serem bem-sucedidas em sua caminhada. \u201cO programa faz parte do esfor\u00e7o para sanar o problema hist\u00f3rico que \u00e9 a dist\u00e2ncia entre as pesquisas desenvolvidas na universidade e o mercado de consumo\u201d, explica.<\/p>\n<p>Mas nem sempre as melhores ideias est\u00e3o nas faculdades. Para os empreendedores que n\u00e3o t\u00eam condi\u00e7\u00f5es de tirar os seus sonhos do papel e n\u00e3o est\u00e3o no meio acad\u00eamico, tamb\u00e9m h\u00e1 esperan\u00e7a. Existem iniciativas nacionais, como o Startup Brasil. Em Belo Horizonte, conforme Aluir Dias, a melhor forma de come\u00e7ar \u00e9 o Startup Weekend, que precede o Lemonade.<\/p>\n<p>Durante o Startup Weekend, realizado pela \u00faltima vez em agosto, os empreendedores t\u00eam a oportunidade de apresentar seus projetos a mentores de sucesso, e os tr\u00eas primeiros colocados v\u00e3o automaticamente para a primeira fase do Lemonade.<\/p>\n<p>No Lemonade, um m\u00eas depois do Startup Weekend, acontece a formata\u00e7\u00e3o das equipes, que precisam ser multidisciplinares. A partir da\u00ed, s\u00e3o cinco semanas em cursos de modelagem de neg\u00f3cios. Apenas 20 organiza\u00e7\u00f5es seguem para a fase 2, ap\u00f3s uma banca de avalia\u00e7\u00e3o.<\/p>\n<p>Os empreendedores ent\u00e3o passam a ser orientados nas \u00e1reas de t\u00e9cnicas operacionais de gest\u00e3o e mercado, sendo que o encerramento do programa acontece no Demoday, no qual sete startups sobem ao palco, ap\u00f3s sorteio, e as melhores recebem investimentos.<\/p>\n<p><strong>Seed<\/strong> &#8211; Outro programa de apoio aos empreendedores mineiros \u00e9 o Seed, que tamb\u00e9m atende iniciativas nacionais ou estrangeiras, desde que desenvolvam projetos de neg\u00f3cio de base tecnol\u00f3gica em Minas Gerais.<\/p>\n<p>Localizado no Espa\u00e7o CentoeQuatro, no Centro da Capital, a iniciativa do Governo de Minas est\u00e1 em sua terceira rodada, atendendo atualmente 40 startups, j\u00e1 tendo contemplado 170 ao todo, desde 2013.<\/p>\n<p>O processo de sele\u00e7\u00e3o \u00e9 por meio de edital p\u00fablico e o programa possui tr\u00eas n\u00edveis de maturidade: valida\u00e7\u00e3o de produto, de mercado e vendas.<\/p>\n<p>&#8220;S\u00e3o feitas entrevistas e bancas com agentes de acelera\u00e7\u00e3o, o que resulta na montagem de um plano individualizado para cada startup. Ao final, todos t\u00eam de estar no mesmo n\u00edvel. Na metade do programa acontece a banca de corte, na qual 10% das empresas participantes devem ser cortadas&#8221;, conta a diretora-geral do Seed, Silvana Braga.<\/p>\n<p><strong>Techmall<\/strong> &#8211; A acelera\u00e7\u00e3o pelo Seed pode acontecer no pr\u00f3prio Espa\u00e7o CentoeQuatro ou dentro do Techmall, pr\u00e9dio no bairro Floresta que tamb\u00e9m recebe as institui\u00e7\u00f5es provenientes da pr\u00e9-acelera\u00e7\u00e3o do Lemonade.<\/p>\n<p>O processo consiste no aprimoramento dos produtos para venda, ou seja, na implanta\u00e7\u00e3o da cadeia de desenvolvimento de neg\u00f3cios. Essa \u00e9 a \u00faltima etapa antes de a organiza\u00e7\u00e3o dar seus passos por conta pr\u00f3pria no mercado e pode durar, incluindo a incuba\u00e7\u00e3o, at\u00e9 um ano.<\/p>\n<p>Conforme explica o CEO do Techmall, Vin\u00edcius Roman, dentre os diversos investidores podem ser destacados Sebrae, Funda\u00e7\u00e3o de Amparo \u00e0 Pesquisa de Minas Gerais (Fapemig), Secretaria de Estado de Desenvolvimento Econ\u00f4mico, Ci\u00eancia, Tecnologia e Ensino Superior e Fundepar, gestora de projetos de investimentos ligada \u00e0 Funda\u00e7\u00e3o de Desenvolvimento e Pesquisa (Fundep-UFMG).<\/p>\n<p><strong>Sebrae<\/strong> &#8211; Em formato semelhante ao Startup Weekend, o Servi\u00e7o Brasileiro de Apoio \u00e0s Micro e Pequenas Empresas (Sebrae) realizou, no final de setembro, a primeira edi\u00e7\u00e3o do Sebrae Startup Day, que aconteceu simultaneamente em 48 cidades.<\/p>\n<p>Os participantes puderam trocar experi\u00eancias por meio de palestras, debates, encontros e hangouts, al\u00e9m de realizar atividades pr\u00e1ticas (workshops, oficinas, treinamentos) e meetups, encontros com os principais atores do ecossistema para networking.<\/p>\n<p><strong>Biominas<\/strong> &#8211; Empreendedores mineiros t\u00eam diversas op\u00e7\u00f5es para tirar suas ideias do papel, mas para pesquisadores da \u00e1rea de neg\u00f3cios de impacto em ci\u00eancias da vida, os programas de pr\u00e9-acelera\u00e7\u00e3o, acelera\u00e7\u00e3o e incuba\u00e7\u00e3o n\u00e3o s\u00e3o t\u00e3o eficazes.<\/p>\n<p>Por isso, a Biominas oferece orienta\u00e7\u00e3o e infraestrutura mais adequadas a ideias com demandas diferenciadas, como foi o caso da Myleus, que realiza testes de DNA em alimentos com o objetivo de detectar fraudes alimentares.<\/p>\n<p>\u201cFraude alimentar \u00e9 quando o consumidor leva &#8216;gato por lebre&#8217;: consome um peixe que lhe dizem ser salm\u00e3o, mas na verdade \u00e9 outro peixe; queijo de cabra que tem leite de vaca; madeira de lei que na verdade \u00e9 de m\u00e1 qualidade. Al\u00e9m da quest\u00e3o econ\u00f4mica, \u00e9 preciso considerar tamb\u00e9m preju\u00edzos \u00e0 sa\u00fade, no caso de alergias, por exemplo\u201d, ressalta a CEO da Myleus, Marcela Gon\u00e7alves Drummond.<\/p>\n<p><em>(Fonte: ALMG)<\/em><\/p>\n","protected":false},"excerpt":{"rendered":"<p>A terra do trem, do feij\u00e3o-tropeiro e do p\u00e3o de queijo tamb\u00e9m quer se tornar conhecida pelas startups. Esses empreendimentos, conceituados como empresas iniciantes de tecnologia, na pr\u00e1tica s\u00e3o muito mais do que isso, e, em Minas Gerais, em especial em Belo Horizonte, parecem encontrar solo f\u00e9rtil para germinar e crescer exponencialmente, tal qual o [&hellip;]<\/p>\n","protected":false},"author":1,"featured_media":101320,"comment_status":"open","ping_status":"closed","sticky":false,"template":"","format":"standard","meta":{"amp_status":"","footnotes":""},"categories":[123,40247],"tags":[124839,752,24358,124842,194,124850,124851,124847,124843,124848,122386,122387,124840,85402,124852,124844,124838,210,124845,95107,9546,124846,176,4413,124841,9191,95109,95111,124849,221,18771],"class_list":["post-101319","post","type-post","status-publish","format-standard","has-post-thumbnail","hentry","category-gerais","category-tecnologia-2","tag-a-construcao-de-uma-nova-politica-publica","tag-almg","tag-assembleia-legislativa-de-minas-gerais","tag-associacao-brasileira-de-startups","tag-belo-horizonte","tag-biominas","tag-ceo-da-myleus","tag-creative-destruction-why-companies-that-are-built-to-last-underperform-the-market","tag-empreendedor-e-membro-do-san-pedro-valley","tag-espaco-centoequatro","tag-forum-tecnico-startups-em-minas","tag-forum-tecnico-startups-em-minas-a-construcao-de-uma-nova-politica-publica","tag-gem","tag-global-entrepreneurship-monitor","tag-marcela-goncalves-drummond","tag-matt-montenegro","tag-minas-gerais-tem-solo-fertil-para-startups","tag-montes-claros","tag-richard-foster","tag-san-pedro-valley","tag-santa-rita-do-sapucai","tag-sarah-kaplan","tag-sebrae","tag-seed","tag-spark-awards","tag-startup-weekend","tag-startups","tag-startups-em-minas-gerais","tag-techmall","tag-uberlandia","tag-vicosa"],"_links":{"self":[{"href":"https:\/\/aconteceunovale.com.br\/portal\/index.php?rest_route=\/wp\/v2\/posts\/101319","targetHints":{"allow":["GET"]}}],"collection":[{"href":"https:\/\/aconteceunovale.com.br\/portal\/index.php?rest_route=\/wp\/v2\/posts"}],"about":[{"href":"https:\/\/aconteceunovale.com.br\/portal\/index.php?rest_route=\/wp\/v2\/types\/post"}],"author":[{"embeddable":true,"href":"https:\/\/aconteceunovale.com.br\/portal\/index.php?rest_route=\/wp\/v2\/users\/1"}],"replies":[{"embeddable":true,"href":"https:\/\/aconteceunovale.com.br\/portal\/index.php?rest_route=%2Fwp%2Fv2%2Fcomments&post=101319"}],"version-history":[{"count":0,"href":"https:\/\/aconteceunovale.com.br\/portal\/index.php?rest_route=\/wp\/v2\/posts\/101319\/revisions"}],"wp:featuredmedia":[{"embeddable":true,"href":"https:\/\/aconteceunovale.com.br\/portal\/index.php?rest_route=\/wp\/v2\/media\/101320"}],"wp:attachment":[{"href":"https:\/\/aconteceunovale.com.br\/portal\/index.php?rest_route=%2Fwp%2Fv2%2Fmedia&parent=101319"}],"wp:term":[{"taxonomy":"category","embeddable":true,"href":"https:\/\/aconteceunovale.com.br\/portal\/index.php?rest_route=%2Fwp%2Fv2%2Fcategories&post=101319"},{"taxonomy":"post_tag","embeddable":true,"href":"https:\/\/aconteceunovale.com.br\/portal\/index.php?rest_route=%2Fwp%2Fv2%2Ftags&post=101319"}],"curies":[{"name":"wp","href":"https:\/\/api.w.org\/{rel}","templated":true}]}}