{"id":101305,"date":"2016-11-07T14:58:36","date_gmt":"2016-11-07T17:58:36","guid":{"rendered":"http:\/\/aconteceunovale.com.br\/portal\/?p=101305"},"modified":"2016-11-07T20:30:32","modified_gmt":"2016-11-07T23:30:32","slug":"colisao-frontal-entre-dois-caminhoes-deixa-um-morto-e-dois-feridos-na-br-116-no-vale-do-jequitinhonha","status":"publish","type":"post","link":"https:\/\/aconteceunovale.com.br\/portal\/?p=101305","title":{"rendered":"Colis\u00e3o frontal entre dois caminh\u00f5es deixa um morto e dois feridos na BR-116, no Vale do Jequitinhonha"},"content":{"rendered":"<p>A colis\u00e3o entre dois caminh\u00f5es deixou um homem de 64 anos morto e dois, de 18 e 52 anos, levemente feridos, na madrugada desta segunda-feira (07\/11\/2016), na BR-116, pr\u00f3ximo a Itaobim, no Vale do Jequitinhonha. Segundo informa\u00e7\u00f5es da Pol\u00edcia Rodovi\u00e1ria Federal (PRF), o tr\u00e2nsito no local ficou parcialmente interditado por cerca de cinco horas.<\/p>\n<p>A PRF informou que um caminh\u00e3o que transportava balas de Oliveira (MG) para a Bahia, fazia uma ultrapassagem, no km 109 da rodovia, quando colidiu frontalmente contra o outro ve\u00edculo, que transportava uma carga de mudan\u00e7a, de Medina para Belo Horizonte. Com o impacto da batida, o motorista do caminh\u00e3o de mudan\u00e7as morreu no local. O passageiro que estava com ele, de 18 anos, e o outro motorista, de 52 anos, tiveram ferimentos leves.<\/p>\n<p>O Servi\u00e7o de Atendimento M\u00f3vel de Urg\u00eancia (SAMU) esteve no local e levou os feridos para o hospital de Itaobim. O corpo do idoso foi levado para o Instituto M\u00e9dico Legal (IML) em Almenara (MG). Segundo a pol\u00edcia, as cargas ficaram espalhadas na pista, mas s\u00f3 a de balas foi saqueada. O tr\u00e2nsito no local j\u00e1 foi liberado e os caminh\u00f5es foram removidos para um p\u00e1tio de Itaobim.<\/p>\n<p><img decoding=\"async\" src=\"http:\/\/aconteceunovale.com.br\/portal\/wp-content\/uploads\/2016\/11\/acidente_itaobim_7novembro_1.jpg\" alt=\"\" \/><em>Acidente aconteceu no km 190 da BR-116 (Foto: Cedida por Micharles Almeida\/Auto Socorro Chapolim)<\/em><br \/>\n<\/br><\/p>\n<p><img decoding=\"async\" src=\"http:\/\/aconteceunovale.com.br\/portal\/wp-content\/uploads\/2016\/11\/acidente_itaobim_7novembro_2.jpg\" alt=\"\" \/><em>Acidente aconteceu no km 190 da BR-116 (Foto: Cedida por Micharles Almeida\/Auto Socorro Chapolim)<\/em><br \/>\n<\/br><\/p>\n<p><img decoding=\"async\" src=\"http:\/\/aconteceunovale.com.br\/portal\/wp-content\/uploads\/2016\/11\/acidente_itaobim_7novembro_3.jpg\" alt=\"\" \/><em>Acidente aconteceu no km 190 da BR-116 (Foto: Cedida por Micharles Almeida\/Auto Socorro Chapolim)<\/em><br \/>\n<\/br><\/p>\n<p><em>(Com informa\u00e7\u00f5es do G1 dos Vales)<\/em><\/p>\n","protected":false},"excerpt":{"rendered":"<p>A colis\u00e3o entre dois caminh\u00f5es deixou um homem de 64 anos morto e dois, de 18 e 52 anos, levemente feridos, na madrugada desta segunda-feira (07\/11\/2016), na BR-116, pr\u00f3ximo a Itaobim, no Vale do Jequitinhonha. Segundo informa\u00e7\u00f5es da Pol\u00edcia Rodovi\u00e1ria Federal (PRF), o tr\u00e2nsito no local ficou parcialmente interditado por cerca de cinco horas. A [&hellip;]<\/p>\n","protected":false},"author":1,"featured_media":101307,"comment_status":"open","ping_status":"closed","sticky":false,"template":"","format":"standard","meta":{"amp_status":"","footnotes":""},"categories":[120],"tags":[124823,124825,124824,124822,39899,3945,124821,124820,8703,124819,194,124826,124827,124829,124828,391,389,10060],"class_list":["post-101305","post","type-post","status-publish","format-standard","has-post-thumbnail","hentry","category-jequi","tag-acidente-com-caminhao-de-balas-de-oliveira","tag-acidente-com-caminhao-de-medina","tag-acidente-com-caminhao-de-mudancas-de-medina","tag-acidente-com-caminhao-de-oliveira","tag-acidente-entre-caminhoes-em-itaobim","tag-acidente-na-br-116","tag-acidente-na-br-116-perto-de-itaobim","tag-acidente-na-br-116-proximo-a-itaobim","tag-acidente-perto-de-itaobim","tag-acidente-proximo-a-itaobim","tag-belo-horizonte","tag-colisao-frontal-entre-dois-caminhoes-deixa-um-morto-e-dois-feridos-na-br-116","tag-colisao-frontal-entre-dois-caminhoes-deixa-um-morto-e-dois-feridos-na-br-116-em-itaobim","tag-colisao-frontal-entre-dois-caminhoes-deixa-um-morto-e-dois-feridos-na-br-116-no-vale-do-jequitinhonha","tag-colisao-frontal-entre-dois-caminhoes-deixa-um-morto-e-dois-feridos-na-br-116-proximo-a-itaobim","tag-itaobim","tag-medina","tag-oliveira"],"_links":{"self":[{"href":"https:\/\/aconteceunovale.com.br\/portal\/index.php?rest_route=\/wp\/v2\/posts\/101305","targetHints":{"allow":["GET"]}}],"collection":[{"href":"https:\/\/aconteceunovale.com.br\/portal\/index.php?rest_route=\/wp\/v2\/posts"}],"about":[{"href":"https:\/\/aconteceunovale.com.br\/portal\/index.php?rest_route=\/wp\/v2\/types\/post"}],"author":[{"embeddable":true,"href":"https:\/\/aconteceunovale.com.br\/portal\/index.php?rest_route=\/wp\/v2\/users\/1"}],"replies":[{"embeddable":true,"href":"https:\/\/aconteceunovale.com.br\/portal\/index.php?rest_route=%2Fwp%2Fv2%2Fcomments&post=101305"}],"version-history":[{"count":0,"href":"https:\/\/aconteceunovale.com.br\/portal\/index.php?rest_route=\/wp\/v2\/posts\/101305\/revisions"}],"wp:featuredmedia":[{"embeddable":true,"href":"https:\/\/aconteceunovale.com.br\/portal\/index.php?rest_route=\/wp\/v2\/media\/101307"}],"wp:attachment":[{"href":"https:\/\/aconteceunovale.com.br\/portal\/index.php?rest_route=%2Fwp%2Fv2%2Fmedia&parent=101305"}],"wp:term":[{"taxonomy":"category","embeddable":true,"href":"https:\/\/aconteceunovale.com.br\/portal\/index.php?rest_route=%2Fwp%2Fv2%2Fcategories&post=101305"},{"taxonomy":"post_tag","embeddable":true,"href":"https:\/\/aconteceunovale.com.br\/portal\/index.php?rest_route=%2Fwp%2Fv2%2Ftags&post=101305"}],"curies":[{"name":"wp","href":"https:\/\/api.w.org\/{rel}","templated":true}]}}