{"id":101269,"date":"2016-11-07T08:04:27","date_gmt":"2016-11-07T11:04:27","guid":{"rendered":"http:\/\/aconteceunovale.com.br\/portal\/?p=101269"},"modified":"2016-11-07T08:04:27","modified_gmt":"2016-11-07T11:04:27","slug":"previsao-do-tempo-para-minas-gerais-nesta-segunda-feira-7-de-novembro","status":"publish","type":"post","link":"https:\/\/aconteceunovale.com.br\/portal\/?p=101269","title":{"rendered":"Previs\u00e3o do tempo para Minas Gerais, nesta segunda-feira, 7 de novembro"},"content":{"rendered":"<h4><em><strong>C\u00e9u nublado e previs\u00e3o de chuvas para todas as regi\u00f5es do estado. Na capital, umidade relativa do ar chega a 65%.<\/strong><\/em><\/h4>\n<p>Nesta segunda-feira (7\/11) as condi\u00e7\u00f5es meteorol\u00f3gicas s\u00e3o favor\u00e1veis \u00e0 ocorr\u00eancia de pancadas de chuva em parte do Brasil central. Em Minas Gerais a semana come\u00e7a com tempo nublado e h\u00e1 previs\u00e3o de chuvas para toda as regi\u00f5es.<\/p>\n<p>Na Regi\u00e3o Metropolitana e na capital mineira o dia ser\u00e1 de tempo nublado, com chuvas localizadas. Em Belo Horizonte a temperatura deve variar entre 16\u00b0C e 27\u00b0C, com umidade do ar \u00e0 tarde na casa dos 65%.<\/p>\n<p>Ao longo da semana a tend\u00eancia \u00e9 de tempo inst\u00e1vel em todas as regi\u00f5es mineiras.<\/p>\n","protected":false},"excerpt":{"rendered":"<p>C\u00e9u nublado e previs\u00e3o de chuvas para todas as regi\u00f5es do estado. Na capital, umidade relativa do ar chega a 65%. Nesta segunda-feira (7\/11) as condi\u00e7\u00f5es meteorol\u00f3gicas s\u00e3o favor\u00e1veis \u00e0 ocorr\u00eancia de pancadas de chuva em parte do Brasil central. Em Minas Gerais a semana come\u00e7a com tempo nublado e h\u00e1 previs\u00e3o de chuvas para [&hellip;]<\/p>\n","protected":false},"author":1,"featured_media":101017,"comment_status":"open","ping_status":"closed","sticky":false,"template":"","format":"standard","meta":{"amp_status":"","footnotes":""},"categories":[123],"tags":[124792,194,131,44471,1956,27340,124797,86833,124796,1839,124794,28170,124793,124795],"class_list":["post-101269","post","type-post","status-publish","format-standard","has-post-thumbnail","hentry","category-gerais","tag-7-de-novembro","tag-belo-horizonte","tag-minas-gerais","tag-nesta-segunda-feira","tag-previsao-do-tempo","tag-previsao-do-tempo-para-belo-horizonte","tag-previsao-do-tempo-para-belo-horizonte-7-de-novembro","tag-previsao-do-tempo-para-belo-horizonte-nesta-segunda-feira","tag-previsao-do-tempo-para-belo-horizonte-nesta-segunda-feira-7-de-novembro","tag-previsao-do-tempo-para-minas-gerais","tag-previsao-do-tempo-para-minas-gerais-7-de-novembro","tag-previsao-do-tempo-para-minas-gerais-nesta-segunda-feira","tag-previsao-do-tempo-para-minas-gerais-nesta-segunda-feira-7-de-novembro","tag-segunda-feira-7-de-novembro"],"_links":{"self":[{"href":"https:\/\/aconteceunovale.com.br\/portal\/index.php?rest_route=\/wp\/v2\/posts\/101269","targetHints":{"allow":["GET"]}}],"collection":[{"href":"https:\/\/aconteceunovale.com.br\/portal\/index.php?rest_route=\/wp\/v2\/posts"}],"about":[{"href":"https:\/\/aconteceunovale.com.br\/portal\/index.php?rest_route=\/wp\/v2\/types\/post"}],"author":[{"embeddable":true,"href":"https:\/\/aconteceunovale.com.br\/portal\/index.php?rest_route=\/wp\/v2\/users\/1"}],"replies":[{"embeddable":true,"href":"https:\/\/aconteceunovale.com.br\/portal\/index.php?rest_route=%2Fwp%2Fv2%2Fcomments&post=101269"}],"version-history":[{"count":0,"href":"https:\/\/aconteceunovale.com.br\/portal\/index.php?rest_route=\/wp\/v2\/posts\/101269\/revisions"}],"wp:featuredmedia":[{"embeddable":true,"href":"https:\/\/aconteceunovale.com.br\/portal\/index.php?rest_route=\/wp\/v2\/media\/101017"}],"wp:attachment":[{"href":"https:\/\/aconteceunovale.com.br\/portal\/index.php?rest_route=%2Fwp%2Fv2%2Fmedia&parent=101269"}],"wp:term":[{"taxonomy":"category","embeddable":true,"href":"https:\/\/aconteceunovale.com.br\/portal\/index.php?rest_route=%2Fwp%2Fv2%2Fcategories&post=101269"},{"taxonomy":"post_tag","embeddable":true,"href":"https:\/\/aconteceunovale.com.br\/portal\/index.php?rest_route=%2Fwp%2Fv2%2Ftags&post=101269"}],"curies":[{"name":"wp","href":"https:\/\/api.w.org\/{rel}","templated":true}]}}