{"id":101251,"date":"2016-11-06T20:31:38","date_gmt":"2016-11-06T23:31:38","guid":{"rendered":"http:\/\/aconteceunovale.com.br\/portal\/?p=101251"},"modified":"2016-11-06T20:35:39","modified_gmt":"2016-11-06T23:35:39","slug":"policial-atira-na-propria-cabeca-durante-brincadeira-com-arma-em-itinga-no-vale-do-jequitinhonha","status":"publish","type":"post","link":"https:\/\/aconteceunovale.com.br\/portal\/?p=101251","title":{"rendered":"Policial atira na pr\u00f3pria cabe\u00e7a durante brincadeira com arma em Itinga, no Vale do Jequitinhonha"},"content":{"rendered":"<p>Um Cabo da Pol\u00edcia Militar (PM) morreu na madrugada deste domingo, 6 de novembro de 2016, durante uma brincadeira com arma de fogo em Itinga, no Vale do Jequitinhonha. Segundo informa\u00e7\u00f5es da PM, testemunhas relataram que Vicente de Paula Ara\u00fajo, de 34 anos, participava de um churrasco com amigos e familiares, quando teria efetuado um disparo e retirado o carregador da arma.<\/p>\n<p>Em a\u00e7\u00e3o cont\u00ednua, o militar apontou a arma em dire\u00e7\u00e3o \u00e0 pr\u00f3pria cabe\u00e7a, acima da orelha direita, e disse que n\u00e3o teria problema, vindo a puxar o gatilho. Infelizmente, mesmo tento retirado o carregador, a pistola permaneceu municiada e um projetil atingiu o policial, que recebeu os primeiros socorros de uma enfermeira que se encontrava no local.<\/p>\n<p>Vicente de Paula foi socorrido em uma ambul\u00e2ncia da Prefeitura Municipal de Itinga e levado inicialmente para uma unidade de sa\u00fade do munic\u00edpio. Devido \u00e0 gravidade do ferimento, foi transferido para o Hospital de Itaobim, mas n\u00e3o resistiu e veio a \u00f3bito. O corpo do militar foi encaminhado para o Instituto M\u00e9dico Legal (IML) em Te\u00f3filo Otoni. <\/p>\n<p>Ainda segundo a PM, testemunhas informaram que o Cabo De Paula teria feito uso de bebidas alco\u00f3licas. Antes do incidente, amigos pediram para que o militar n\u00e3o brincasse com a arma, mas ele teria afirmado que era seguro.<\/p>\n<p>O policial entrou para a PMMG em 2008, na cidade de Te\u00f3filo Otoni, e atualmente estava lotado em Ubaporanga. Ele residia em Caratinga e deixou a esposa gr\u00e1vida de 05 (cinco) meses.<\/p>\n<p><img decoding=\"async\" src=\"http:\/\/aconteceunovale.com.br\/portal\/wp-content\/uploads\/2016\/11\/morte_pm_ubaporanga.jpg\" alt=\"\" \/><em>Cabo De Paula tinha 34 anos e trabalhava em Ubaporanga (Foto: Divulga\u00e7\u00e3o)<\/em><\/p>\n","protected":false},"excerpt":{"rendered":"<p>Um Cabo da Pol\u00edcia Militar (PM) morreu na madrugada deste domingo, 6 de novembro de 2016, durante uma brincadeira com arma de fogo em Itinga, no Vale do Jequitinhonha. Segundo informa\u00e7\u00f5es da PM, testemunhas relataram que Vicente de Paula Ara\u00fajo, de 34 anos, participava de um churrasco com amigos e familiares, quando teria efetuado um [&hellip;]<\/p>\n","protected":false},"author":1,"featured_media":101253,"comment_status":"open","ping_status":"closed","sticky":false,"template":"","format":"standard","meta":{"amp_status":"","footnotes":""},"categories":[121,120],"tags":[124774,124776,124775,124761,391,189,124766,124764,124763,124769,124765,124767,124762,124771,124770,164,331,124768,124773,124772],"class_list":["post-101251","post","type-post","status-publish","format-standard","has-post-thumbnail","hentry","category-leste","category-jequi","tag-cabo-de-paula","tag-cabo-de-paula-atira-na-propria-cabeca","tag-cabo-de-paula-tiro-na-cabeca","tag-cb-de-paula","tag-itaobim","tag-itinga","tag-morte-de-cabo-da-pm-em-itinga","tag-morte-de-militar-em-itinga","tag-morte-de-pm-em-itinga","tag-morte-de-policial-de-ubaporanga","tag-morte-de-policial-em-itinga","tag-morte-de-policial-militar-em-itinga","tag-policial-atira-na-propria-cabeca-durante-brincadeira-com-arma-em-itinga","tag-policial-atira-na-propria-cabeca-em-itinga","tag-policial-de-ubaporanga-atira-na-propria-cabeca","tag-teofilo-otoni","tag-ubaporanga","tag-vicente-de-paula-araujo","tag-vicente-de-paula-araujo-atira-na-propria-cabeca","tag-vicente-de-paula-araujo-tiro-na-cabeca"],"_links":{"self":[{"href":"https:\/\/aconteceunovale.com.br\/portal\/index.php?rest_route=\/wp\/v2\/posts\/101251","targetHints":{"allow":["GET"]}}],"collection":[{"href":"https:\/\/aconteceunovale.com.br\/portal\/index.php?rest_route=\/wp\/v2\/posts"}],"about":[{"href":"https:\/\/aconteceunovale.com.br\/portal\/index.php?rest_route=\/wp\/v2\/types\/post"}],"author":[{"embeddable":true,"href":"https:\/\/aconteceunovale.com.br\/portal\/index.php?rest_route=\/wp\/v2\/users\/1"}],"replies":[{"embeddable":true,"href":"https:\/\/aconteceunovale.com.br\/portal\/index.php?rest_route=%2Fwp%2Fv2%2Fcomments&post=101251"}],"version-history":[{"count":0,"href":"https:\/\/aconteceunovale.com.br\/portal\/index.php?rest_route=\/wp\/v2\/posts\/101251\/revisions"}],"wp:featuredmedia":[{"embeddable":true,"href":"https:\/\/aconteceunovale.com.br\/portal\/index.php?rest_route=\/wp\/v2\/media\/101253"}],"wp:attachment":[{"href":"https:\/\/aconteceunovale.com.br\/portal\/index.php?rest_route=%2Fwp%2Fv2%2Fmedia&parent=101251"}],"wp:term":[{"taxonomy":"category","embeddable":true,"href":"https:\/\/aconteceunovale.com.br\/portal\/index.php?rest_route=%2Fwp%2Fv2%2Fcategories&post=101251"},{"taxonomy":"post_tag","embeddable":true,"href":"https:\/\/aconteceunovale.com.br\/portal\/index.php?rest_route=%2Fwp%2Fv2%2Ftags&post=101251"}],"curies":[{"name":"wp","href":"https:\/\/api.w.org\/{rel}","templated":true}]}}