{"id":101147,"date":"2016-11-05T08:46:56","date_gmt":"2016-11-05T11:46:56","guid":{"rendered":"http:\/\/aconteceunovale.com.br\/portal\/?p=101147"},"modified":"2016-11-05T08:46:56","modified_gmt":"2016-11-05T11:46:56","slug":"forum-tecnico-sobre-startups-reune-empreendedores-em-montes-claros","status":"publish","type":"post","link":"https:\/\/aconteceunovale.com.br\/portal\/?p=101147","title":{"rendered":"F\u00f3rum t\u00e9cnico sobre startups re\u00fane empreendedores em Montes Claros"},"content":{"rendered":"<p>Nascido em Montes Claros, Norte de Minas, o m\u00e9dico cirurgi\u00e3o Luiz Fernando Veloso foi at\u00e9 mesmo \u00e0 Fran\u00e7a para se tornar um especialista em transplante de f\u00edgado e rins. Fiel \u00e0 sua terra, ele atua hoje na Santa Casa local e \u00e9 reconhecido na regi\u00e3o pela excel\u00eancia em sua \u00e1rea de atua\u00e7\u00e3o: salvar vidas. Mas, contagiado pelo v\u00edrus do empreendedorismo, em vez de colher os louros, resolveu sair da zona de conforto e se prepara para abrir uma startup.<\/p>\n<p>Nesta sexta-feira (4\/11\/16), ele foi um dos participantes da \u00faltima etapa regional do F\u00f3rum T\u00e9cnico Startups em Minas &#8211; A Constru\u00e7\u00e3o de uma Nova Pol\u00edtica P\u00fablica, realizado pela Assembleia Legislativa de Minas Gerais (ALMG) em parceria com institui\u00e7\u00f5es do poder p\u00fablico e da sociedade civil. As discuss\u00f5es aconteceram nas depend\u00eancias da Unimontes. Outras tr\u00eas cidades mineiras j\u00e1 sediaram o evento.<\/p>\n<p>Em meio \u00e0s discuss\u00f5es, umas das primeiras li\u00e7\u00f5es \u00e9 justamente o que fez Luiz Fernando: sair da zona de conforto e correr riscos atr\u00e1s de uma boa ideia. N\u00e3o \u00e0 toa, startups s\u00e3o organiza\u00e7\u00f5es projetadas para explorar novos produtos ou servi\u00e7os, sob condi\u00e7\u00f5es de extrema incerteza mercadol\u00f3gica.<\/p>\n<p>A ideia parece promissora, surgida da pr\u00f3pria rotina. Todo mundo sabe que m\u00e9dico \u00e9 um profissional bastante ocupado e a futura startup pretende atuar para tentar amenizar esse problema. O plano \u00e9 criar uma plataforma que ajude as pessoas a gerenciar melhor o tempo gasto com atividades rotineiras, mas indispens\u00e1veis, como fazer as compras do m\u00eas. Essas necessidades ser\u00e3o automatizadas, sem que isso represente uma experi\u00eancia menos individualizada.<\/p>\n<p><strong>Conforto <\/strong>\u2013 \u201cQueremos trazer mais conforto para a vida das pessoas. Se um m\u00e9dico n\u00e3o tem tempo para coisas assim, imagine um m\u00e9dico casado com uma m\u00e9dica\u201d, brinca Luiz Fernando. Ali\u00e1s, Conforto \u00e9 justamente o nome escolhido para a futura startup. Uma equipe j\u00e1 cuida da parte tecnol\u00f3gica do novo neg\u00f3cio, mas ele resolveu participar do f\u00f3rum t\u00e9cnico da ALMG para entender melhor o ecossistema do setor.<\/p>\n<p>Luiz Fernando ressalta que a experi\u00eancia de outros empreendedores pode ser um atalho para o sucesso. \u201cVim aqui aprender quais passos preciso dar. Precisamos de seguran\u00e7a jur\u00eddica para atuar\u201d, diz.<\/p>\n<p><strong>Legisla\u00e7\u00e3o <\/strong>\u2013 Nesse aspecto, o objetivo do f\u00f3rum \u00e9 colher sugest\u00f5es da sociedade para a cria\u00e7\u00e3o de uma pol\u00edtica estadual de est\u00edmulo ao desenvolvimento das startups, expressa no novo marco legal proposto pelo Projeto de Lei (PL) 3.578\/16, de autoria dos deputados Ant\u00f4nio Carlos Arantes e Dalmo Ribeiro Silva, ambos do PSDB.<\/p>\n<p>Em Montes Claros, ap\u00f3s um painel de contextualiza\u00e7\u00e3o com especialistas no setor, os participantes se dividiram em tr\u00eas grupos de trabalho que revisaram e aprovaram o documento de propostas, incluindo algumas in\u00e9ditas, e elegeram os representantes regionais para a etapa final, que acontecer\u00e1 na ALMG, entre 23 e 25 de novembro.<\/p>\n<p><img decoding=\"async\" src=\"http:\/\/aconteceunovale.com.br\/portal\/wp-content\/uploads\/2016\/11\/forum_moc.jpg\" alt=\"\" \/><em>\u00daltima etapa regional do f\u00f3rum foi realizada na Unimontes (Foto: Guilherme Dardanhan\/ALMG)<\/em><br \/>\n<\/br><\/p>\n<p><strong>Empreendedores relatam entraves e d\u00e3o conselhos<\/strong><\/p>\n<p>O destaque na abertura das discuss\u00f5es foi a apresenta\u00e7\u00e3o de algumas startups que, apesar das dificuldades, v\u00eam dando certo no Norte de Minas. \u00c9 o caso da AgroWet, que faz o monitoramento remoto da irriga\u00e7\u00e3o em propriedades rurais; da Advogar, que amplia o acesso de advogados \u00e0s publica\u00e7\u00f5es jur\u00eddicas; e da Entregar, que conecta motoboys a estabelecimentos do ramo aliment\u00edcio.<\/p>\n<p>Em cada uma delas, entraves, sucessos e conselhos. O desenvolvedor da AgroWet, Lucas Teixeira Moura Soares, reclama da alta tributa\u00e7\u00e3o, sobretudo em componentes importados, e da dificuldade no registro de patentes. Para super\u00e1-los, a empresa tem contado com a ajuda de uma incubadora.<\/p>\n<p>J\u00e1 o CEO da Embratec, desenvolvedora da Advogar, R\u00f4mulo Gomes Lima, uma startup n\u00e3o precisa de um grande centro para florescer, embora a burocracia seja um entrave em todo o Pa\u00eds. \u201cSou de Varzel\u00e2ndia (Norte de Minas) e j\u00e1 temos mais de 20 mil clientes em todo o Brasil. A cultura empreendedora muitas vezes nasce com a pessoa, mas \u00e9 poss\u00edvel desenvolv\u00ea-la. O ensino do empreendedorismo precisa recuar at\u00e9 o ensino m\u00e9dio\u201d, receita.<\/p>\n<p>O fundador do Entregar, Maycon Willer Ribeiro Machado, aconselha o futuro empreendedor a desistir da ilus\u00e3o de ficar rico da noite para o dia. \u201cA startup \u00e9 a nova onda do momento. Mas, o ecossistema n\u00e3o facilita, o glamour acaba logo e o dia a dia \u00e9 \u00e1rduo\u201d, alerta.<\/p>\n<p><strong>Consenso <\/strong>\u2013 O deputado Ant\u00f4nio Carlos Arantes coordenou os trabalhos e leu a mensagem enviada pelo presidente da ALMG, deputado Adalclever Lopes (PMDB), na qual ele considera as startups uma alternativa vi\u00e1vel para enfrentar a atual crise econ\u00f4mica. \u201cA necessidade desse projeto \u00e9 consensual e tem tudo para dar certo\u201d, destacou.<\/p>\n<p>O deputado Dalmo Ribeiro Silva tamb\u00e9m elogiou a interioriza\u00e7\u00e3o das discuss\u00f5es e convidou todos a participar da etapa estadual. \u201cEsse debate pode resultar na elimina\u00e7\u00e3o de gargalos como a redu\u00e7\u00e3o da carga tribut\u00e1ria\u201d, avalia.<\/p>\n<p>J\u00e1 o deputado Gil Pereira (PP) lembrou que Minas Gerais tem conseguido unir empreendedorismo e inova\u00e7\u00e3o tanto em iniciativas limitadas, como nas startups, ou ambiciosas, como a explora\u00e7\u00e3o da energia solar em escala industrial. Segundo ele, a constru\u00e7\u00e3o de uma planta de energia fotovoltaica em Pirapora (Norte de Minas) pode, no futuro, criar condi\u00e7\u00f5es para outras a\u00e7\u00f5es de pequenos empreendedores no ramo da energia sustent\u00e1vel.<\/p>\n<p><em>(Fonte: ALMG)<\/em><\/p>\n","protected":false},"excerpt":{"rendered":"<p>Nascido em Montes Claros, Norte de Minas, o m\u00e9dico cirurgi\u00e3o Luiz Fernando Veloso foi at\u00e9 mesmo \u00e0 Fran\u00e7a para se tornar um especialista em transplante de f\u00edgado e rins. Fiel \u00e0 sua terra, ele atua hoje na Santa Casa local e \u00e9 reconhecido na regi\u00e3o pela excel\u00eancia em sua \u00e1rea de atua\u00e7\u00e3o: salvar vidas. Mas, [&hellip;]<\/p>\n","protected":false},"author":1,"featured_media":101148,"comment_status":"open","ping_status":"closed","sticky":false,"template":"","format":"standard","meta":{"amp_status":"","footnotes":""},"categories":[125,1236],"tags":[124522,124521,752,124530,17372,24358,78983,124525,124520,124524,124523,124529,122386,122387,124527,26832,124519,124528,124518,210,124526,1713],"class_list":{"0":"post-101147","1":"post","2":"type-post","3":"status-publish","4":"format-standard","5":"has-post-thumbnail","6":"hentry","7":"category-noticias","8":"category-norte_de_minas","9":"tag-advogar","11":"tag-almg","12":"tag-almg-divulga-exemplos-de-empreendedorismo-em-montes-claros","13":"tag-antonio-carlos-arantes","14":"tag-assembleia-legislativa-de-minas-gerais","15":"tag-dalmo-ribeiro-silva","16":"tag-desenvolvedora-da-advogar","17":"tag-desenvolvimento-das-startups","18":"tag-embratec","19":"tag-entregar","20":"tag-forum-tecnico-sobre-startups-reune-empreendedores-em-montes-claros","21":"tag-forum-tecnico-startups-em-minas","22":"tag-forum-tecnico-startups-em-minas-a-construcao-de-uma-nova-politica-publica","23":"tag-fundador-do-entregar","24":"tag-lucas-teixeira-moura-soares","25":"tag-luiz-fernando-veloso","26":"tag-maycon-willer-ribeiro-machado","27":"tag-medico-cirurgiao-luiz-fernando-veloso","28":"tag-montes-claros","29":"tag-romulo-gomes-lima","30":"tag-varzelandia"},"_links":{"self":[{"href":"https:\/\/aconteceunovale.com.br\/portal\/index.php?rest_route=\/wp\/v2\/posts\/101147","targetHints":{"allow":["GET"]}}],"collection":[{"href":"https:\/\/aconteceunovale.com.br\/portal\/index.php?rest_route=\/wp\/v2\/posts"}],"about":[{"href":"https:\/\/aconteceunovale.com.br\/portal\/index.php?rest_route=\/wp\/v2\/types\/post"}],"author":[{"embeddable":true,"href":"https:\/\/aconteceunovale.com.br\/portal\/index.php?rest_route=\/wp\/v2\/users\/1"}],"replies":[{"embeddable":true,"href":"https:\/\/aconteceunovale.com.br\/portal\/index.php?rest_route=%2Fwp%2Fv2%2Fcomments&post=101147"}],"version-history":[{"count":0,"href":"https:\/\/aconteceunovale.com.br\/portal\/index.php?rest_route=\/wp\/v2\/posts\/101147\/revisions"}],"wp:featuredmedia":[{"embeddable":true,"href":"https:\/\/aconteceunovale.com.br\/portal\/index.php?rest_route=\/wp\/v2\/media\/101148"}],"wp:attachment":[{"href":"https:\/\/aconteceunovale.com.br\/portal\/index.php?rest_route=%2Fwp%2Fv2%2Fmedia&parent=101147"}],"wp:term":[{"taxonomy":"category","embeddable":true,"href":"https:\/\/aconteceunovale.com.br\/portal\/index.php?rest_route=%2Fwp%2Fv2%2Fcategories&post=101147"},{"taxonomy":"post_tag","embeddable":true,"href":"https:\/\/aconteceunovale.com.br\/portal\/index.php?rest_route=%2Fwp%2Fv2%2Ftags&post=101147"}],"curies":[{"name":"wp","href":"https:\/\/api.w.org\/{rel}","templated":true}]}}